{"id":17965,"date":"2025-10-24T04:44:33","date_gmt":"2025-10-24T04:44:33","guid":{"rendered":"https:\/\/alminutonoticia.com\/noticias\/?p=17965"},"modified":"2025-10-24T04:44:35","modified_gmt":"2025-10-24T04:44:35","slug":"nuevo-centro-de-especialidades-agropecuarias-inicia-funciones-en-marzo-de-2026","status":"publish","type":"post","link":"https:\/\/alminutonoticia.com\/noticias\/nuevo-centro-de-especialidades-agropecuarias-inicia-funciones-en-marzo-de-2026\/","title":{"rendered":"Nuevo Centro de Especialidades Agropecuarias inicia funciones en marzo de 2026"},"content":{"rendered":"\n<p>El Gobierno Nacional, que lidera el presidente Jos\u00e9 Ra\u00fal Mulino, anunci\u00f3 que a partir de marzo del a\u00f1o 2026, estar\u00e1 funcionando el Centro de Especialidades Agropecuarias (CEAGRO), una entidad creada bajo la figura de una Asociaci\u00f3n de Inter\u00e9s P\u00fablico (AIP), adscrita a la Secretar\u00eda Nacional de Ciencia, Tecnolog\u00eda e Innovaci\u00f3n (Senacyt), cuyo fin es transformar la formaci\u00f3n t\u00e9cnica agropecuaria en Panam\u00e1 y posicionar al pa\u00eds como un referente regional en innovaci\u00f3n, sostenibilidad y desarrollo del talento humano.<br>Durante el Consejo de Gabinete Ampliado, celebrado este jueves en Santiago de Veraguas, el asesor presidencial en temas agropecuarios, Oscar Osorio, explic\u00f3 que el proyecto ya cuenta con la aprobaci\u00f3n un\u00e1nime de la Junta Directiva de la Senacyt.<br>Adem\u00e1s, la directiva del CEAGRO-AIP qued\u00f3 conformada el pasado 8 de septiembre, tras lo cual se han realizado giras y actividades de presentaci\u00f3n del proyecto ante gremios del sector agropecuario, la Autoridad del Canal de Panam\u00e1, estudiantes y el sector privado.<br>Actualmente, se finaliza con el desarrollo de la oferta acad\u00e9mica, la convocatoria y selecci\u00f3n de los formadores y supervisores, y se afina el proceso de admisi\u00f3n, matr\u00edcula e inicio de clases.<br>Osorio explic\u00f3 que entre el 11 y el 22 de octubre las giras han llegado a las regiones educativas de Dari\u00e9n, Chiriqu\u00ed, Veraguas, comarca Ng\u00e4be Bugl\u00e9, Los Santos, Herrera y Cocl\u00e9. En estas regiones se hizo la preinscripci\u00f3n de 254 j\u00f3venes.<br>En los pr\u00f3ximos d\u00edas, se visitar\u00e1 Col\u00f3n, Panam\u00e1 Oeste, Panam\u00e1 Centro y Panam\u00e1 Este.<br>El CEAGRO-AIP estar\u00e1 establecido en la Ciudad del Saber, donde contar\u00e1 con aulas, laboratorios, dormitorios y espacios de pr\u00e1ctica dise\u00f1ados para ofrecer una experiencia formativa integral.<\/p>\n\n\n\n<figure class=\"wp-block-image size-full\"><a href=\"https:\/\/alminutonoticia.com\/noticias\/wp-content\/uploads\/2025\/10\/Imagen-de-WhatsApp-2025-10-23-a-las-23.07.34_b7e21f7b.jpg\"><img fetchpriority=\"high\" decoding=\"async\" width=\"1024\" height=\"682\" src=\"https:\/\/alminutonoticia.com\/noticias\/wp-content\/uploads\/2025\/10\/Imagen-de-WhatsApp-2025-10-23-a-las-23.07.34_b7e21f7b.jpg\" alt=\"\" class=\"wp-image-17966\" title=\"\" srcset=\"https:\/\/alminutonoticia.com\/noticias\/wp-content\/uploads\/2025\/10\/Imagen-de-WhatsApp-2025-10-23-a-las-23.07.34_b7e21f7b.jpg 1024w, https:\/\/alminutonoticia.com\/noticias\/wp-content\/uploads\/2025\/10\/Imagen-de-WhatsApp-2025-10-23-a-las-23.07.34_b7e21f7b-300x200.jpg 300w, https:\/\/alminutonoticia.com\/noticias\/wp-content\/uploads\/2025\/10\/Imagen-de-WhatsApp-2025-10-23-a-las-23.07.34_b7e21f7b-768x512.jpg 768w\" sizes=\"(max-width: 1024px) 100vw, 1024px\" \/><\/a><\/figure>\n","protected":false},"excerpt":{"rendered":"<p>El Gobierno Nacional, que lidera el presidente Jos\u00e9 Ra\u00fal Mulino, anunci\u00f3 que a partir de marzo del a\u00f1o 2026, estar\u00e1 funcionando el Centro de Especialidades Agropecuarias (CEAGRO), una entidad creada bajo la figura de una Asociaci\u00f3n de Inter\u00e9s P\u00fablico (AIP), adscrita a la Secretar\u00eda Nacional de Ciencia, Tecnolog\u00eda e Innovaci\u00f3n (Senacyt), cuyo fin es transformar [&hellip;]<\/p>\n","protected":false},"author":2,"featured_media":17967,"comment_status":"open","ping_status":"open","sticky":false,"template":"","format":"standard","meta":{"footnotes":""},"categories":[36],"tags":[],"class_list":["post-17965","post","type-post","status-publish","format-standard","has-post-thumbnail","hentry","category-nacionales"],"_links":{"self":[{"href":"https:\/\/alminutonoticia.com\/noticias\/wp-json\/wp\/v2\/posts\/17965","targetHints":{"allow":["GET"]}}],"collection":[{"href":"https:\/\/alminutonoticia.com\/noticias\/wp-json\/wp\/v2\/posts"}],"about":[{"href":"https:\/\/alminutonoticia.com\/noticias\/wp-json\/wp\/v2\/types\/post"}],"author":[{"embeddable":true,"href":"https:\/\/alminutonoticia.com\/noticias\/wp-json\/wp\/v2\/users\/2"}],"replies":[{"embeddable":true,"href":"https:\/\/alminutonoticia.com\/noticias\/wp-json\/wp\/v2\/comments?post=17965"}],"version-history":[{"count":1,"href":"https:\/\/alminutonoticia.com\/noticias\/wp-json\/wp\/v2\/posts\/17965\/revisions"}],"predecessor-version":[{"id":17968,"href":"https:\/\/alminutonoticia.com\/noticias\/wp-json\/wp\/v2\/posts\/17965\/revisions\/17968"}],"wp:featuredmedia":[{"embeddable":true,"href":"https:\/\/alminutonoticia.com\/noticias\/wp-json\/wp\/v2\/media\/17967"}],"wp:attachment":[{"href":"https:\/\/alminutonoticia.com\/noticias\/wp-json\/wp\/v2\/media?parent=17965"}],"wp:term":[{"taxonomy":"category","embeddable":true,"href":"https:\/\/alminutonoticia.com\/noticias\/wp-json\/wp\/v2\/categories?post=17965"},{"taxonomy":"post_tag","embeddable":true,"href":"https:\/\/alminutonoticia.com\/noticias\/wp-json\/wp\/v2\/tags?post=17965"}],"curies":[{"name":"wp","href":"https:\/\/api.w.org\/{rel}","templated":true}]}}