{"id":17961,"date":"2025-10-24T04:24:50","date_gmt":"2025-10-24T04:24:50","guid":{"rendered":"https:\/\/alminutonoticia.com\/noticias\/?p=17961"},"modified":"2025-10-24T04:24:52","modified_gmt":"2025-10-24T04:24:52","slug":"conserva-aves-consolida-su-vuelo-en-panama-lanzamiento-oficial-de-la-iniciativa-fortalece-la-proteccion-de-aves-y-ecosistemas-clave","status":"publish","type":"post","link":"https:\/\/alminutonoticia.com\/noticias\/conserva-aves-consolida-su-vuelo-en-panama-lanzamiento-oficial-de-la-iniciativa-fortalece-la-proteccion-de-aves-y-ecosistemas-clave\/","title":{"rendered":"Conserva Aves consolida su vuelo en Panam\u00e1: Lanzamiento oficial de la iniciativa fortalece la protecci\u00f3n de aves y ecosistemas clave"},"content":{"rendered":"\n<p>Con la participaci\u00f3n de autoridades gubernamentales, representantes diplom\u00e1ticos, organizaciones internacionales y sociedad civil, se realiz\u00f3 la <strong>presentaci\u00f3n oficial de \u201cConserva Aves Panam\u00e1\u201d<\/strong>; iniciativa que busca fortalecer la conservaci\u00f3n de h\u00e1bitats prioritarios para aves migratorias, end\u00e9micas y amenazadas, mediante la creaci\u00f3n y manejo efectivo de \u00e1reas protegidas y territorios conservados por comunidades locales, mujeres y pueblos ind\u00edgenas.<\/p>\n\n\n\n<p>Panam\u00e1 se une as\u00ed a este esfuerzo hemisf\u00e9rico que es posible gracias a la alianza de American Bird Conservancy, National Audubon Society, BirdLife Internacional, Birds Canada y la Red de Fondos Ambientales de Latinoam\u00e9rica y el Caribe (RedLAC), con el apoyo financiero del <strong>Gobierno de Canad\u00e1<\/strong>. Una iniciativa que promueve la conservaci\u00f3n participativa y la protecci\u00f3n de los ecosistemas de los que dependen tanto las aves como las comunidades que habitan en ellos.<\/p>\n\n\n\n<p>La iniciativa<strong> Conserva Aves Panam\u00e1<\/strong> cuenta con un financiamiento aproximado de <strong>1,3 millones de d\u00f3lares<\/strong>, provenientes del <strong>Fondo RFP (Request For Proposal)<\/strong> y del <strong>Fondo de Equidad (Equity Fund)<\/strong>, ambos aportados por el <strong>Gobierno de Canad\u00e1<\/strong> a trav\u00e9s de la <strong>Iniciativa Conserva Aves<\/strong>. Estos recursos permitir\u00e1n impulsar procesos de conservaci\u00f3n colaborativa, fortalecimiento institucional, capacitaci\u00f3n t\u00e9cnica y desarrollo comunitario sostenible.<\/p>\n\n\n\n<p><strong>La Fundaci\u00f3n Natura<\/strong> lidera la implementaci\u00f3n de la iniciativa en el pa\u00eds, con la <strong>Sociedad Audubon de Panam\u00e1<\/strong> como socio t\u00e9cnico y articulador de acciones en campo. Ambas organizaciones trabajar\u00e1n junto al <strong>Ministerio de Ambiente (MiAMBIENTE) y con seis organizaciones locales seleccionadas<\/strong> mediante convocatoria nacional, entre ellas: <strong>Fundaci\u00f3n Naturaleza y Ciencia 507; Wildlife Conservation; Fundaci\u00f3n de Parques Nacionales y Medio Ambiente (F.PA.NA.MA.); Asociaci\u00f3n Nacional para la Conservaci\u00f3n de la Naturaleza (ANCON); Asociaci\u00f3n Centro de Estudios y Acci\u00f3n Social Paname\u00f1o (CEASPA); y el Consorcio OBC Balsa Ejua Wagadicarea (OBEW) junto a la ONG Fundaci\u00f3n Rapaces y Bosques de Panam\u00e1 (FRBP),<\/strong> que desarrollar\u00e1n iniciativas en diversas regiones del pa\u00eds, enfocadas en la conservaci\u00f3n de h\u00e1bitats, el manejo de paisajes productivos y el fortalecimiento del liderazgo comunitario.<\/p>\n\n\n\n<p>Las organizaciones beneficiarias fueron elegidas por sus capacidades y experiencia en conservaci\u00f3n y trabajo con comunidades. Sus proyectos abarcan ecosistemas clave para la conectividad biol\u00f3gica, el bienestar local y la resiliencia ante el cambio clim\u00e1tico.<\/p>\n\n\n\n<p>Durante el acto de lanzamiento, participaron la <strong>Embajadora de Canad\u00e1 en Panam\u00e1<\/strong>, <strong>Patricia Atkinson<\/strong>; <strong>el director nacional de \u00c1reas Protegidas, Tom\u00e1s Fern\u00e1ndez;<\/strong> la presidenta de <strong>Fundaci\u00f3n Natura, Carla L\u00f3pez<\/strong>; el presidente de la <strong>Sociedad Audubon de Panam\u00e1, Jan Axel Cubilla<\/strong> <strong>y el CEO de Birds Canada<\/strong>,<strong> Patrick Nadeau, en nombre de la Iniciativa Conserva Aves.<\/strong><\/p>\n\n\n\n<p><strong>El ministro de Ambiente, Juan Carlos Navarro,<\/strong> en su mensaje inaugural felicit\u00f3 con gran entusiasmo el lanzamiento de Conserva Aves Panam\u00e1, una iniciativa que asegur\u00f3, fortalece el compromiso de Panam\u00e1 con la protecci\u00f3n de las aves y los ecosistemas que les dan vida.<\/p>\n\n\n\n<p>\u201cLas aves son guardianes de nuestros bosques, r\u00edos y manglares, son indicadores de la salud de la naturaleza y parte esencial del equilibrio que sostiene toda forma de vida en nuestro pa\u00eds. Conserva Aves se resume a un esfuerzo hemisf\u00e9rico que une a organizaciones, comunidades y gobiernos desde Canad\u00e1 hasta Sudam\u00e9rica con un prop\u00f3sito com\u00fan, conservar los h\u00e1bitats de las aves migratorias, end\u00e9micas y amenazadas y garantizar as\u00ed la supervivencia de las especies de las que tambi\u00e9n depende nuestro propio bienestar. Gracias a la Fundaci\u00f3n Natura, Audubon Panam\u00e1, ANCON, CEASPA, Fundaci\u00f3n Naturaleza y Ciencia 507, Wildlife Conservation y todas las dem\u00e1s organizaciones y fundaciones, as\u00ed como al Gobierno de Canad\u00e1, que hacen posible este esfuerzo conjunto por la vida\u201d, precis\u00f3 el <strong>ministro Navarro.<\/strong><\/p>\n\n\n\n<p>En representaci\u00f3n de la <strong>Iniciativa Conserva Aves, Patrick Nadeau, CEO de Birds Canada, <\/strong>resalt\u00f3 que \u201cPanam\u00e1 ocupa un lugar estrat\u00e9gico en las rutas migratorias del continente, por lo que su participaci\u00f3n en Conserva Aves refuerza la conectividad ecol\u00f3gica desde Canad\u00e1 hasta Sudam\u00e9rica. Este tipo de cooperaci\u00f3n internacional demuestra que la conservaci\u00f3n de la biodiversidad no conoce fronteras\u201d.<\/p>\n\n\n\n<p>En sus palabras de apertura, <strong>Carla L\u00f3pez<\/strong>, <strong>presidenta de Fundaci\u00f3n Natura,<\/strong> destac\u00f3 que \u201cConserva Aves Panam\u00e1 es una oportunidad para fortalecer la gobernanza ambiental y reconocer el papel esencial que desempe\u00f1an las comunidades locales, mujeres y j\u00f3venes en la conservaci\u00f3n de los ecosistemas. Este esfuerzo colectivo reafirma el compromiso de Fundaci\u00f3n Natura con la protecci\u00f3n de la biodiversidad y el desarrollo sostenible del pa\u00eds\u201d.<\/p>\n\n\n\n<p>Por su parte, <strong>Jan Axel Cubilla<\/strong>, <strong>presidente de la Sociedad Audubon de Panam\u00e1,<\/strong> se\u00f1al\u00f3 que \u201cConserva Aves representa una alianza sin precedentes para integrar la ciencia, la participaci\u00f3n ciudadana y la conservaci\u00f3n. Las aves son un indicador de la salud de nuestros ecosistemas, y protegerlas significa tambi\u00e9n cuidar de nuestras fuentes de agua, nuestros bosques y nuestro futuro com\u00fan\u201d.<\/p>\n\n\n\n<p>La <strong>Embajadora de Canad\u00e1 en Panam\u00e1<\/strong>, <strong>Patricia Atkinson<\/strong>, reiter\u00f3 el compromiso de su pa\u00eds con el fortalecimiento de la conservaci\u00f3n en Am\u00e9rica Latina: \u201cEl gobierno de Canad\u00e1 se enorgullece de apoyar la iniciativa Conserva Aves que promueve una estrategia inclusiva para frenar la p\u00e9rdida de biodiversidad y el cambio clim\u00e1tico mediante la creaci\u00f3n y expansi\u00f3n de \u00e1reas protegidas en beneficio de las aves, la biodiversidad y las comunidades locales\u201d.<\/p>\n\n\n\n<p>La iniciativa <strong>Conserva Aves<\/strong> actualmente se implementa en 9 pa\u00edses con el objetivo de impulsar la creaci\u00f3n, consolidaci\u00f3n, manejo y fortalecimiento de 100 o m\u00e1s nuevas \u00e1reas protegidas subnacionales que cubran, al menos 2 millones de hect\u00e1reas para el 2030.<\/p>\n\n\n\n<p>En Panam\u00e1, la iniciativa prioriza territorios de alta importancia biol\u00f3gica y social, contribuyendo a los compromisos nacionales de conservaci\u00f3n, restauraci\u00f3n de ecosistemas y participaci\u00f3n comunitaria, en l\u00ednea con los Objetivos de Desarrollo Sostenible y el <strong>Marco Global de Biodiversidad de Kunming-Montreal<\/strong>. \u2013FIN-<\/p>\n\n\n\n<p><strong><u>Datos al Editor<\/u><\/strong><\/p>\n\n\n\n<p><strong>Sobre la Iniciativa Conserva Aves: <\/strong>Conserva Aves es una alianza entre American Bird Conservancy (ABC), National Audubon Society, BirdLife International, Birds Canada y la Red de Fondos Ambientales de Latinoam\u00e9rica y el Caribe (RedLAC). En Panam\u00e1, la iniciativa es implementada por Fundaci\u00f3n Natura y la Sociedad Audubon de Panam\u00e1.<\/p>\n\n\n\n<p><strong>Sobre Fundaci\u00f3n Natura:<\/strong> Es una organizaci\u00f3n dedicada a la conservaci\u00f3n de los recursos naturales, mediante el manejo integrado de cuencas hidrogr\u00e1ficas, \u00e1reas marino-costeras y sus ecosistemas, gracias a la gesti\u00f3n de recursos que aporta para dar soluciones participativas e innovadoras a problemas ambientales en territorios importantes para la biodiversidad.<\/p>\n\n\n\n<p><strong>Sobre Sociedad Audubon de Panam\u00e1:<\/strong> Es una organizaci\u00f3n dedicada a la conservaci\u00f3n de la naturaleza a trav\u00e9s de la investigaci\u00f3n cient\u00edfica, la educaci\u00f3n ambiental y la participaci\u00f3n ciudadana. Su labor se centra en la protecci\u00f3n de aves y sus h\u00e1bitats, promoviendo el uso sostenible de los recursos naturales y fomentando el turismo de observaci\u00f3n de aves como herramienta para el desarrollo sostenible.<\/p>\n\n\n\n<figure class=\"wp-block-image size-large\"><a href=\"https:\/\/alminutonoticia.com\/noticias\/wp-content\/uploads\/2025\/10\/Imagen-de-WhatsApp-2025-10-23-a-las-23.06.20_b7ea4efc.jpg\"><img fetchpriority=\"high\" decoding=\"async\" width=\"1024\" height=\"576\" src=\"https:\/\/alminutonoticia.com\/noticias\/wp-content\/uploads\/2025\/10\/Imagen-de-WhatsApp-2025-10-23-a-las-23.06.20_b7ea4efc-1024x576.jpg\" alt=\"\" class=\"wp-image-17962\" title=\"\" srcset=\"https:\/\/alminutonoticia.com\/noticias\/wp-content\/uploads\/2025\/10\/Imagen-de-WhatsApp-2025-10-23-a-las-23.06.20_b7ea4efc-1024x576.jpg 1024w, https:\/\/alminutonoticia.com\/noticias\/wp-content\/uploads\/2025\/10\/Imagen-de-WhatsApp-2025-10-23-a-las-23.06.20_b7ea4efc-300x169.jpg 300w, https:\/\/alminutonoticia.com\/noticias\/wp-content\/uploads\/2025\/10\/Imagen-de-WhatsApp-2025-10-23-a-las-23.06.20_b7ea4efc-768x432.jpg 768w, https:\/\/alminutonoticia.com\/noticias\/wp-content\/uploads\/2025\/10\/Imagen-de-WhatsApp-2025-10-23-a-las-23.06.20_b7ea4efc-1536x864.jpg 1536w, https:\/\/alminutonoticia.com\/noticias\/wp-content\/uploads\/2025\/10\/Imagen-de-WhatsApp-2025-10-23-a-las-23.06.20_b7ea4efc.jpg 1600w\" sizes=\"(max-width: 1024px) 100vw, 1024px\" \/><\/a><\/figure>\n","protected":false},"excerpt":{"rendered":"<p>Con la participaci\u00f3n de autoridades gubernamentales, representantes diplom\u00e1ticos, organizaciones internacionales y sociedad civil, se realiz\u00f3 la presentaci\u00f3n oficial de \u201cConserva Aves Panam\u00e1\u201d; iniciativa que busca fortalecer la conservaci\u00f3n de h\u00e1bitats prioritarios para aves migratorias, end\u00e9micas y amenazadas, mediante la creaci\u00f3n y manejo efectivo de \u00e1reas protegidas y territorios conservados por comunidades locales, mujeres y pueblos [&hellip;]<\/p>\n","protected":false},"author":2,"featured_media":17963,"comment_status":"open","ping_status":"open","sticky":false,"template":"","format":"standard","meta":{"footnotes":""},"categories":[36,42],"tags":[],"class_list":["post-17961","post","type-post","status-publish","format-standard","has-post-thumbnail","hentry","category-nacionales","category-ambiente"],"_links":{"self":[{"href":"https:\/\/alminutonoticia.com\/noticias\/wp-json\/wp\/v2\/posts\/17961","targetHints":{"allow":["GET"]}}],"collection":[{"href":"https:\/\/alminutonoticia.com\/noticias\/wp-json\/wp\/v2\/posts"}],"about":[{"href":"https:\/\/alminutonoticia.com\/noticias\/wp-json\/wp\/v2\/types\/post"}],"author":[{"embeddable":true,"href":"https:\/\/alminutonoticia.com\/noticias\/wp-json\/wp\/v2\/users\/2"}],"replies":[{"embeddable":true,"href":"https:\/\/alminutonoticia.com\/noticias\/wp-json\/wp\/v2\/comments?post=17961"}],"version-history":[{"count":1,"href":"https:\/\/alminutonoticia.com\/noticias\/wp-json\/wp\/v2\/posts\/17961\/revisions"}],"predecessor-version":[{"id":17964,"href":"https:\/\/alminutonoticia.com\/noticias\/wp-json\/wp\/v2\/posts\/17961\/revisions\/17964"}],"wp:featuredmedia":[{"embeddable":true,"href":"https:\/\/alminutonoticia.com\/noticias\/wp-json\/wp\/v2\/media\/17963"}],"wp:attachment":[{"href":"https:\/\/alminutonoticia.com\/noticias\/wp-json\/wp\/v2\/media?parent=17961"}],"wp:term":[{"taxonomy":"category","embeddable":true,"href":"https:\/\/alminutonoticia.com\/noticias\/wp-json\/wp\/v2\/categories?post=17961"},{"taxonomy":"post_tag","embeddable":true,"href":"https:\/\/alminutonoticia.com\/noticias\/wp-json\/wp\/v2\/tags?post=17961"}],"curies":[{"name":"wp","href":"https:\/\/api.w.org\/{rel}","templated":true}]}}