{"id":17956,"date":"2025-10-22T11:48:50","date_gmt":"2025-10-22T11:48:50","guid":{"rendered":"https:\/\/alminutonoticia.com\/noticias\/?p=17956"},"modified":"2025-10-22T11:48:52","modified_gmt":"2025-10-22T11:48:52","slug":"panama-celebra-el-talento-literario-con-los-ganadores-del-premio-ricardo-miro-2025","status":"publish","type":"post","link":"https:\/\/alminutonoticia.com\/noticias\/panama-celebra-el-talento-literario-con-los-ganadores-del-premio-ricardo-miro-2025\/","title":{"rendered":"Panam\u00e1 celebra el talento literario con los ganadores del Premio Ricardo Mir\u00f3 2025"},"content":{"rendered":"\n<p>El Ministerio de Cultura (MiCultura) dio inicio a la \u201cSemana Literaria Ricardo Mir\u00f3 2025\u201d, con el acto de apertura de plicas realizado la noche del 20 de octubre en la Ciudad de las Artes, donde se dieron a conocer los ganadores del Premio Nacional de Literatura Ricardo Mir\u00f3, el m\u00e1ximo galard\u00f3n de las letras paname\u00f1as.<\/p>\n\n\n\n<p>En esta edici\u00f3n participaron 197 obras distribuidas en 43 novelas, 54 colecciones de cuentos, 58 poemarios, 30 obras de teatro y 12 ensayos, una muestra del crecimiento y la vitalidad de la creaci\u00f3n literaria en el pa\u00eds. Cada autor premiado recibir\u00e1 B\/. 15,000 y la publicaci\u00f3n de su obra.<\/p>\n\n\n\n<p>Los ganadores son Alex Mariscal Mariscal con la obra \u201cCuchillo para huesos de carnero\u201d en la categor\u00eda de Teatro; en Cuento \u201cOtra vez la noche\u201d de Eduardo Jaspe Lescure; en Novela \u201cVeneno adentro\u201d de Eduardo Jaspe Lescure; en Ensayo \u201cDescreaci\u00f3n y \u00c9xodo. Po\u00e9tica del ser descreado en la era de las m\u00e1quinas pol\u00edticas\u201d de Edgardo Bracho Garay; y en Poes\u00eda \u201cEl fracaso de seis poemas\u201d de Alexander Morales.<\/p>\n\n\n\n<p>En la ceremonia, la viceministra de Cultura, Arianne Benedetti, destac\u00f3 que en Panam\u00e1 \u201chay un enorme talento que se expresa cada d\u00eda en diversas manifestaciones art\u00edsticas, especialmente entre los j\u00f3venes que luchan por abrirse camino. Desde el Ministerio de Cultura trabajamos para que cada paname\u00f1o tenga la oportunidad de vivir de su arte y desarrollarse en igualdad de condiciones en todo el pa\u00eds\u201d.<\/p>\n\n\n\n<p>Durante la Semana Literaria Ricardo Mir\u00f3, se realizar\u00e1n conversatorios, talleres y conferencias con la participaci\u00f3n de jurados internacionales provenientes de Costa Rica, Cuba, Espa\u00f1a, Argentina y Honduras, quienes compartir\u00e1n sus experiencias y reflexiones sobre la creaci\u00f3n literaria contempor\u00e1nea.<\/p>\n\n\n\n<p>El jurado estuvo conformado por reconocidos escritores y acad\u00e9micos: Jorge Gal\u00e1n (El Salvador), Jaiko Jim\u00e9nez Ca\u00edn (Panam\u00e1), Alberto Marrero Fern\u00e1ndez (Cuba), Camilo Renata (Costa Rica), Fidel Munnigh (Rep\u00fablica Dominicana), Francisco Javier Blanco (Panam\u00e1), Jos\u00e9 Del Cid Felipe (Panam\u00e1), Liliana Blum (M\u00e9xico), Dazra Novak (Cuba), Pablo De Santis (Argentina), Silvia Quezada (M\u00e9xico) y Juan David Morgan (Panam\u00e1).<\/p>\n\n\n\n<p>El Premio Nacional de Literatura Ricardo Mir\u00f3, instaurado en 1942, honra la memoria del poeta y diplom\u00e1tico paname\u00f1o Ricardo Mir\u00f3, autor del poema \u201cPatria\u201d, uno de los textos m\u00e1s emblem\u00e1ticos de la identidad nacional. Cada a\u00f1o, este certamen se convierte en un espacio de reconocimiento al talento literario que sigue enriqueciendo la cultura y la palabra escrita en Panam\u00e1.<\/p>\n\n\n\n<figure class=\"wp-block-image size-large\"><a href=\"https:\/\/alminutonoticia.com\/noticias\/wp-content\/uploads\/2025\/10\/Imagen-de-WhatsApp-2025-10-22-a-las-06.29.47_1279af13.jpg\"><img fetchpriority=\"high\" decoding=\"async\" width=\"1024\" height=\"682\" src=\"https:\/\/alminutonoticia.com\/noticias\/wp-content\/uploads\/2025\/10\/Imagen-de-WhatsApp-2025-10-22-a-las-06.29.47_1279af13-1024x682.jpg\" alt=\"\" class=\"wp-image-17957\" title=\"\" srcset=\"https:\/\/alminutonoticia.com\/noticias\/wp-content\/uploads\/2025\/10\/Imagen-de-WhatsApp-2025-10-22-a-las-06.29.47_1279af13-1024x682.jpg 1024w, https:\/\/alminutonoticia.com\/noticias\/wp-content\/uploads\/2025\/10\/Imagen-de-WhatsApp-2025-10-22-a-las-06.29.47_1279af13-300x200.jpg 300w, https:\/\/alminutonoticia.com\/noticias\/wp-content\/uploads\/2025\/10\/Imagen-de-WhatsApp-2025-10-22-a-las-06.29.47_1279af13-768x512.jpg 768w, https:\/\/alminutonoticia.com\/noticias\/wp-content\/uploads\/2025\/10\/Imagen-de-WhatsApp-2025-10-22-a-las-06.29.47_1279af13.jpg 1280w\" sizes=\"(max-width: 1024px) 100vw, 1024px\" \/><\/a><\/figure>\n","protected":false},"excerpt":{"rendered":"<p>El Ministerio de Cultura (MiCultura) dio inicio a la \u201cSemana Literaria Ricardo Mir\u00f3 2025\u201d, con el acto de apertura de plicas realizado la noche del 20 de octubre en la Ciudad de las Artes, donde se dieron a conocer los ganadores del Premio Nacional de Literatura Ricardo Mir\u00f3, el m\u00e1ximo galard\u00f3n de las letras paname\u00f1as. [&hellip;]<\/p>\n","protected":false},"author":2,"featured_media":17958,"comment_status":"open","ping_status":"open","sticky":false,"template":"","format":"standard","meta":{"footnotes":""},"categories":[36,41],"tags":[],"class_list":["post-17956","post","type-post","status-publish","format-standard","has-post-thumbnail","hentry","category-nacionales","category-cultura-y-farandula"],"_links":{"self":[{"href":"https:\/\/alminutonoticia.com\/noticias\/wp-json\/wp\/v2\/posts\/17956","targetHints":{"allow":["GET"]}}],"collection":[{"href":"https:\/\/alminutonoticia.com\/noticias\/wp-json\/wp\/v2\/posts"}],"about":[{"href":"https:\/\/alminutonoticia.com\/noticias\/wp-json\/wp\/v2\/types\/post"}],"author":[{"embeddable":true,"href":"https:\/\/alminutonoticia.com\/noticias\/wp-json\/wp\/v2\/users\/2"}],"replies":[{"embeddable":true,"href":"https:\/\/alminutonoticia.com\/noticias\/wp-json\/wp\/v2\/comments?post=17956"}],"version-history":[{"count":1,"href":"https:\/\/alminutonoticia.com\/noticias\/wp-json\/wp\/v2\/posts\/17956\/revisions"}],"predecessor-version":[{"id":17959,"href":"https:\/\/alminutonoticia.com\/noticias\/wp-json\/wp\/v2\/posts\/17956\/revisions\/17959"}],"wp:featuredmedia":[{"embeddable":true,"href":"https:\/\/alminutonoticia.com\/noticias\/wp-json\/wp\/v2\/media\/17958"}],"wp:attachment":[{"href":"https:\/\/alminutonoticia.com\/noticias\/wp-json\/wp\/v2\/media?parent=17956"}],"wp:term":[{"taxonomy":"category","embeddable":true,"href":"https:\/\/alminutonoticia.com\/noticias\/wp-json\/wp\/v2\/categories?post=17956"},{"taxonomy":"post_tag","embeddable":true,"href":"https:\/\/alminutonoticia.com\/noticias\/wp-json\/wp\/v2\/tags?post=17956"}],"curies":[{"name":"wp","href":"https:\/\/api.w.org\/{rel}","templated":true}]}}