{"id":17943,"date":"2025-10-22T11:34:39","date_gmt":"2025-10-22T11:34:39","guid":{"rendered":"https:\/\/alminutonoticia.com\/noticias\/?p=17943"},"modified":"2025-10-22T11:35:07","modified_gmt":"2025-10-22T11:35:07","slug":"panama-recibe-a-puntos-focales-del-fondo-para-el-medio-ambiente-mundial-de-america-latina","status":"publish","type":"post","link":"https:\/\/alminutonoticia.com\/noticias\/panama-recibe-a-puntos-focales-del-fondo-para-el-medio-ambiente-mundial-de-america-latina\/","title":{"rendered":"Panam\u00e1 recibe a puntos focales del Fondo para el Medio Ambiente Mundial de Am\u00e9rica Latina"},"content":{"rendered":"\n<p>Panam\u00e1 es sede del Taller Regional de Am\u00e9rica Latina del Fondo para el Medio Ambiente Mundial (GEF), que se llevar\u00e1 a cabo del 20 al 23 de octubre. Este encuentro reunir\u00e1 a los puntos focales operativos y pol\u00edticos de los pa\u00edses de la regi\u00f3n, as\u00ed como a representantes de la sociedad civil, incluidos j\u00f3venes, pueblos ind\u00edgenas y mujeres, y a delegados de las agencias implementadoras del GEF.<\/p>\n\n\n\n<p>Durante el taller, los participantes analizar\u00e1n la programaci\u00f3n del GEF, las pol\u00edticas actualizadas, los mecanismos de coordinaci\u00f3n nacional y regional, y compartir\u00e1n experiencias sobre proyectos ambientales exitosos. La actividad busca consolidar un espacio de di\u00e1logo, aprendizaje y cooperaci\u00f3n entre los pa\u00edses latinoamericanos, con el objetivo de potenciar la gesti\u00f3n ambiental y la acci\u00f3n clim\u00e1tica en la regi\u00f3n.<\/p>\n\n\n\n<p>Los asistentes, adem\u00e1s, conocer\u00e1n proyectos del GEF en Panam\u00e1 y abordar\u00e1n temas como la Visi\u00f3n del GEF-9, el Enfoque de Todo el Gobierno, las Finanzas Combinadas y la Movilizaci\u00f3n de Recursos, la Integraci\u00f3n de Pol\u00edticas, la Sociedad Civil, el Programa de Peque\u00f1as Donaciones, las Comunicaciones, la Supervisi\u00f3n de Proyectos, el Fondo Global para la Biodiversidad y la Oficina de Evaluaci\u00f3n Independiente.<\/p>\n\n\n\n<p>El ministro de Ambiente de Panam\u00e1, Juan Carlos Navarro, expres\u00f3 que<br>\u201cpara Panam\u00e1 es un honor ser el pa\u00eds anfitri\u00f3n de este Taller Regional del GEF para Am\u00e9rica Latina, un espacio de di\u00e1logo, aprendizaje y cooperaci\u00f3n que refleja la responsabilidad compartida de nuestros pa\u00edses con la sostenibilidad, la acci\u00f3n clim\u00e1tica y la protecci\u00f3n de la biodiversidad\u201d.<\/p>\n\n\n\n<p>Navarro agreg\u00f3 que \u201cel GEF ha sido, durante m\u00e1s de tres d\u00e9cadas, un aliado esencial que ha permitido a los los pa\u00edses en desarrollo transformar los compromisos ambientales globales en acciones tangibles a nivel local. Su labor ha hecho posible que cientos de comunidades en nuestra regi\u00f3n mejoren su resiliencia, hagan frente a la destrucci\u00f3n natural, restauren ecosistemas degradados y fortalezcan su capacidad de gesti\u00f3n ambiental\u201d.<\/p>\n\n\n\n<p>En el caso de Panam\u00e1, el ministro Navarro se\u00f1al\u00f3 que \u201cdurante este a\u00f1o 2025 hemos puesto en marcha proyectos que suman m\u00e1s de B\/.25 millones de d\u00f3lares, abarcando \u00e1reas prioritarias como conservaci\u00f3n de la biodiversidad, frenar el cambio clim\u00e1tico, la gesti\u00f3n efectiva de cuencas y oc\u00e9anos, restauraci\u00f3n de suelos y la promoci\u00f3n de econom\u00edas sostenibles. Cada una de estas iniciativas se alinea con los compromisos que el pa\u00eds ha asumido bajo los convenios internacionales de la biodiversidad, el cambio clim\u00e1tico y la degradaci\u00f3n de la tierra\u201d.<\/p>\n\n\n\n<p>En tanto, Carlos Manuel Rodr\u00edguez, director ejecutivo y presidente del GEF, resalt\u00f3 que \u201cnos complace organizar esta importante actividad de desarrollo de capacidades en colaboraci\u00f3n con el Gobierno de Panam\u00e1, que ha demostrado un uso eficaz y estrat\u00e9gico de los recursos del GEF\u201d.<\/p>\n\n\n\n<p>Rodr\u00edguez agreg\u00f3 que \u201cel liderazgo ambiental de Panam\u00e1 no solo destaca en la regi\u00f3n, sino que lo posiciona como un referente global en conservaci\u00f3n y acci\u00f3n clim\u00e1tica\u201d.<\/p>\n\n\n\n<p>Los puntos focales del GEF son funcionarios gubernamentales designados por cada pa\u00eds miembro para actuar como enlace con la Secretar\u00eda del GEF. Estos encuentros permiten coordinar actividades, revisar propuestas de proyectos y mejorar la gobernanza ambiental.<\/p>\n\n\n\n<p>El GEF act\u00faa como mecanismo financiero de seis convenios internacionales: la Convenci\u00f3n sobre Diversidad Biol\u00f3gica (CDB), la Convenci\u00f3n Marco de las Naciones Unidas sobre el Cambio Clim\u00e1tico (CMNUCC), el Convenio de Estocolmo sobre Contaminantes Org\u00e1nicos Persistentes, el Convenio de Minamata sobre el Mercurio, la Convenci\u00f3n de las Naciones Unidas de Lucha contra la Desertificaci\u00f3n (CNULD) y, m\u00e1s recientemente, el Acuerdo sobre la Conservaci\u00f3n y el Uso Sostenible de la Diversidad Biol\u00f3gica Marina de las Zonas Situadas fuera de la Jurisdicci\u00f3n Nacional (BBNJ, por sus siglas en ingl\u00e9s), consolidando su rol como aliado estrat\u00e9gico en la gesti\u00f3n ambiental de la regi\u00f3n.<\/p>\n\n\n\n<p>Desde su creaci\u00f3n en 1991, el GEF ha invertido m\u00e1s de 3,900 millones de d\u00f3lares en Am\u00e9rica Latina, contribuyendo a la protecci\u00f3n de 49 millones de hect\u00e1reas de \u00e1reas terrestres y proyectando la conservaci\u00f3n de 78 millones de hect\u00e1reas marinas. En Panam\u00e1, se han movilizado m\u00e1s de 93 millones de d\u00f3lares, impulsando iniciativas clave en biodiversidad, cambio clim\u00e1tico y gesti\u00f3n ambiental.<\/p>\n\n\n\n<p>Sobre el GEF:<br>El Fondo para el Medio Ambiente Mundial (GEF) incluye varios fondos multilaterales que trabajan juntos para abordar los desaf\u00edos m\u00e1s apremiantes del planeta de manera integrada. Su financiamiento ayuda a los pa\u00edses en desarrollo a enfrentar desaf\u00edos complejos y a cumplir los objetivos ambientales internacionales. En los \u00faltimos tres decenios, el GEF ha proporcionado m\u00e1s de 26.000 millones de d\u00f3lares en financiaci\u00f3n, principalmente en forma de donaciones, y ha movilizado otros 153.000 millones de d\u00f3lares para proyectos prioritarios impulsados por los pa\u00edses.<\/p>\n\n\n\n<figure class=\"wp-block-image size-large\"><a href=\"https:\/\/alminutonoticia.com\/noticias\/wp-content\/uploads\/2025\/10\/Imagen-de-WhatsApp-2025-10-22-a-las-06.27.30_4b167c54.jpg\"><img fetchpriority=\"high\" decoding=\"async\" width=\"1024\" height=\"682\" src=\"https:\/\/alminutonoticia.com\/noticias\/wp-content\/uploads\/2025\/10\/Imagen-de-WhatsApp-2025-10-22-a-las-06.27.30_4b167c54-1024x682.jpg\" alt=\"\" class=\"wp-image-17944\" title=\"\" srcset=\"https:\/\/alminutonoticia.com\/noticias\/wp-content\/uploads\/2025\/10\/Imagen-de-WhatsApp-2025-10-22-a-las-06.27.30_4b167c54-1024x682.jpg 1024w, https:\/\/alminutonoticia.com\/noticias\/wp-content\/uploads\/2025\/10\/Imagen-de-WhatsApp-2025-10-22-a-las-06.27.30_4b167c54-300x200.jpg 300w, https:\/\/alminutonoticia.com\/noticias\/wp-content\/uploads\/2025\/10\/Imagen-de-WhatsApp-2025-10-22-a-las-06.27.30_4b167c54-768x512.jpg 768w, https:\/\/alminutonoticia.com\/noticias\/wp-content\/uploads\/2025\/10\/Imagen-de-WhatsApp-2025-10-22-a-las-06.27.30_4b167c54-1536x1023.jpg 1536w, https:\/\/alminutonoticia.com\/noticias\/wp-content\/uploads\/2025\/10\/Imagen-de-WhatsApp-2025-10-22-a-las-06.27.30_4b167c54.jpg 1600w\" sizes=\"(max-width: 1024px) 100vw, 1024px\" \/><\/a><\/figure>\n","protected":false},"excerpt":{"rendered":"<p>Panam\u00e1 es sede del Taller Regional de Am\u00e9rica Latina del Fondo para el Medio Ambiente Mundial (GEF), que se llevar\u00e1 a cabo del 20 al 23 de octubre. Este encuentro reunir\u00e1 a los puntos focales operativos y pol\u00edticos de los pa\u00edses de la regi\u00f3n, as\u00ed como a representantes de la sociedad civil, incluidos j\u00f3venes, pueblos [&hellip;]<\/p>\n","protected":false},"author":2,"featured_media":17945,"comment_status":"open","ping_status":"open","sticky":false,"template":"","format":"standard","meta":{"footnotes":""},"categories":[36,42],"tags":[],"class_list":["post-17943","post","type-post","status-publish","format-standard","has-post-thumbnail","hentry","category-nacionales","category-ambiente"],"_links":{"self":[{"href":"https:\/\/alminutonoticia.com\/noticias\/wp-json\/wp\/v2\/posts\/17943","targetHints":{"allow":["GET"]}}],"collection":[{"href":"https:\/\/alminutonoticia.com\/noticias\/wp-json\/wp\/v2\/posts"}],"about":[{"href":"https:\/\/alminutonoticia.com\/noticias\/wp-json\/wp\/v2\/types\/post"}],"author":[{"embeddable":true,"href":"https:\/\/alminutonoticia.com\/noticias\/wp-json\/wp\/v2\/users\/2"}],"replies":[{"embeddable":true,"href":"https:\/\/alminutonoticia.com\/noticias\/wp-json\/wp\/v2\/comments?post=17943"}],"version-history":[{"count":1,"href":"https:\/\/alminutonoticia.com\/noticias\/wp-json\/wp\/v2\/posts\/17943\/revisions"}],"predecessor-version":[{"id":17946,"href":"https:\/\/alminutonoticia.com\/noticias\/wp-json\/wp\/v2\/posts\/17943\/revisions\/17946"}],"wp:featuredmedia":[{"embeddable":true,"href":"https:\/\/alminutonoticia.com\/noticias\/wp-json\/wp\/v2\/media\/17945"}],"wp:attachment":[{"href":"https:\/\/alminutonoticia.com\/noticias\/wp-json\/wp\/v2\/media?parent=17943"}],"wp:term":[{"taxonomy":"category","embeddable":true,"href":"https:\/\/alminutonoticia.com\/noticias\/wp-json\/wp\/v2\/categories?post=17943"},{"taxonomy":"post_tag","embeddable":true,"href":"https:\/\/alminutonoticia.com\/noticias\/wp-json\/wp\/v2\/tags?post=17943"}],"curies":[{"name":"wp","href":"https:\/\/api.w.org\/{rel}","templated":true}]}}