{"id":17934,"date":"2025-10-21T03:26:43","date_gmt":"2025-10-21T03:26:43","guid":{"rendered":"https:\/\/alminutonoticia.com\/noticias\/?p=17934"},"modified":"2025-10-21T03:29:03","modified_gmt":"2025-10-21T03:29:03","slug":"panama-y-paraguay-se-comprometen-a-impulsar-la-integracion-bilateral-y-regional","status":"publish","type":"post","link":"https:\/\/alminutonoticia.com\/noticias\/panama-y-paraguay-se-comprometen-a-impulsar-la-integracion-bilateral-y-regional\/","title":{"rendered":"Panam\u00e1 y Paraguay se comprometen a impulsar la integraci\u00f3n bilateral y regional"},"content":{"rendered":"\n<p>El presidente de la Rep\u00fablica, Jos\u00e9 Ra\u00fal Mulino, recibi\u00f3 este lunes en el Palacio de las Garzas a su hom\u00f3logo de Paraguay, Santiago Pe\u00f1a Palacios, con el prop\u00f3sito de celebrar reuniones que promuevan la integraci\u00f3n bilateral, y acompa\u00f1ar a Panam\u00e1 en la recta final de su incorporaci\u00f3n al Mercado Com\u00fan del Sur (Mercosur). El mandatario paname\u00f1o y la primera dama de la Rep\u00fablica, Maricel Cohen de Mulino, dieron la bienvenida al presidente Pe\u00f1a y a la primera dama de Paraguay, Leticia Ocampos, y a la delegaci\u00f3n del pa\u00eds sudamericano.<\/p>\n\n\n\n<p><br>Luego de una reuni\u00f3n bilateral y una reuni\u00f3n ampliada con sus respectivos equipos, el presidente Pe\u00f1a se comprometi\u00f3 a ayudar a acelerar el proceso de integraci\u00f3n de Panam\u00e1 al Mercosur. \u201cQueremos la plataforma log\u00edstica paname\u00f1a\u201d para acceder a nuevos mercados y \u201ccon esto todos vamos a ganar\u201d, argument\u00f3 Pe\u00f1a. \u201cSeremos el puente para que Panam\u00e1 pueda adherirse lo m\u00e1s r\u00e1pido posible al Mercosur, con el fin de que esto pueda ser realidad en la pr\u00f3xima cumbre del bloque en Paraguay\u201d, manifest\u00f3 Pe\u00f1a, destacando que esta es una organizaci\u00f3n que tiene 35 a\u00f1os con reglas y procesos claros, y que respeta la pol\u00edtica interna de cada pa\u00eds miembro.<\/p>\n\n\n\n<div class=\"wp-block-columns is-layout-flex wp-container-core-columns-is-layout-28f84493 wp-block-columns-is-layout-flex\">\n<div class=\"wp-block-column is-layout-flow wp-block-column-is-layout-flow\">\n<figure class=\"wp-block-image size-large\"><a href=\"https:\/\/alminutonoticia.com\/noticias\/wp-content\/uploads\/2025\/10\/WhatsApp-Image-2025-10-20-at-2.09.23-PM.jpeg\"><img fetchpriority=\"high\" decoding=\"async\" width=\"1024\" height=\"683\" src=\"https:\/\/alminutonoticia.com\/noticias\/wp-content\/uploads\/2025\/10\/WhatsApp-Image-2025-10-20-at-2.09.23-PM-1024x683.jpeg\" alt=\"\" class=\"wp-image-17935\" title=\"\" srcset=\"https:\/\/alminutonoticia.com\/noticias\/wp-content\/uploads\/2025\/10\/WhatsApp-Image-2025-10-20-at-2.09.23-PM-1024x683.jpeg 1024w, https:\/\/alminutonoticia.com\/noticias\/wp-content\/uploads\/2025\/10\/WhatsApp-Image-2025-10-20-at-2.09.23-PM-300x200.jpeg 300w, https:\/\/alminutonoticia.com\/noticias\/wp-content\/uploads\/2025\/10\/WhatsApp-Image-2025-10-20-at-2.09.23-PM-768x512.jpeg 768w, https:\/\/alminutonoticia.com\/noticias\/wp-content\/uploads\/2025\/10\/WhatsApp-Image-2025-10-20-at-2.09.23-PM.jpeg 1280w\" sizes=\"(max-width: 1024px) 100vw, 1024px\" \/><\/a><\/figure>\n<\/div>\n\n\n\n<div class=\"wp-block-column is-layout-flow wp-block-column-is-layout-flow\">\n<figure class=\"wp-block-image size-large\"><a href=\"https:\/\/alminutonoticia.com\/noticias\/wp-content\/uploads\/2025\/10\/WhatsApp-Image-2025-10-20-at-2.09.25-PM.jpeg\"><img decoding=\"async\" width=\"1024\" height=\"683\" src=\"https:\/\/alminutonoticia.com\/noticias\/wp-content\/uploads\/2025\/10\/WhatsApp-Image-2025-10-20-at-2.09.25-PM-1024x683.jpeg\" alt=\"\" class=\"wp-image-17936\" title=\"\" srcset=\"https:\/\/alminutonoticia.com\/noticias\/wp-content\/uploads\/2025\/10\/WhatsApp-Image-2025-10-20-at-2.09.25-PM-1024x683.jpeg 1024w, https:\/\/alminutonoticia.com\/noticias\/wp-content\/uploads\/2025\/10\/WhatsApp-Image-2025-10-20-at-2.09.25-PM-300x200.jpeg 300w, https:\/\/alminutonoticia.com\/noticias\/wp-content\/uploads\/2025\/10\/WhatsApp-Image-2025-10-20-at-2.09.25-PM-768x512.jpeg 768w, https:\/\/alminutonoticia.com\/noticias\/wp-content\/uploads\/2025\/10\/WhatsApp-Image-2025-10-20-at-2.09.25-PM.jpeg 1280w\" sizes=\"(max-width: 1024px) 100vw, 1024px\" \/><\/a><\/figure>\n<\/div>\n<\/div>\n\n\n\n<p><br>Por su parte, el presidente Mulino anunci\u00f3 que, el pr\u00f3ximo 2 de diciembre, se presentar\u00e1 la Carta de Panam\u00e1 para adherirse plenamente al Mercosur, con lo cual se abren tambi\u00e9n grandes oportunidades para el sector exportador de Panam\u00e1. Entre los productos locales que podr\u00edan beneficiarse con exportaciones a Paraguay est\u00e1n la pi\u00f1a, sand\u00eda, mel\u00f3n, yuca y papaya.<br>\u00abSin duda la integraci\u00f3n es el futuro. No nos podemos quedar cada quien due\u00f1o de su capilla, porque (as\u00ed) no vamos a crecer\u00bb, expres\u00f3 el presidente Mulino en una declaraci\u00f3n conjunta ante los medios de comunicaci\u00f3n.<br>\u00abEstamos dibujando ya, en blanco y negro, una ruta en cuanto al proceso de integraci\u00f3n de Panam\u00e1 con Paraguay, en las puertas del anuncio que haremos el 2 de diciembre en Brasilia\u00bb, destac\u00f3.<br>La intenci\u00f3n es aprovechar la posici\u00f3n estrat\u00e9gica de Panam\u00e1 para convertirse en un centro de conectividad que una a los pa\u00edses del Mercosur con Am\u00e9rica del Norte y otros puntos del globo, utilizando el Canal, la red de aeropuertos del pa\u00eds y los puertos mar\u00edtimos.<br>El presidente Pe\u00f1a, por su parte, indic\u00f3 que el inter\u00e9s de Paraguay es aprovechar la desarrollada plataforma log\u00edstica de Panam\u00e1 para acceder a los mercados regionales, entre ellos el Caribe y Centroam\u00e9rica.<br>Tambi\u00e9n se\u00f1al\u00f3 que este proceso de integraci\u00f3n al Mercosur podr\u00eda permitir que Paraguay y Panam\u00e1 establezcan alianzas en el sector financiero, la fabricaci\u00f3n de medicamentos e incluso en la actividad inmobiliaria, tomando como referencia el desarrollo de este sector en la plaza paname\u00f1a.<br>Pe\u00f1a expres\u00f3 su aprecio y admiraci\u00f3n por su hom\u00f3logo paname\u00f1o, elogiando su iniciativa y trabajo para promover la integraci\u00f3n regional.<br>Seg\u00fan Pe\u00f1a, esta integraci\u00f3n generar\u00e1 progreso y desarrollo para ambos pueblos mediante el aumento de inversiones y la creaci\u00f3n de m\u00e1s empleos, lo que resultar\u00e1 en una mejor calidad de vida para los ciudadanos de Panam\u00e1 y Paraguay.<\/p>\n\n\n\n<p>\u00abPor mucho tiempo hemos anhelado que Panam\u00e1 pueda mirar hacia el Sur. Panam\u00e1, una naci\u00f3n que ha sabido integrarse al mundo, no solamente a trav\u00e9s de esa obra fant\u00e1stica de los paname\u00f1os, el Canal de Panam\u00e1, que permite unir el Atl\u00e1ntico con el Pac\u00edfico, sino tambi\u00e9n lo que ha sido el aeropuerto de Tocumen, que los paraguayos sabemos muy bien que se ha constituido en nuestra principal plataforma de integraci\u00f3n, no solamente para el resto de los pa\u00edses de Am\u00e9rica Latina, sino del mundo\u00bb, declar\u00f3 Pe\u00f1a.<br>Mulino aprovech\u00f3 el encuentro para invitar al presidente Pe\u00f1a a participar en el Foro Econ\u00f3mico de Panam\u00e1 que desarrollar\u00e1 la CAF a finales de enero de 2026, como una oportunidad para acercar a los empresarios de ambos pa\u00edses.<\/p>\n\n\n\n<p>Encuentro bilateral y reuni\u00f3n ampliada<br>En primera instancia se desarroll\u00f3 una reuni\u00f3n privada en el despacho del presidente Mulino, en la cual estuvo acompa\u00f1ado del canciller de la Rep\u00fablica, Javier Mart\u00ednez-Acha, mientras que al presidente Pe\u00f1a le asisti\u00f3 Rub\u00e9n Ram\u00edrez Lezcano, ministro de Relaciones Exteriores de Paraguay.<br>Luego se abri\u00f3 el comp\u00e1s para una reuni\u00f3n ampliada en el Sal\u00f3n del Consejo de Gabinete.<br>A este encuentro se sumaron, por Paraguay: Enrique Jara Ocampos, embajador en Panam\u00e1; Jos\u00e9 Carlos Mart\u00edn Camperchioli, presidente del Servicio Nacional de Sanidad Animal (SENACSA); Luis Enrique Strubing Cartes, director general de Ceremonial del Estado; y el ministro Fernando Fronciani, director general de Protocolo de Canciller\u00eda.<br>La parte paname\u00f1a la completaron el embajador de Panam\u00e1 en Paraguay, Humberto Gir\u00f3n-Soto; y los ministros Juan Carlos Orillac (Presidencia); Roberto Linares (Desarrollo Agropecuario); Felipe Chapman (Econom\u00eda y Finanzas) y Eduardo Arango (Comercio e Industrias, encargado).<\/p>\n","protected":false},"excerpt":{"rendered":"<p>El presidente de la Rep\u00fablica, Jos\u00e9 Ra\u00fal Mulino, recibi\u00f3 este lunes en el Palacio de las Garzas a su hom\u00f3logo de Paraguay, Santiago Pe\u00f1a Palacios, con el prop\u00f3sito de celebrar reuniones que promuevan la integraci\u00f3n bilateral, y acompa\u00f1ar a Panam\u00e1 en la recta final de su incorporaci\u00f3n al Mercado Com\u00fan del Sur (Mercosur). El mandatario [&hellip;]<\/p>\n","protected":false},"author":3,"featured_media":17936,"comment_status":"open","ping_status":"open","sticky":false,"template":"","format":"standard","meta":{"footnotes":""},"categories":[36],"tags":[],"class_list":["post-17934","post","type-post","status-publish","format-standard","has-post-thumbnail","hentry","category-nacionales"],"_links":{"self":[{"href":"https:\/\/alminutonoticia.com\/noticias\/wp-json\/wp\/v2\/posts\/17934","targetHints":{"allow":["GET"]}}],"collection":[{"href":"https:\/\/alminutonoticia.com\/noticias\/wp-json\/wp\/v2\/posts"}],"about":[{"href":"https:\/\/alminutonoticia.com\/noticias\/wp-json\/wp\/v2\/types\/post"}],"author":[{"embeddable":true,"href":"https:\/\/alminutonoticia.com\/noticias\/wp-json\/wp\/v2\/users\/3"}],"replies":[{"embeddable":true,"href":"https:\/\/alminutonoticia.com\/noticias\/wp-json\/wp\/v2\/comments?post=17934"}],"version-history":[{"count":1,"href":"https:\/\/alminutonoticia.com\/noticias\/wp-json\/wp\/v2\/posts\/17934\/revisions"}],"predecessor-version":[{"id":17937,"href":"https:\/\/alminutonoticia.com\/noticias\/wp-json\/wp\/v2\/posts\/17934\/revisions\/17937"}],"wp:featuredmedia":[{"embeddable":true,"href":"https:\/\/alminutonoticia.com\/noticias\/wp-json\/wp\/v2\/media\/17936"}],"wp:attachment":[{"href":"https:\/\/alminutonoticia.com\/noticias\/wp-json\/wp\/v2\/media?parent=17934"}],"wp:term":[{"taxonomy":"category","embeddable":true,"href":"https:\/\/alminutonoticia.com\/noticias\/wp-json\/wp\/v2\/categories?post=17934"},{"taxonomy":"post_tag","embeddable":true,"href":"https:\/\/alminutonoticia.com\/noticias\/wp-json\/wp\/v2\/tags?post=17934"}],"curies":[{"name":"wp","href":"https:\/\/api.w.org\/{rel}","templated":true}]}}