{"id":17928,"date":"2025-10-21T03:23:07","date_gmt":"2025-10-21T03:23:07","guid":{"rendered":"https:\/\/alminutonoticia.com\/noticias\/?p=17928"},"modified":"2025-10-21T03:24:27","modified_gmt":"2025-10-21T03:24:27","slug":"panama-lidera-segunda-ronda-de-union-aduanera-de-centroamerica-durante-su-presidencia-pro-tempore","status":"publish","type":"post","link":"https:\/\/alminutonoticia.com\/noticias\/panama-lidera-segunda-ronda-de-union-aduanera-de-centroamerica-durante-su-presidencia-pro-tempore\/","title":{"rendered":"Panam\u00e1 lidera segunda ronda de Uni\u00f3n Aduanera de Centroam\u00e9rica durante su Presidencia Pro Tempore"},"content":{"rendered":"\n<p>En el marco de la Presidencia Pro Tempore que ostenta la Rep\u00fablica de Panam\u00e1 durante el segundo semestre de 2025, inicio este lunes la Segunda Ronda de la Uni\u00f3n Aduanera de Centroam\u00e9rica, como parte del proceso de integraci\u00f3n regional impulsado por el Subsistema de Integraci\u00f3n Econ\u00f3mica Centroamericana.<\/p>\n\n\n\n<p>El ministro de Comercio e Industrias, Julio Molt\u00f3, destac\u00f3 la relevancia de estas reuniones t\u00e9cnicas, reafirmando el compromiso de Panam\u00e1 de ejercer un liderazgo activo y efectivo durante su Presidencia Pro Tempore.<\/p>\n\n\n\n<p>\u201cPanam\u00e1 asume con responsabilidad esta oportunidad de liderazgo regional, convencidos de que, a trav\u00e9s del trabajo coordinado entre los seis pa\u00edses, podemos alcanzar resultados concretos que impacten positivamente los objetivos trazados en el plan de trabajo de este a\u00f1o\u201d, expres\u00f3 Molt\u00f3.<\/p>\n\n\n\n<div class=\"wp-block-columns is-layout-flex wp-container-core-columns-is-layout-28f84493 wp-block-columns-is-layout-flex\">\n<div class=\"wp-block-column is-layout-flow wp-block-column-is-layout-flow\" style=\"flex-basis:50%\">\n<figure class=\"wp-block-image size-large\"><a href=\"https:\/\/alminutonoticia.com\/noticias\/wp-content\/uploads\/2025\/10\/WhatsApp-Image-2025-10-20-at-7.34.06-PM-3.jpeg\"><img fetchpriority=\"high\" decoding=\"async\" width=\"1024\" height=\"682\" src=\"https:\/\/alminutonoticia.com\/noticias\/wp-content\/uploads\/2025\/10\/WhatsApp-Image-2025-10-20-at-7.34.06-PM-3-1024x682.jpeg\" alt=\"\" class=\"wp-image-17929\" title=\"\" srcset=\"https:\/\/alminutonoticia.com\/noticias\/wp-content\/uploads\/2025\/10\/WhatsApp-Image-2025-10-20-at-7.34.06-PM-3-1024x682.jpeg 1024w, https:\/\/alminutonoticia.com\/noticias\/wp-content\/uploads\/2025\/10\/WhatsApp-Image-2025-10-20-at-7.34.06-PM-3-300x200.jpeg 300w, https:\/\/alminutonoticia.com\/noticias\/wp-content\/uploads\/2025\/10\/WhatsApp-Image-2025-10-20-at-7.34.06-PM-3-768x512.jpeg 768w, https:\/\/alminutonoticia.com\/noticias\/wp-content\/uploads\/2025\/10\/WhatsApp-Image-2025-10-20-at-7.34.06-PM-3-1536x1024.jpeg 1536w, https:\/\/alminutonoticia.com\/noticias\/wp-content\/uploads\/2025\/10\/WhatsApp-Image-2025-10-20-at-7.34.06-PM-3-2048x1365.jpeg 2048w\" sizes=\"(max-width: 1024px) 100vw, 1024px\" \/><\/a><\/figure>\n<\/div>\n\n\n\n<div class=\"wp-block-column is-layout-flow wp-block-column-is-layout-flow\" style=\"flex-basis:50%\">\n<figure class=\"wp-block-image size-large\"><a href=\"https:\/\/alminutonoticia.com\/noticias\/wp-content\/uploads\/2025\/10\/WhatsApp-Image-2025-10-20-at-7.34.05-PM-4.jpeg\"><img decoding=\"async\" width=\"1024\" height=\"682\" src=\"https:\/\/alminutonoticia.com\/noticias\/wp-content\/uploads\/2025\/10\/WhatsApp-Image-2025-10-20-at-7.34.05-PM-4-1024x682.jpeg\" alt=\"\" class=\"wp-image-17930\" title=\"\" srcset=\"https:\/\/alminutonoticia.com\/noticias\/wp-content\/uploads\/2025\/10\/WhatsApp-Image-2025-10-20-at-7.34.05-PM-4-1024x682.jpeg 1024w, https:\/\/alminutonoticia.com\/noticias\/wp-content\/uploads\/2025\/10\/WhatsApp-Image-2025-10-20-at-7.34.05-PM-4-300x200.jpeg 300w, https:\/\/alminutonoticia.com\/noticias\/wp-content\/uploads\/2025\/10\/WhatsApp-Image-2025-10-20-at-7.34.05-PM-4-768x512.jpeg 768w, https:\/\/alminutonoticia.com\/noticias\/wp-content\/uploads\/2025\/10\/WhatsApp-Image-2025-10-20-at-7.34.05-PM-4-1536x1024.jpeg 1536w, https:\/\/alminutonoticia.com\/noticias\/wp-content\/uploads\/2025\/10\/WhatsApp-Image-2025-10-20-at-7.34.05-PM-4-2048x1365.jpeg 2048w\" sizes=\"(max-width: 1024px) 100vw, 1024px\" \/><\/a><\/figure>\n<\/div>\n<\/div>\n\n\n\n<p>El encuentro, que se desarroll\u00f3 en modalidad presencial y virtual, reuni\u00f3 a los Directores de Integraci\u00f3n Econ\u00f3mica de Costa Rica, Guatemala, El Salvador, Nicaragua y, de manera h\u00edbrida, a representantes de Honduras. Tambi\u00e9n particip\u00f3 el Grupo T\u00e9cnico Normativo y el Grupo T\u00e9cnico Informativo integrados por autoridades aduaneras, estos grupos t\u00e9cnicos impulsan el progreso de los temas prioritarios de la agenda, orientados a la armonizaci\u00f3n normativa y al fortalecimiento de los procesos regionales en el \u00e1mbito aduanero.<\/p>\n\n\n\n<p>Durante esta ronda, los equipos t\u00e9cnicos trabajaron en la armonizaci\u00f3n normativa, modernizaci\u00f3n de procedimientos aduaneros y otros aspectos clave para fortalecer el comercio intrarregional y avanzar en la consolidaci\u00f3n del Mercado Com\u00fan Centroamericano.<\/p>\n\n\n\n<div class=\"wp-block-columns is-layout-flex wp-container-core-columns-is-layout-28f84493 wp-block-columns-is-layout-flex\">\n<div class=\"wp-block-column is-layout-flow wp-block-column-is-layout-flow\" style=\"flex-basis:50%\">\n<figure class=\"wp-block-image size-large\"><a href=\"https:\/\/alminutonoticia.com\/noticias\/wp-content\/uploads\/2025\/10\/WhatsApp-Image-2025-10-20-at-7.34.06-PM.jpeg\"><img decoding=\"async\" width=\"1024\" height=\"682\" src=\"https:\/\/alminutonoticia.com\/noticias\/wp-content\/uploads\/2025\/10\/WhatsApp-Image-2025-10-20-at-7.34.06-PM-1024x682.jpeg\" alt=\"\" class=\"wp-image-17931\" title=\"\" srcset=\"https:\/\/alminutonoticia.com\/noticias\/wp-content\/uploads\/2025\/10\/WhatsApp-Image-2025-10-20-at-7.34.06-PM-1024x682.jpeg 1024w, https:\/\/alminutonoticia.com\/noticias\/wp-content\/uploads\/2025\/10\/WhatsApp-Image-2025-10-20-at-7.34.06-PM-300x200.jpeg 300w, https:\/\/alminutonoticia.com\/noticias\/wp-content\/uploads\/2025\/10\/WhatsApp-Image-2025-10-20-at-7.34.06-PM-768x512.jpeg 768w, https:\/\/alminutonoticia.com\/noticias\/wp-content\/uploads\/2025\/10\/WhatsApp-Image-2025-10-20-at-7.34.06-PM-1536x1024.jpeg 1536w, https:\/\/alminutonoticia.com\/noticias\/wp-content\/uploads\/2025\/10\/WhatsApp-Image-2025-10-20-at-7.34.06-PM-2048x1365.jpeg 2048w\" sizes=\"(max-width: 1024px) 100vw, 1024px\" \/><\/a><\/figure>\n<\/div>\n\n\n\n<div class=\"wp-block-column is-layout-flow wp-block-column-is-layout-flow\" style=\"flex-basis:50%\">\n<figure class=\"wp-block-image size-large\"><a href=\"https:\/\/alminutonoticia.com\/noticias\/wp-content\/uploads\/2025\/10\/WhatsApp-Image-2025-10-20-at-7.34.05-PM-2.jpeg\"><img loading=\"lazy\" decoding=\"async\" width=\"1024\" height=\"682\" src=\"https:\/\/alminutonoticia.com\/noticias\/wp-content\/uploads\/2025\/10\/WhatsApp-Image-2025-10-20-at-7.34.05-PM-2-1024x682.jpeg\" alt=\"\" class=\"wp-image-17932\" title=\"\" srcset=\"https:\/\/alminutonoticia.com\/noticias\/wp-content\/uploads\/2025\/10\/WhatsApp-Image-2025-10-20-at-7.34.05-PM-2-1024x682.jpeg 1024w, https:\/\/alminutonoticia.com\/noticias\/wp-content\/uploads\/2025\/10\/WhatsApp-Image-2025-10-20-at-7.34.05-PM-2-300x200.jpeg 300w, https:\/\/alminutonoticia.com\/noticias\/wp-content\/uploads\/2025\/10\/WhatsApp-Image-2025-10-20-at-7.34.05-PM-2-768x512.jpeg 768w, https:\/\/alminutonoticia.com\/noticias\/wp-content\/uploads\/2025\/10\/WhatsApp-Image-2025-10-20-at-7.34.05-PM-2-1536x1024.jpeg 1536w, https:\/\/alminutonoticia.com\/noticias\/wp-content\/uploads\/2025\/10\/WhatsApp-Image-2025-10-20-at-7.34.05-PM-2-2048x1365.jpeg 2048w\" sizes=\"(max-width: 1024px) 100vw, 1024px\" \/><\/a><\/figure>\n<\/div>\n<\/div>\n\n\n\n<p>El Ministerio de Comercio e Industrias (MICI), a trav\u00e9s de la Oficina de Negociaciones Comerciales Internacionales, resalt\u00f3 la importancia de continuar impulsando estos foros como espacios fundamentales para el fortalecimiento de la integraci\u00f3n econ\u00f3mica regional.<\/p>\n\n\n\n<p>La Segunda Ronda de la Uni\u00f3n Aduanera representa un paso clave hacia una mayor integraci\u00f3n regional, facilitando el comercio, reduciendo barreras t\u00e9cnicas y fomentando la competitividad de los pa\u00edses centroamericanos en el marco de la econom\u00eda global.<\/p>\n","protected":false},"excerpt":{"rendered":"<p>En el marco de la Presidencia Pro Tempore que ostenta la Rep\u00fablica de Panam\u00e1 durante el segundo semestre de 2025, inicio este lunes la Segunda Ronda de la Uni\u00f3n Aduanera de Centroam\u00e9rica, como parte del proceso de integraci\u00f3n regional impulsado por el Subsistema de Integraci\u00f3n Econ\u00f3mica Centroamericana. El ministro de Comercio e Industrias, Julio Molt\u00f3, [&hellip;]<\/p>\n","protected":false},"author":3,"featured_media":17930,"comment_status":"open","ping_status":"open","sticky":false,"template":"","format":"standard","meta":{"footnotes":""},"categories":[36,39],"tags":[],"class_list":["post-17928","post","type-post","status-publish","format-standard","has-post-thumbnail","hentry","category-nacionales","category-internacionales"],"_links":{"self":[{"href":"https:\/\/alminutonoticia.com\/noticias\/wp-json\/wp\/v2\/posts\/17928","targetHints":{"allow":["GET"]}}],"collection":[{"href":"https:\/\/alminutonoticia.com\/noticias\/wp-json\/wp\/v2\/posts"}],"about":[{"href":"https:\/\/alminutonoticia.com\/noticias\/wp-json\/wp\/v2\/types\/post"}],"author":[{"embeddable":true,"href":"https:\/\/alminutonoticia.com\/noticias\/wp-json\/wp\/v2\/users\/3"}],"replies":[{"embeddable":true,"href":"https:\/\/alminutonoticia.com\/noticias\/wp-json\/wp\/v2\/comments?post=17928"}],"version-history":[{"count":1,"href":"https:\/\/alminutonoticia.com\/noticias\/wp-json\/wp\/v2\/posts\/17928\/revisions"}],"predecessor-version":[{"id":17933,"href":"https:\/\/alminutonoticia.com\/noticias\/wp-json\/wp\/v2\/posts\/17928\/revisions\/17933"}],"wp:featuredmedia":[{"embeddable":true,"href":"https:\/\/alminutonoticia.com\/noticias\/wp-json\/wp\/v2\/media\/17930"}],"wp:attachment":[{"href":"https:\/\/alminutonoticia.com\/noticias\/wp-json\/wp\/v2\/media?parent=17928"}],"wp:term":[{"taxonomy":"category","embeddable":true,"href":"https:\/\/alminutonoticia.com\/noticias\/wp-json\/wp\/v2\/categories?post=17928"},{"taxonomy":"post_tag","embeddable":true,"href":"https:\/\/alminutonoticia.com\/noticias\/wp-json\/wp\/v2\/tags?post=17928"}],"curies":[{"name":"wp","href":"https:\/\/api.w.org\/{rel}","templated":true}]}}