{"id":17917,"date":"2025-10-21T01:41:20","date_gmt":"2025-10-21T01:41:20","guid":{"rendered":"https:\/\/alminutonoticia.com\/noticias\/?p=17917"},"modified":"2025-10-21T01:46:33","modified_gmt":"2025-10-21T01:46:33","slug":"yajaira-pitti-directora-general-del-inadeh-abanderada-en-los-actos-de-fundacion-de-la-pintada","status":"publish","type":"post","link":"https:\/\/alminutonoticia.com\/noticias\/yajaira-pitti-directora-general-del-inadeh-abanderada-en-los-actos-de-fundacion-de-la-pintada\/","title":{"rendered":"Yajaira Pitti, Directora General del INADEH, abanderada en los actos de fundaci\u00f3n de La Pintada"},"content":{"rendered":"\n<p>En el marco de la conmemoraci\u00f3n de los 177 a\u00f1os de fundaci\u00f3n del distrito de La Pintada, la Directora General del Instituto Nacional de Formaci\u00f3n Profesional y Capacitaci\u00f3n para el Desarrollo Humano (INADEH), Yajaira Pitti, fue distinguida como abanderada de honor durante los actos c\u00edvicos realizados este 19 de octubre.<\/p>\n\n\n\n<p>El reconocimiento resalta su compromiso con la formaci\u00f3n profesional, la inclusi\u00f3n y el fortalecimiento de las capacidades humanas en todo el pa\u00eds, as\u00ed como la labor del INADEH en promover oportunidades de capacitaci\u00f3n que impulsan el desarrollo social y econ\u00f3mico de las comunidades.<\/p>\n\n\n\n<p>La Pintada, uno de los distritos m\u00e1s representativos de la provincia de Cocl\u00e9, se distingue por su tradici\u00f3n artesanal, su producci\u00f3n del sombrero pintado y su valioso legado cultural, elementos que la convierten en un referente de identidad nacional.<\/p>\n\n\n\n<div class=\"wp-block-columns is-layout-flex wp-container-core-columns-is-layout-28f84493 wp-block-columns-is-layout-flex\">\n<div class=\"wp-block-column is-layout-flow wp-block-column-is-layout-flow\">\n<figure class=\"wp-block-image size-large\"><a href=\"https:\/\/alminutonoticia.com\/noticias\/wp-content\/uploads\/2025\/10\/WhatsApp-Image-2025-10-20-at-7.33.29-PM.jpeg\"><img fetchpriority=\"high\" decoding=\"async\" width=\"1024\" height=\"686\" src=\"https:\/\/alminutonoticia.com\/noticias\/wp-content\/uploads\/2025\/10\/WhatsApp-Image-2025-10-20-at-7.33.29-PM-1024x686.jpeg\" alt=\"\" class=\"wp-image-17918\" title=\"\" srcset=\"https:\/\/alminutonoticia.com\/noticias\/wp-content\/uploads\/2025\/10\/WhatsApp-Image-2025-10-20-at-7.33.29-PM-1024x686.jpeg 1024w, https:\/\/alminutonoticia.com\/noticias\/wp-content\/uploads\/2025\/10\/WhatsApp-Image-2025-10-20-at-7.33.29-PM-300x201.jpeg 300w, https:\/\/alminutonoticia.com\/noticias\/wp-content\/uploads\/2025\/10\/WhatsApp-Image-2025-10-20-at-7.33.29-PM-768x515.jpeg 768w, https:\/\/alminutonoticia.com\/noticias\/wp-content\/uploads\/2025\/10\/WhatsApp-Image-2025-10-20-at-7.33.29-PM.jpeg 1040w\" sizes=\"(max-width: 1024px) 100vw, 1024px\" \/><\/a><\/figure>\n<\/div>\n\n\n\n<div class=\"wp-block-column is-layout-flow wp-block-column-is-layout-flow\">\n<figure class=\"wp-block-image size-large\"><a href=\"https:\/\/alminutonoticia.com\/noticias\/wp-content\/uploads\/2025\/10\/WhatsApp-Image-2025-10-20-at-7.33.28-PM.jpeg\"><img decoding=\"async\" width=\"1024\" height=\"688\" src=\"https:\/\/alminutonoticia.com\/noticias\/wp-content\/uploads\/2025\/10\/WhatsApp-Image-2025-10-20-at-7.33.28-PM-1024x688.jpeg\" alt=\"\" class=\"wp-image-17919\" title=\"\" srcset=\"https:\/\/alminutonoticia.com\/noticias\/wp-content\/uploads\/2025\/10\/WhatsApp-Image-2025-10-20-at-7.33.28-PM-1024x688.jpeg 1024w, https:\/\/alminutonoticia.com\/noticias\/wp-content\/uploads\/2025\/10\/WhatsApp-Image-2025-10-20-at-7.33.28-PM-300x202.jpeg 300w, https:\/\/alminutonoticia.com\/noticias\/wp-content\/uploads\/2025\/10\/WhatsApp-Image-2025-10-20-at-7.33.28-PM-768x516.jpeg 768w, https:\/\/alminutonoticia.com\/noticias\/wp-content\/uploads\/2025\/10\/WhatsApp-Image-2025-10-20-at-7.33.28-PM.jpeg 1040w\" sizes=\"(max-width: 1024px) 100vw, 1024px\" \/><\/a><\/figure>\n<\/div>\n<\/div>\n\n\n\n<blockquote class=\"wp-block-quote is-layout-flow wp-block-quote-is-layout-flow\">\n<p>\u201cRecibir esta distinci\u00f3n en un pueblo que representa la esencia de nuestra cultura es un honor que refuerza el compromiso del INADEH con el desarrollo del talento paname\u00f1o\u201d, expres\u00f3 Pitti.<\/p>\n<\/blockquote>\n\n\n\n<figure class=\"wp-block-image size-large\"><a href=\"https:\/\/alminutonoticia.com\/noticias\/wp-content\/uploads\/2025\/10\/WhatsApp-Image-2025-10-20-at-7.33.28-PM-1.jpeg\"><img decoding=\"async\" width=\"1024\" height=\"682\" src=\"https:\/\/alminutonoticia.com\/noticias\/wp-content\/uploads\/2025\/10\/WhatsApp-Image-2025-10-20-at-7.33.28-PM-1-1024x682.jpeg\" alt=\"\" class=\"wp-image-17920\" title=\"\" srcset=\"https:\/\/alminutonoticia.com\/noticias\/wp-content\/uploads\/2025\/10\/WhatsApp-Image-2025-10-20-at-7.33.28-PM-1-1024x682.jpeg 1024w, https:\/\/alminutonoticia.com\/noticias\/wp-content\/uploads\/2025\/10\/WhatsApp-Image-2025-10-20-at-7.33.28-PM-1-300x200.jpeg 300w, https:\/\/alminutonoticia.com\/noticias\/wp-content\/uploads\/2025\/10\/WhatsApp-Image-2025-10-20-at-7.33.28-PM-1-768x512.jpeg 768w, https:\/\/alminutonoticia.com\/noticias\/wp-content\/uploads\/2025\/10\/WhatsApp-Image-2025-10-20-at-7.33.28-PM-1.jpeg 1280w\" sizes=\"(max-width: 1024px) 100vw, 1024px\" \/><\/a><\/figure>\n\n\n\n<p>El INADEH mantiene presencia activa en la regi\u00f3n coclesana con programas enfocados en turismo, artesan\u00edas, gastronom\u00eda, electricidad, emprendimiento y tecnolog\u00edas aplicadas, reafirmando su misi\u00f3n de acercar la formaci\u00f3n profesional a todos los rincones del pa\u00eds.<\/p>\n","protected":false},"excerpt":{"rendered":"<p>En el marco de la conmemoraci\u00f3n de los 177 a\u00f1os de fundaci\u00f3n del distrito de La Pintada, la Directora General del Instituto Nacional de Formaci\u00f3n Profesional y Capacitaci\u00f3n para el Desarrollo Humano (INADEH), Yajaira Pitti, fue distinguida como abanderada de honor durante los actos c\u00edvicos realizados este 19 de octubre. El reconocimiento resalta su compromiso [&hellip;]<\/p>\n","protected":false},"author":3,"featured_media":17920,"comment_status":"open","ping_status":"open","sticky":false,"template":"","format":"standard","meta":{"footnotes":""},"categories":[36,41],"tags":[],"class_list":["post-17917","post","type-post","status-publish","format-standard","has-post-thumbnail","hentry","category-nacionales","category-cultura-y-farandula"],"_links":{"self":[{"href":"https:\/\/alminutonoticia.com\/noticias\/wp-json\/wp\/v2\/posts\/17917","targetHints":{"allow":["GET"]}}],"collection":[{"href":"https:\/\/alminutonoticia.com\/noticias\/wp-json\/wp\/v2\/posts"}],"about":[{"href":"https:\/\/alminutonoticia.com\/noticias\/wp-json\/wp\/v2\/types\/post"}],"author":[{"embeddable":true,"href":"https:\/\/alminutonoticia.com\/noticias\/wp-json\/wp\/v2\/users\/3"}],"replies":[{"embeddable":true,"href":"https:\/\/alminutonoticia.com\/noticias\/wp-json\/wp\/v2\/comments?post=17917"}],"version-history":[{"count":1,"href":"https:\/\/alminutonoticia.com\/noticias\/wp-json\/wp\/v2\/posts\/17917\/revisions"}],"predecessor-version":[{"id":17921,"href":"https:\/\/alminutonoticia.com\/noticias\/wp-json\/wp\/v2\/posts\/17917\/revisions\/17921"}],"wp:featuredmedia":[{"embeddable":true,"href":"https:\/\/alminutonoticia.com\/noticias\/wp-json\/wp\/v2\/media\/17920"}],"wp:attachment":[{"href":"https:\/\/alminutonoticia.com\/noticias\/wp-json\/wp\/v2\/media?parent=17917"}],"wp:term":[{"taxonomy":"category","embeddable":true,"href":"https:\/\/alminutonoticia.com\/noticias\/wp-json\/wp\/v2\/categories?post=17917"},{"taxonomy":"post_tag","embeddable":true,"href":"https:\/\/alminutonoticia.com\/noticias\/wp-json\/wp\/v2\/tags?post=17917"}],"curies":[{"name":"wp","href":"https:\/\/api.w.org\/{rel}","templated":true}]}}