{"id":17905,"date":"2025-10-21T01:36:21","date_gmt":"2025-10-21T01:36:21","guid":{"rendered":"https:\/\/alminutonoticia.com\/noticias\/?p=17905"},"modified":"2025-10-21T01:36:57","modified_gmt":"2025-10-21T01:36:57","slug":"mici-y-gobierno-de-canada-impulsan-iniciativa-para-potenciar-la-oferta-exportable-panamena","status":"publish","type":"post","link":"https:\/\/alminutonoticia.com\/noticias\/mici-y-gobierno-de-canada-impulsan-iniciativa-para-potenciar-la-oferta-exportable-panamena\/","title":{"rendered":"MICI y Gobierno de Canad\u00e1 impulsan iniciativa para potenciar la oferta exportable paname\u00f1a"},"content":{"rendered":"\n<p>En un esfuerzo conjunto entre el Ministerio de Comercio e Industrias (MICI), el Gobierno de Canad\u00e1 y la consultora internacional Globally Cool, fue lanzado oficialmente el proyecto \u201cFormaci\u00f3n y Acompa\u00f1amiento Exportador hacia Canad\u00e1\u201d, una iniciativa orientada a fortalecer la capacidad exportadora paname\u00f1a y abrir nuevas oportunidades en el mercado canadiense.<\/p>\n\n\n\n<p><br>Este proyecto surge en el marco del Tratado de Libre Comercio (TLC) entre Panam\u00e1 y Canad\u00e1, espec\u00edficamente del cap\u00edtulo de Cooperaci\u00f3n relacionada con el Comercio, y cuenta con el respaldo t\u00e9cnico del Gobierno canadiense a trav\u00e9s del Mecanismo de Despliegue de Expertos en Comercio y Desarrollo.<\/p>\n\n\n\n<p><br>Durante el acto de lanzamiento, la viceministra de Comercio Exterior, Astrid \u00c1brego, destac\u00f3 que esta iniciativa capacitar\u00e1 a funcionarios p\u00fablicos, gremios empresariales, academia y sectores con alto potencial exportador, como el agropecuario, agroindustrial y pesquero-acu\u00edcola. Adem\u00e1s, se\u00f1al\u00f3 que esta es una de cuatro iniciativas en ejecuci\u00f3n actualmente, todas propuestas por instituciones paname\u00f1as.<\/p>\n\n\n\n<div class=\"wp-block-columns is-layout-flex wp-container-core-columns-is-layout-28f84493 wp-block-columns-is-layout-flex\">\n<div class=\"wp-block-column is-layout-flow wp-block-column-is-layout-flow\">\n<figure class=\"wp-block-image size-large\"><a href=\"https:\/\/alminutonoticia.com\/noticias\/wp-content\/uploads\/2025\/10\/WhatsApp-Image-2025-10-20-at-7.34.22-PM-1.jpeg\"><img fetchpriority=\"high\" decoding=\"async\" width=\"1024\" height=\"683\" src=\"https:\/\/alminutonoticia.com\/noticias\/wp-content\/uploads\/2025\/10\/WhatsApp-Image-2025-10-20-at-7.34.22-PM-1-1024x683.jpeg\" alt=\"\" class=\"wp-image-17906\" title=\"\" srcset=\"https:\/\/alminutonoticia.com\/noticias\/wp-content\/uploads\/2025\/10\/WhatsApp-Image-2025-10-20-at-7.34.22-PM-1-1024x683.jpeg 1024w, https:\/\/alminutonoticia.com\/noticias\/wp-content\/uploads\/2025\/10\/WhatsApp-Image-2025-10-20-at-7.34.22-PM-1-300x200.jpeg 300w, https:\/\/alminutonoticia.com\/noticias\/wp-content\/uploads\/2025\/10\/WhatsApp-Image-2025-10-20-at-7.34.22-PM-1-768x512.jpeg 768w, https:\/\/alminutonoticia.com\/noticias\/wp-content\/uploads\/2025\/10\/WhatsApp-Image-2025-10-20-at-7.34.22-PM-1.jpeg 1280w\" sizes=\"(max-width: 1024px) 100vw, 1024px\" \/><\/a><\/figure>\n<\/div>\n\n\n\n<div class=\"wp-block-column is-layout-flow wp-block-column-is-layout-flow\">\n<figure class=\"wp-block-image size-large\"><a href=\"https:\/\/alminutonoticia.com\/noticias\/wp-content\/uploads\/2025\/10\/WhatsApp-Image-2025-10-20-at-7.34.22-PM-2.jpeg\"><img decoding=\"async\" width=\"1024\" height=\"683\" src=\"https:\/\/alminutonoticia.com\/noticias\/wp-content\/uploads\/2025\/10\/WhatsApp-Image-2025-10-20-at-7.34.22-PM-2-1024x683.jpeg\" alt=\"\" class=\"wp-image-17907\" title=\"\" srcset=\"https:\/\/alminutonoticia.com\/noticias\/wp-content\/uploads\/2025\/10\/WhatsApp-Image-2025-10-20-at-7.34.22-PM-2-1024x683.jpeg 1024w, https:\/\/alminutonoticia.com\/noticias\/wp-content\/uploads\/2025\/10\/WhatsApp-Image-2025-10-20-at-7.34.22-PM-2-300x200.jpeg 300w, https:\/\/alminutonoticia.com\/noticias\/wp-content\/uploads\/2025\/10\/WhatsApp-Image-2025-10-20-at-7.34.22-PM-2-768x512.jpeg 768w, https:\/\/alminutonoticia.com\/noticias\/wp-content\/uploads\/2025\/10\/WhatsApp-Image-2025-10-20-at-7.34.22-PM-2.jpeg 1280w\" sizes=\"(max-width: 1024px) 100vw, 1024px\" \/><\/a><\/figure>\n<\/div>\n<\/div>\n\n\n\n<p><br>\u201cAgradecemos profundamente al Gobierno de Canad\u00e1 por su compromiso con el desarrollo de nuestras capacidades institucionales y empresariales. Su apoyo t\u00e9cnico y visi\u00f3n solidaria contribuyen directamente al fortalecimiento de nuestra pol\u00edtica comercial y a la generaci\u00f3n de beneficios tangibles para nuestras empresarias, empresarios y territorios productivos\u201d, afirm\u00f3 \u00c1brego.<\/p>\n\n\n\n<p><br>La embajadora de Canad\u00e1 en Panam\u00e1, Patricia Atkinson, expres\u00f3 su agradecimiento a los participantes y los motiv\u00f3 a aprovechar esta oportunidad que busca potenciar las exportaciones paname\u00f1as hacia Canad\u00e1. Subray\u00f3 adem\u00e1s la solidez de las relaciones comerciales bilaterales y los esfuerzos conjuntos para revitalizar el mecanismo de cooperaci\u00f3n t\u00e9cnica del TLC.<br>\u201cSe espera que este programa contribuya significativamente al incremento del volumen de exportaciones paname\u00f1as hacia el mercado canadiense\u201d, a\u00f1adi\u00f3 Atkinson.<\/p>\n\n\n\n<p><br>El proyecto incluye la realizaci\u00f3n de un Taller T\u00e9cnico sobre exportaci\u00f3n a Canad\u00e1 y un Programa de Formadores de Formadores para capacitar a funcionarios del MICI, MIDA y ARAP. La ejecuci\u00f3n t\u00e9cnica est\u00e1 a cargo de la firma Globally Cool.<\/p>\n\n\n\n<figure class=\"wp-block-image size-large\"><a href=\"https:\/\/alminutonoticia.com\/noticias\/wp-content\/uploads\/2025\/10\/WhatsApp-Image-2025-10-20-at-7.34.22-PM.jpeg\"><img decoding=\"async\" width=\"1024\" height=\"683\" src=\"https:\/\/alminutonoticia.com\/noticias\/wp-content\/uploads\/2025\/10\/WhatsApp-Image-2025-10-20-at-7.34.22-PM-1024x683.jpeg\" alt=\"\" class=\"wp-image-17908\" title=\"\" srcset=\"https:\/\/alminutonoticia.com\/noticias\/wp-content\/uploads\/2025\/10\/WhatsApp-Image-2025-10-20-at-7.34.22-PM-1024x683.jpeg 1024w, https:\/\/alminutonoticia.com\/noticias\/wp-content\/uploads\/2025\/10\/WhatsApp-Image-2025-10-20-at-7.34.22-PM-300x200.jpeg 300w, https:\/\/alminutonoticia.com\/noticias\/wp-content\/uploads\/2025\/10\/WhatsApp-Image-2025-10-20-at-7.34.22-PM-768x512.jpeg 768w, https:\/\/alminutonoticia.com\/noticias\/wp-content\/uploads\/2025\/10\/WhatsApp-Image-2025-10-20-at-7.34.22-PM.jpeg 1280w\" sizes=\"(max-width: 1024px) 100vw, 1024px\" \/><\/a><\/figure>\n\n\n\n<p><br>Adem\u00e1s, las empresarias seleccionadas recibir\u00e1n asesor\u00eda personalizada para desarrollar un plan de exportaci\u00f3n sostenible, el cual estar\u00e1 listo a finales de noviembre.<\/p>\n\n\n\n<p><br>El enfoque principal del proyecto est\u00e1 en apoyar a las Peque\u00f1as y Medianas Empresas (PyMES) de sectores estrat\u00e9gicos como el agroexportador, productos del mar y bienes con valor agregado. A trav\u00e9s de asistencia t\u00e9cnica especializada, se les dotar\u00e1 de herramientas clave para cumplir con los est\u00e1ndares de calidad, log\u00edstica y normativas canadienses. El programa contempla la elaboraci\u00f3n de planes de exportaci\u00f3n, la adaptaci\u00f3n de productos y la capacitaci\u00f3n en procesos aduaneros.<\/p>\n\n\n\n<figure class=\"wp-block-image size-large\"><a href=\"https:\/\/alminutonoticia.com\/noticias\/wp-content\/uploads\/2025\/10\/WhatsApp-Image-2025-10-20-at-7.34.23-PM.jpeg\"><img loading=\"lazy\" decoding=\"async\" width=\"1024\" height=\"683\" src=\"https:\/\/alminutonoticia.com\/noticias\/wp-content\/uploads\/2025\/10\/WhatsApp-Image-2025-10-20-at-7.34.23-PM-1024x683.jpeg\" alt=\"\" class=\"wp-image-17909\" title=\"\" srcset=\"https:\/\/alminutonoticia.com\/noticias\/wp-content\/uploads\/2025\/10\/WhatsApp-Image-2025-10-20-at-7.34.23-PM-1024x683.jpeg 1024w, https:\/\/alminutonoticia.com\/noticias\/wp-content\/uploads\/2025\/10\/WhatsApp-Image-2025-10-20-at-7.34.23-PM-300x200.jpeg 300w, https:\/\/alminutonoticia.com\/noticias\/wp-content\/uploads\/2025\/10\/WhatsApp-Image-2025-10-20-at-7.34.23-PM-768x512.jpeg 768w, https:\/\/alminutonoticia.com\/noticias\/wp-content\/uploads\/2025\/10\/WhatsApp-Image-2025-10-20-at-7.34.23-PM.jpeg 1280w\" sizes=\"(max-width: 1024px) 100vw, 1024px\" \/><\/a><\/figure>\n\n\n\n<p><br>Este esfuerzo reafirma el compromiso del MICI con el aprovechamiento estrat\u00e9gico de los acuerdos comerciales internacionales como herramientas para impulsar un desarrollo econ\u00f3mico inclusivo, competitivo y sostenible.<\/p>\n","protected":false},"excerpt":{"rendered":"<p>En un esfuerzo conjunto entre el Ministerio de Comercio e Industrias (MICI), el Gobierno de Canad\u00e1 y la consultora internacional Globally Cool, fue lanzado oficialmente el proyecto \u201cFormaci\u00f3n y Acompa\u00f1amiento Exportador hacia Canad\u00e1\u201d, una iniciativa orientada a fortalecer la capacidad exportadora paname\u00f1a y abrir nuevas oportunidades en el mercado canadiense. Este proyecto surge en el [&hellip;]<\/p>\n","protected":false},"author":3,"featured_media":17908,"comment_status":"open","ping_status":"open","sticky":false,"template":"","format":"standard","meta":{"footnotes":""},"categories":[36,38],"tags":[],"class_list":["post-17905","post","type-post","status-publish","format-standard","has-post-thumbnail","hentry","category-nacionales","category-economia"],"_links":{"self":[{"href":"https:\/\/alminutonoticia.com\/noticias\/wp-json\/wp\/v2\/posts\/17905","targetHints":{"allow":["GET"]}}],"collection":[{"href":"https:\/\/alminutonoticia.com\/noticias\/wp-json\/wp\/v2\/posts"}],"about":[{"href":"https:\/\/alminutonoticia.com\/noticias\/wp-json\/wp\/v2\/types\/post"}],"author":[{"embeddable":true,"href":"https:\/\/alminutonoticia.com\/noticias\/wp-json\/wp\/v2\/users\/3"}],"replies":[{"embeddable":true,"href":"https:\/\/alminutonoticia.com\/noticias\/wp-json\/wp\/v2\/comments?post=17905"}],"version-history":[{"count":1,"href":"https:\/\/alminutonoticia.com\/noticias\/wp-json\/wp\/v2\/posts\/17905\/revisions"}],"predecessor-version":[{"id":17910,"href":"https:\/\/alminutonoticia.com\/noticias\/wp-json\/wp\/v2\/posts\/17905\/revisions\/17910"}],"wp:featuredmedia":[{"embeddable":true,"href":"https:\/\/alminutonoticia.com\/noticias\/wp-json\/wp\/v2\/media\/17908"}],"wp:attachment":[{"href":"https:\/\/alminutonoticia.com\/noticias\/wp-json\/wp\/v2\/media?parent=17905"}],"wp:term":[{"taxonomy":"category","embeddable":true,"href":"https:\/\/alminutonoticia.com\/noticias\/wp-json\/wp\/v2\/categories?post=17905"},{"taxonomy":"post_tag","embeddable":true,"href":"https:\/\/alminutonoticia.com\/noticias\/wp-json\/wp\/v2\/tags?post=17905"}],"curies":[{"name":"wp","href":"https:\/\/api.w.org\/{rel}","templated":true}]}}