{"id":17899,"date":"2025-10-21T01:33:22","date_gmt":"2025-10-21T01:33:22","guid":{"rendered":"https:\/\/alminutonoticia.com\/noticias\/?p=17899"},"modified":"2025-10-21T01:34:06","modified_gmt":"2025-10-21T01:34:06","slug":"minsa-ops-y-oiea-lanzan-evaluaciones-impact-para-fortalecer-diagnosticos-de-cancer","status":"publish","type":"post","link":"https:\/\/alminutonoticia.com\/noticias\/minsa-ops-y-oiea-lanzan-evaluaciones-impact-para-fortalecer-diagnosticos-de-cancer\/","title":{"rendered":"Minsa, OPS y OIEA lanzan Evaluaciones imPACT para fortalecer diagn\u00f3sticos de c\u00e1ncer"},"content":{"rendered":"\n<p>Las Evaluaciones imPACT son una alianza estrat\u00e9gica entre el Ministerio de Salud (Minsa), el Organismo Internacional de Energ\u00eda At\u00f3mica (OIEA), la Organizaci\u00f3n Panamericana de la Salud (OPS), y la Agencia Internacional para la Investigaci\u00f3n sobre el C\u00e1ncer.<\/p>\n\n\n\n<p>Fernando Boyd Galindo, ministro de Salud, explic\u00f3 que esta herramienta permitir\u00e1 contar con una l\u00ednea de base s\u00f3lida sobre nuestras capacidades actuales, identificar con precisi\u00f3n nuestras necesidades en la atenci\u00f3n del c\u00e1ncer en adultos, ni\u00f1os y adolescentes, y reforzar los pilares fundamentales de nuestro sistema oncol\u00f3gico.&nbsp;<\/p>\n\n\n\n<p>\u201cEl c\u00e1ncer contin\u00faa siendo una de las principales causas de muerte y sufrimiento en nuestro pa\u00eds, sobre todo en la poblaci\u00f3n m\u00e1s necesitada\u201d, indic\u00f3 Boyd Galindo.<\/p>\n\n\n\n<p>Ana Rivi\u00e8re&nbsp;Cinnamond, representante en Panam\u00e1 de la OPS\/OMS, explic\u00f3 que las Evaluaciones imPACT han sido una solicitud del Minsa. &nbsp;Estas evaluaciones buscan mejorar las capacidades que tienen los pa\u00edses de la regi\u00f3n en la prevenci\u00f3n y control del c\u00e1ncer.<\/p>\n\n\n\n<div class=\"wp-block-columns is-layout-flex wp-container-core-columns-is-layout-28f84493 wp-block-columns-is-layout-flex\">\n<div class=\"wp-block-column is-layout-flow wp-block-column-is-layout-flow\">\n<figure class=\"wp-block-image size-large\"><a href=\"https:\/\/alminutonoticia.com\/noticias\/wp-content\/uploads\/2025\/10\/WhatsApp-Image-2025-10-20-at-3.45.42-PM.jpeg\"><img fetchpriority=\"high\" decoding=\"async\" width=\"1024\" height=\"696\" src=\"https:\/\/alminutonoticia.com\/noticias\/wp-content\/uploads\/2025\/10\/WhatsApp-Image-2025-10-20-at-3.45.42-PM-1024x696.jpeg\" alt=\"\" class=\"wp-image-17900\" title=\"\" srcset=\"https:\/\/alminutonoticia.com\/noticias\/wp-content\/uploads\/2025\/10\/WhatsApp-Image-2025-10-20-at-3.45.42-PM-1024x696.jpeg 1024w, https:\/\/alminutonoticia.com\/noticias\/wp-content\/uploads\/2025\/10\/WhatsApp-Image-2025-10-20-at-3.45.42-PM-300x204.jpeg 300w, https:\/\/alminutonoticia.com\/noticias\/wp-content\/uploads\/2025\/10\/WhatsApp-Image-2025-10-20-at-3.45.42-PM-768x522.jpeg 768w, https:\/\/alminutonoticia.com\/noticias\/wp-content\/uploads\/2025\/10\/WhatsApp-Image-2025-10-20-at-3.45.42-PM-1536x1044.jpeg 1536w, https:\/\/alminutonoticia.com\/noticias\/wp-content\/uploads\/2025\/10\/WhatsApp-Image-2025-10-20-at-3.45.42-PM.jpeg 1600w\" sizes=\"(max-width: 1024px) 100vw, 1024px\" \/><\/a><\/figure>\n<\/div>\n\n\n\n<div class=\"wp-block-column is-layout-flow wp-block-column-is-layout-flow\">\n<figure class=\"wp-block-image size-large\"><a href=\"https:\/\/alminutonoticia.com\/noticias\/wp-content\/uploads\/2025\/10\/WhatsApp-Image-2025-10-20-at-3.45.50-PM.jpeg\"><img decoding=\"async\" width=\"1024\" height=\"714\" src=\"https:\/\/alminutonoticia.com\/noticias\/wp-content\/uploads\/2025\/10\/WhatsApp-Image-2025-10-20-at-3.45.50-PM-1024x714.jpeg\" alt=\"\" class=\"wp-image-17901\" title=\"\" srcset=\"https:\/\/alminutonoticia.com\/noticias\/wp-content\/uploads\/2025\/10\/WhatsApp-Image-2025-10-20-at-3.45.50-PM-1024x714.jpeg 1024w, https:\/\/alminutonoticia.com\/noticias\/wp-content\/uploads\/2025\/10\/WhatsApp-Image-2025-10-20-at-3.45.50-PM-300x209.jpeg 300w, https:\/\/alminutonoticia.com\/noticias\/wp-content\/uploads\/2025\/10\/WhatsApp-Image-2025-10-20-at-3.45.50-PM-768x535.jpeg 768w, https:\/\/alminutonoticia.com\/noticias\/wp-content\/uploads\/2025\/10\/WhatsApp-Image-2025-10-20-at-3.45.50-PM-1536x1070.jpeg 1536w, https:\/\/alminutonoticia.com\/noticias\/wp-content\/uploads\/2025\/10\/WhatsApp-Image-2025-10-20-at-3.45.50-PM.jpeg 1600w\" sizes=\"(max-width: 1024px) 100vw, 1024px\" \/><\/a><\/figure>\n<\/div>\n<\/div>\n\n\n\n<p>Giovanni Saporitti, de la OIEA, manifest\u00f3 que el objetivo de estas evaluaciones es proporcionar al Minsa las recomendaciones program\u00e1ticas con todos los sectores claves. &nbsp;<\/p>\n\n\n\n<p>Participar\u00e1n en estas evaluaciones en Panam\u00e1 un equipo internacional de nueve expertos de la regi\u00f3n latinoamericana, para cubrir cada \u00e1rea en el control del c\u00e1ncer.<\/p>\n\n\n\n<figure class=\"wp-block-image size-large\"><a href=\"https:\/\/alminutonoticia.com\/noticias\/wp-content\/uploads\/2025\/10\/WhatsApp-Image-2025-10-20-at-3.45.58-PM.jpeg\"><img decoding=\"async\" width=\"1024\" height=\"646\" src=\"https:\/\/alminutonoticia.com\/noticias\/wp-content\/uploads\/2025\/10\/WhatsApp-Image-2025-10-20-at-3.45.58-PM-1024x646.jpeg\" alt=\"\" class=\"wp-image-17902\" title=\"\" srcset=\"https:\/\/alminutonoticia.com\/noticias\/wp-content\/uploads\/2025\/10\/WhatsApp-Image-2025-10-20-at-3.45.58-PM-1024x646.jpeg 1024w, https:\/\/alminutonoticia.com\/noticias\/wp-content\/uploads\/2025\/10\/WhatsApp-Image-2025-10-20-at-3.45.58-PM-300x189.jpeg 300w, https:\/\/alminutonoticia.com\/noticias\/wp-content\/uploads\/2025\/10\/WhatsApp-Image-2025-10-20-at-3.45.58-PM-768x484.jpeg 768w, https:\/\/alminutonoticia.com\/noticias\/wp-content\/uploads\/2025\/10\/WhatsApp-Image-2025-10-20-at-3.45.58-PM-1536x969.jpeg 1536w, https:\/\/alminutonoticia.com\/noticias\/wp-content\/uploads\/2025\/10\/WhatsApp-Image-2025-10-20-at-3.45.58-PM.jpeg 1600w\" sizes=\"(max-width: 1024px) 100vw, 1024px\" \/><\/a><\/figure>\n\n\n\n<p>El evento cont\u00f3 con la participaci\u00f3n de Fernando Boyd Galindo, ministro de Salud; Ana Rivi\u00e8re&nbsp;Cinnamond, representante en Panam\u00e1 de la OPS\/OMS; Dino Mon, director de la Caja de Seguro Social; Giovanni Saporitti, de la OIEA,&nbsp;y directores nacionales y regionales del Minsa.<\/p>\n","protected":false},"excerpt":{"rendered":"<p>Las Evaluaciones imPACT son una alianza estrat\u00e9gica entre el Ministerio de Salud (Minsa), el Organismo Internacional de Energ\u00eda At\u00f3mica (OIEA), la Organizaci\u00f3n Panamericana de la Salud (OPS), y la Agencia Internacional para la Investigaci\u00f3n sobre el C\u00e1ncer. Fernando Boyd Galindo, ministro de Salud, explic\u00f3 que esta herramienta permitir\u00e1 contar con una l\u00ednea de base s\u00f3lida [&hellip;]<\/p>\n","protected":false},"author":3,"featured_media":17902,"comment_status":"open","ping_status":"open","sticky":false,"template":"","format":"standard","meta":{"footnotes":""},"categories":[36,45],"tags":[],"class_list":["post-17899","post","type-post","status-publish","format-standard","has-post-thumbnail","hentry","category-nacionales","category-salud"],"_links":{"self":[{"href":"https:\/\/alminutonoticia.com\/noticias\/wp-json\/wp\/v2\/posts\/17899","targetHints":{"allow":["GET"]}}],"collection":[{"href":"https:\/\/alminutonoticia.com\/noticias\/wp-json\/wp\/v2\/posts"}],"about":[{"href":"https:\/\/alminutonoticia.com\/noticias\/wp-json\/wp\/v2\/types\/post"}],"author":[{"embeddable":true,"href":"https:\/\/alminutonoticia.com\/noticias\/wp-json\/wp\/v2\/users\/3"}],"replies":[{"embeddable":true,"href":"https:\/\/alminutonoticia.com\/noticias\/wp-json\/wp\/v2\/comments?post=17899"}],"version-history":[{"count":1,"href":"https:\/\/alminutonoticia.com\/noticias\/wp-json\/wp\/v2\/posts\/17899\/revisions"}],"predecessor-version":[{"id":17903,"href":"https:\/\/alminutonoticia.com\/noticias\/wp-json\/wp\/v2\/posts\/17899\/revisions\/17903"}],"wp:featuredmedia":[{"embeddable":true,"href":"https:\/\/alminutonoticia.com\/noticias\/wp-json\/wp\/v2\/media\/17902"}],"wp:attachment":[{"href":"https:\/\/alminutonoticia.com\/noticias\/wp-json\/wp\/v2\/media?parent=17899"}],"wp:term":[{"taxonomy":"category","embeddable":true,"href":"https:\/\/alminutonoticia.com\/noticias\/wp-json\/wp\/v2\/categories?post=17899"},{"taxonomy":"post_tag","embeddable":true,"href":"https:\/\/alminutonoticia.com\/noticias\/wp-json\/wp\/v2\/tags?post=17899"}],"curies":[{"name":"wp","href":"https:\/\/api.w.org\/{rel}","templated":true}]}}