{"id":17882,"date":"2025-10-21T01:24:26","date_gmt":"2025-10-21T01:24:26","guid":{"rendered":"https:\/\/alminutonoticia.com\/noticias\/?p=17882"},"modified":"2025-10-21T01:24:58","modified_gmt":"2025-10-21T01:24:58","slug":"panama-asume-vicepresidencia-en-la-conferencia-ministerial-de-la-unctad-xvi-en-ginebra-suiza","status":"publish","type":"post","link":"https:\/\/alminutonoticia.com\/noticias\/panama-asume-vicepresidencia-en-la-conferencia-ministerial-de-la-unctad-xvi-en-ginebra-suiza\/","title":{"rendered":"Panam\u00e1 asume vicepresidencia en la Conferencia Ministerial de la UNCTAD XVI en Ginebra, Suiza"},"content":{"rendered":"\n<p>Durante la primera sesi\u00f3n de la d\u00e9cimo sexta Conferencia Ministerial de Comercio y Desarrollo de las Naciones Unidas (UNCTAD XVI), celebrada en Ginebra, Suiza, el Ministro de Comercio e Industrias, Julio Molt\u00f3, fue elegido Vicepresidente de la Conferencia en representaci\u00f3n de Panam\u00e1, por parte del Grupo de Am\u00e9rica Latina y el Caribe (GRULAC), bloque que agrupa a los pa\u00edses de la regi\u00f3n dentro del sistema de Naciones Unidas.<\/p>\n\n\n\n<p>Esta designaci\u00f3n constituye un reconocimiento al liderazgo regional y la pol\u00edtica exterior de di\u00e1logo, neutralidad y cooperaci\u00f3n que distingue a Panam\u00e1, as\u00ed como a su compromiso con la integraci\u00f3n econ\u00f3mica, el multilateralismo y el desarrollo inclusivo.<\/p>\n\n\n\n<p>La ceremonia de apertura fue presidida por la Secretaria General de la UNCTAD, Rebeca Grynspan, quien destac\u00f3 que el mundo atraviesa una etapa de profundos desaf\u00edos econ\u00f3micos, sociales y ambientales, que solo podr\u00e1n enfrentarse mediante la cooperaci\u00f3n internacional y el entendimiento mutuo. Hizo un llamado a los pa\u00edses a reforzar las alianzas globales para garantizar un crecimiento m\u00e1s equitativo, sostenible y resiliente.<\/p>\n\n\n\n<div class=\"wp-block-columns is-layout-flex wp-container-core-columns-is-layout-28f84493 wp-block-columns-is-layout-flex\">\n<div class=\"wp-block-column is-layout-flow wp-block-column-is-layout-flow\">\n<figure class=\"wp-block-image size-large\"><a href=\"https:\/\/alminutonoticia.com\/noticias\/wp-content\/uploads\/2025\/10\/WhatsApp-Image-2025-10-20-at-7.38.15-PM-2.jpeg\"><img fetchpriority=\"high\" decoding=\"async\" width=\"768\" height=\"1024\" src=\"https:\/\/alminutonoticia.com\/noticias\/wp-content\/uploads\/2025\/10\/WhatsApp-Image-2025-10-20-at-7.38.15-PM-2-768x1024.jpeg\" alt=\"\" class=\"wp-image-17883\" title=\"\" srcset=\"https:\/\/alminutonoticia.com\/noticias\/wp-content\/uploads\/2025\/10\/WhatsApp-Image-2025-10-20-at-7.38.15-PM-2-768x1024.jpeg 768w, https:\/\/alminutonoticia.com\/noticias\/wp-content\/uploads\/2025\/10\/WhatsApp-Image-2025-10-20-at-7.38.15-PM-2-225x300.jpeg 225w, https:\/\/alminutonoticia.com\/noticias\/wp-content\/uploads\/2025\/10\/WhatsApp-Image-2025-10-20-at-7.38.15-PM-2.jpeg 960w\" sizes=\"(max-width: 768px) 100vw, 768px\" \/><\/a><\/figure>\n<\/div>\n\n\n\n<div class=\"wp-block-column is-layout-flow wp-block-column-is-layout-flow\">\n<figure class=\"wp-block-image size-large\"><a href=\"https:\/\/alminutonoticia.com\/noticias\/wp-content\/uploads\/2025\/10\/WhatsApp-Image-2025-10-20-at-7.38.15-PM.jpeg\"><img decoding=\"async\" width=\"770\" height=\"1024\" src=\"https:\/\/alminutonoticia.com\/noticias\/wp-content\/uploads\/2025\/10\/WhatsApp-Image-2025-10-20-at-7.38.15-PM-770x1024.jpeg\" alt=\"\" class=\"wp-image-17884\" title=\"\" srcset=\"https:\/\/alminutonoticia.com\/noticias\/wp-content\/uploads\/2025\/10\/WhatsApp-Image-2025-10-20-at-7.38.15-PM-770x1024.jpeg 770w, https:\/\/alminutonoticia.com\/noticias\/wp-content\/uploads\/2025\/10\/WhatsApp-Image-2025-10-20-at-7.38.15-PM-226x300.jpeg 226w, https:\/\/alminutonoticia.com\/noticias\/wp-content\/uploads\/2025\/10\/WhatsApp-Image-2025-10-20-at-7.38.15-PM-768x1021.jpeg 768w, https:\/\/alminutonoticia.com\/noticias\/wp-content\/uploads\/2025\/10\/WhatsApp-Image-2025-10-20-at-7.38.15-PM.jpeg 963w\" sizes=\"(max-width: 770px) 100vw, 770px\" \/><\/a><\/figure>\n<\/div>\n<\/div>\n\n\n\n<p>La Conferencia Ministerial de la UNCTAD, m\u00e1xima instancia de decisi\u00f3n de este organismo de las Naciones Unidas, re\u00fane este a\u00f1o a 193 Estados Miembros, pa\u00edses observadores, representantes del sector privado, organismos internacionales y medios de comunicaci\u00f3n. Bajo el lema \u201cModelar el Futuro: Impulsar la Transformaci\u00f3n Econ\u00f3mica para un Desarrollo Equitativo, Sostenible e Inclusivo,\u201d el encuentro busca definir estrategias globales para promover la recuperaci\u00f3n econ\u00f3mica postpandemia, fortalecer el comercio internacional y reducir las brechas de desarrollo entre las naciones.<\/p>\n\n\n\n<p>La participaci\u00f3n de Panam\u00e1 en esta importante cita reafirma su posici\u00f3n estrat\u00e9gica como centro log\u00edstico y de servicios globales, as\u00ed como su vocaci\u00f3n por contribuir activamente al fortalecimiento del sistema multilateral de comercio. A trav\u00e9s de su liderazgo, el pa\u00eds impulsa pol\u00edticas que promueven la inversi\u00f3n responsable, la innovaci\u00f3n y el desarrollo sostenible, en consonancia con los objetivos de la Agenda 2030 de las Naciones Unidas.<\/p>\n\n\n\n<figure class=\"wp-block-image size-large\"><a href=\"https:\/\/alminutonoticia.com\/noticias\/wp-content\/uploads\/2025\/10\/WhatsApp-Image-2025-10-20-at-7.38.15-PM-1.jpeg\"><img decoding=\"async\" width=\"1024\" height=\"768\" src=\"https:\/\/alminutonoticia.com\/noticias\/wp-content\/uploads\/2025\/10\/WhatsApp-Image-2025-10-20-at-7.38.15-PM-1-1024x768.jpeg\" alt=\"\" class=\"wp-image-17885\" title=\"\" srcset=\"https:\/\/alminutonoticia.com\/noticias\/wp-content\/uploads\/2025\/10\/WhatsApp-Image-2025-10-20-at-7.38.15-PM-1-1024x768.jpeg 1024w, https:\/\/alminutonoticia.com\/noticias\/wp-content\/uploads\/2025\/10\/WhatsApp-Image-2025-10-20-at-7.38.15-PM-1-300x225.jpeg 300w, https:\/\/alminutonoticia.com\/noticias\/wp-content\/uploads\/2025\/10\/WhatsApp-Image-2025-10-20-at-7.38.15-PM-1-768x576.jpeg 768w, https:\/\/alminutonoticia.com\/noticias\/wp-content\/uploads\/2025\/10\/WhatsApp-Image-2025-10-20-at-7.38.15-PM-1.jpeg 1280w\" sizes=\"(max-width: 1024px) 100vw, 1024px\" \/><\/a><\/figure>\n\n\n\n<p>La delegaci\u00f3n paname\u00f1a est\u00e1 integrada por Julio Molt\u00f3, Ministro de Comercio e Industrias; Dar\u00edo Ernesto Chiru, Embajador de Panam\u00e1 en Suiza y Linda Castillo, jefa de la Oficina de Negociaciones Comerciales Internacionales (ONCI); y, por la Misi\u00f3n Permanente de Panam\u00e1 ante la OMC, Alfredo Suescum, Embajador y Representante Permanente; la Representante Permanente Alterna, Sally Barday\u00e1n; y la Agregada, Yvonne Gonz\u00e1lez.<\/p>\n\n\n\n<p>La participaci\u00f3n de Panam\u00e1 en este foro de alto nivel fortalece la estrategia del Gobierno Nacional, bajo el liderazgo del presidente Jos\u00e9 Ra\u00fal Mulino, de ampliar la proyecci\u00f3n internacional del pa\u00eds, diversificar sus relaciones econ\u00f3micas y consolidar su posici\u00f3n como centro de conexi\u00f3n y cooperaci\u00f3n global.<\/p>\n","protected":false},"excerpt":{"rendered":"<p>Durante la primera sesi\u00f3n de la d\u00e9cimo sexta Conferencia Ministerial de Comercio y Desarrollo de las Naciones Unidas (UNCTAD XVI), celebrada en Ginebra, Suiza, el Ministro de Comercio e Industrias, Julio Molt\u00f3, fue elegido Vicepresidente de la Conferencia en representaci\u00f3n de Panam\u00e1, por parte del Grupo de Am\u00e9rica Latina y el Caribe (GRULAC), bloque que [&hellip;]<\/p>\n","protected":false},"author":3,"featured_media":17885,"comment_status":"open","ping_status":"open","sticky":false,"template":"","format":"standard","meta":{"footnotes":""},"categories":[36,38,39],"tags":[],"class_list":["post-17882","post","type-post","status-publish","format-standard","has-post-thumbnail","hentry","category-nacionales","category-economia","category-internacionales"],"_links":{"self":[{"href":"https:\/\/alminutonoticia.com\/noticias\/wp-json\/wp\/v2\/posts\/17882","targetHints":{"allow":["GET"]}}],"collection":[{"href":"https:\/\/alminutonoticia.com\/noticias\/wp-json\/wp\/v2\/posts"}],"about":[{"href":"https:\/\/alminutonoticia.com\/noticias\/wp-json\/wp\/v2\/types\/post"}],"author":[{"embeddable":true,"href":"https:\/\/alminutonoticia.com\/noticias\/wp-json\/wp\/v2\/users\/3"}],"replies":[{"embeddable":true,"href":"https:\/\/alminutonoticia.com\/noticias\/wp-json\/wp\/v2\/comments?post=17882"}],"version-history":[{"count":1,"href":"https:\/\/alminutonoticia.com\/noticias\/wp-json\/wp\/v2\/posts\/17882\/revisions"}],"predecessor-version":[{"id":17886,"href":"https:\/\/alminutonoticia.com\/noticias\/wp-json\/wp\/v2\/posts\/17882\/revisions\/17886"}],"wp:featuredmedia":[{"embeddable":true,"href":"https:\/\/alminutonoticia.com\/noticias\/wp-json\/wp\/v2\/media\/17885"}],"wp:attachment":[{"href":"https:\/\/alminutonoticia.com\/noticias\/wp-json\/wp\/v2\/media?parent=17882"}],"wp:term":[{"taxonomy":"category","embeddable":true,"href":"https:\/\/alminutonoticia.com\/noticias\/wp-json\/wp\/v2\/categories?post=17882"},{"taxonomy":"post_tag","embeddable":true,"href":"https:\/\/alminutonoticia.com\/noticias\/wp-json\/wp\/v2\/tags?post=17882"}],"curies":[{"name":"wp","href":"https:\/\/api.w.org\/{rel}","templated":true}]}}