{"id":17876,"date":"2025-10-21T01:22:08","date_gmt":"2025-10-21T01:22:08","guid":{"rendered":"https:\/\/alminutonoticia.com\/noticias\/?p=17876"},"modified":"2025-10-21T01:22:51","modified_gmt":"2025-10-21T01:22:51","slug":"entidades-se-comprometen-a-ejecutar-acciones-para-enfrentar-la-violencia-contra-las-mujeres","status":"publish","type":"post","link":"https:\/\/alminutonoticia.com\/noticias\/entidades-se-comprometen-a-ejecutar-acciones-para-enfrentar-la-violencia-contra-las-mujeres\/","title":{"rendered":"Entidades se comprometen a ejecutar acciones para enfrentar la violencia contra las mujeres."},"content":{"rendered":"\n<p>Representantes de alto nivel de las entidades que integran el Comit\u00e9 Nacional contra la Violencia en la Mujer (CONVIMU) se comprometieron a ejecutar, a partir de noviembre, al menos dos acciones concretas para contribuir a reducir los casos de violencia contra las mujeres en Panam\u00e1.<\/p>\n\n\n\n<p>La reuni\u00f3n, presidida por la ministra de la Mujer, Niurka Palacio, permiti\u00f3 repasar las distintas iniciativas de prevenci\u00f3n que desarrollan las 19 instituciones que conforman el CONVIMU.<\/p>\n\n\n\n<p>Entre los temas abordados destacaron la necesidad de reforzar el trabajo conjunto entre las entidades para divulgar las acciones de prevenci\u00f3n, la revisi\u00f3n de la Ley 82 con el fin de eliminar los acuerdos de pena en casos de femicidio y violencia contra la mujer, el aumento de las sanciones para estos delitos y la posible implementaci\u00f3n del brazalete electr\u00f3nico como medida preventiva.<\/p>\n\n\n\n<div class=\"wp-block-columns is-layout-flex wp-container-core-columns-is-layout-28f84493 wp-block-columns-is-layout-flex\">\n<div class=\"wp-block-column is-layout-flow wp-block-column-is-layout-flow\" style=\"flex-basis:50%\">\n<figure class=\"wp-block-image size-large\"><a href=\"https:\/\/alminutonoticia.com\/noticias\/wp-content\/uploads\/2025\/10\/WhatsApp-Image-2025-10-20-at-4.59.57-PM.jpeg\"><img fetchpriority=\"high\" decoding=\"async\" width=\"1024\" height=\"682\" src=\"https:\/\/alminutonoticia.com\/noticias\/wp-content\/uploads\/2025\/10\/WhatsApp-Image-2025-10-20-at-4.59.57-PM-1024x682.jpeg\" alt=\"\" class=\"wp-image-17878\" title=\"\" srcset=\"https:\/\/alminutonoticia.com\/noticias\/wp-content\/uploads\/2025\/10\/WhatsApp-Image-2025-10-20-at-4.59.57-PM-1024x682.jpeg 1024w, https:\/\/alminutonoticia.com\/noticias\/wp-content\/uploads\/2025\/10\/WhatsApp-Image-2025-10-20-at-4.59.57-PM-300x200.jpeg 300w, https:\/\/alminutonoticia.com\/noticias\/wp-content\/uploads\/2025\/10\/WhatsApp-Image-2025-10-20-at-4.59.57-PM-768x512.jpeg 768w, https:\/\/alminutonoticia.com\/noticias\/wp-content\/uploads\/2025\/10\/WhatsApp-Image-2025-10-20-at-4.59.57-PM-1536x1023.jpeg 1536w, https:\/\/alminutonoticia.com\/noticias\/wp-content\/uploads\/2025\/10\/WhatsApp-Image-2025-10-20-at-4.59.57-PM.jpeg 1600w\" sizes=\"(max-width: 1024px) 100vw, 1024px\" \/><\/a><\/figure>\n<\/div>\n\n\n\n<div class=\"wp-block-column is-layout-flow wp-block-column-is-layout-flow\" style=\"flex-basis:50%\">\n<figure class=\"wp-block-image size-large\"><a href=\"https:\/\/alminutonoticia.com\/noticias\/wp-content\/uploads\/2025\/10\/WhatsApp-Image-2025-10-20-at-4.59.58-PM-1-1.jpeg\"><img decoding=\"async\" width=\"1024\" height=\"682\" src=\"https:\/\/alminutonoticia.com\/noticias\/wp-content\/uploads\/2025\/10\/WhatsApp-Image-2025-10-20-at-4.59.58-PM-1-1-1024x682.jpeg\" alt=\"\" class=\"wp-image-17879\" title=\"\" srcset=\"https:\/\/alminutonoticia.com\/noticias\/wp-content\/uploads\/2025\/10\/WhatsApp-Image-2025-10-20-at-4.59.58-PM-1-1-1024x682.jpeg 1024w, https:\/\/alminutonoticia.com\/noticias\/wp-content\/uploads\/2025\/10\/WhatsApp-Image-2025-10-20-at-4.59.58-PM-1-1-300x200.jpeg 300w, https:\/\/alminutonoticia.com\/noticias\/wp-content\/uploads\/2025\/10\/WhatsApp-Image-2025-10-20-at-4.59.58-PM-1-1-768x512.jpeg 768w, https:\/\/alminutonoticia.com\/noticias\/wp-content\/uploads\/2025\/10\/WhatsApp-Image-2025-10-20-at-4.59.58-PM-1-1-1536x1023.jpeg 1536w, https:\/\/alminutonoticia.com\/noticias\/wp-content\/uploads\/2025\/10\/WhatsApp-Image-2025-10-20-at-4.59.58-PM-1-1.jpeg 1600w\" sizes=\"(max-width: 1024px) 100vw, 1024px\" \/><\/a><\/figure>\n<\/div>\n<\/div>\n\n\n\n<p>La ministra Palacio destac\u00f3 que el objetivo principal de este encuentro de alto nivel fue que los miembros del comit\u00e9 definieran acciones espec\u00edficas para disminuir los \u00edndices de violencia y se comprometieran a ejecutar al menos dos de forma urgente para el mes de noviembre.<\/p>\n\n\n\n<p>En la reuni\u00f3n tambi\u00e9n participaron la viceministra Lilibeth C\u00e1rdenas; la secretaria general, Mirthia Borissoff; la ministra de Desarrollo Social, Beatriz Carles de Arango; la viceministra de Educaci\u00f3n, Agnes De Le\u00f3n de Cotes; el viceministro de Salud, Manuel Zambrano; y el defensor del Pueblo, Eduardo Leblanc.<\/p>\n\n\n\n<figure class=\"wp-block-image size-large\"><a href=\"https:\/\/alminutonoticia.com\/noticias\/wp-content\/uploads\/2025\/10\/WhatsApp-Image-2025-10-20-at-4.59.59-PM.jpeg\"><img decoding=\"async\" width=\"1024\" height=\"682\" src=\"https:\/\/alminutonoticia.com\/noticias\/wp-content\/uploads\/2025\/10\/WhatsApp-Image-2025-10-20-at-4.59.59-PM-1024x682.jpeg\" alt=\"\" class=\"wp-image-17880\" title=\"\" srcset=\"https:\/\/alminutonoticia.com\/noticias\/wp-content\/uploads\/2025\/10\/WhatsApp-Image-2025-10-20-at-4.59.59-PM-1024x682.jpeg 1024w, https:\/\/alminutonoticia.com\/noticias\/wp-content\/uploads\/2025\/10\/WhatsApp-Image-2025-10-20-at-4.59.59-PM-300x200.jpeg 300w, https:\/\/alminutonoticia.com\/noticias\/wp-content\/uploads\/2025\/10\/WhatsApp-Image-2025-10-20-at-4.59.59-PM-768x512.jpeg 768w, https:\/\/alminutonoticia.com\/noticias\/wp-content\/uploads\/2025\/10\/WhatsApp-Image-2025-10-20-at-4.59.59-PM-1536x1023.jpeg 1536w, https:\/\/alminutonoticia.com\/noticias\/wp-content\/uploads\/2025\/10\/WhatsApp-Image-2025-10-20-at-4.59.59-PM.jpeg 1600w\" sizes=\"(max-width: 1024px) 100vw, 1024px\" \/><\/a><\/figure>\n\n\n\n<p>Asimismo, asistieron Yazm\u00edn C\u00e1rdenas Quintero, jefa de la Unidad de Acceso a la Justicia y G\u00e9nero del \u00d3rgano Judicial; Katya Mel\u00e9ndez, fiscal superior de la Secci\u00f3n de Familia del Ministerio P\u00fablico; y representantes de la Polic\u00eda Nacional, el Instituto de Medicina Legal y Ciencias Forenses, el Ministerio de Trabajo, as\u00ed como de organismos del Sistema de las Naciones Unidas, entre ellos UNFPA y ONU Mujeres.<\/p>\n","protected":false},"excerpt":{"rendered":"<p>Representantes de alto nivel de las entidades que integran el Comit\u00e9 Nacional contra la Violencia en la Mujer (CONVIMU) se comprometieron a ejecutar, a partir de noviembre, al menos dos acciones concretas para contribuir a reducir los casos de violencia contra las mujeres en Panam\u00e1. La reuni\u00f3n, presidida por la ministra de la Mujer, Niurka [&hellip;]<\/p>\n","protected":false},"author":3,"featured_media":17880,"comment_status":"open","ping_status":"open","sticky":false,"template":"","format":"standard","meta":{"footnotes":""},"categories":[36],"tags":[],"class_list":["post-17876","post","type-post","status-publish","format-standard","has-post-thumbnail","hentry","category-nacionales"],"_links":{"self":[{"href":"https:\/\/alminutonoticia.com\/noticias\/wp-json\/wp\/v2\/posts\/17876","targetHints":{"allow":["GET"]}}],"collection":[{"href":"https:\/\/alminutonoticia.com\/noticias\/wp-json\/wp\/v2\/posts"}],"about":[{"href":"https:\/\/alminutonoticia.com\/noticias\/wp-json\/wp\/v2\/types\/post"}],"author":[{"embeddable":true,"href":"https:\/\/alminutonoticia.com\/noticias\/wp-json\/wp\/v2\/users\/3"}],"replies":[{"embeddable":true,"href":"https:\/\/alminutonoticia.com\/noticias\/wp-json\/wp\/v2\/comments?post=17876"}],"version-history":[{"count":1,"href":"https:\/\/alminutonoticia.com\/noticias\/wp-json\/wp\/v2\/posts\/17876\/revisions"}],"predecessor-version":[{"id":17881,"href":"https:\/\/alminutonoticia.com\/noticias\/wp-json\/wp\/v2\/posts\/17876\/revisions\/17881"}],"wp:featuredmedia":[{"embeddable":true,"href":"https:\/\/alminutonoticia.com\/noticias\/wp-json\/wp\/v2\/media\/17880"}],"wp:attachment":[{"href":"https:\/\/alminutonoticia.com\/noticias\/wp-json\/wp\/v2\/media?parent=17876"}],"wp:term":[{"taxonomy":"category","embeddable":true,"href":"https:\/\/alminutonoticia.com\/noticias\/wp-json\/wp\/v2\/categories?post=17876"},{"taxonomy":"post_tag","embeddable":true,"href":"https:\/\/alminutonoticia.com\/noticias\/wp-json\/wp\/v2\/tags?post=17876"}],"curies":[{"name":"wp","href":"https:\/\/api.w.org\/{rel}","templated":true}]}}