{"id":17869,"date":"2025-10-17T05:36:26","date_gmt":"2025-10-17T05:36:26","guid":{"rendered":"https:\/\/alminutonoticia.com\/noticias\/?p=17869"},"modified":"2025-10-17T05:37:31","modified_gmt":"2025-10-17T05:37:31","slug":"presidente-mulino-y-el-secretario-general-de-la-oea-evaluan-la-situacion-geopolitica-del-hemisferio","status":"publish","type":"post","link":"https:\/\/alminutonoticia.com\/noticias\/presidente-mulino-y-el-secretario-general-de-la-oea-evaluan-la-situacion-geopolitica-del-hemisferio\/","title":{"rendered":"Presidente Mulino y el Secretario General de la OEA eval\u00faan la situaci\u00f3n geopol\u00edtica del hemisferio"},"content":{"rendered":"\n<p>El presidente de la Rep\u00fablica, Jos\u00e9 Ra\u00fal Mulino, recibi\u00f3 hoy en su despacho al secretario general de la Organizaci\u00f3n de Estados Americanos (OEA), Albert Ramdin, con quien convers\u00f3 sobre la situaci\u00f3n geopol\u00edtica en Am\u00e9rica y los esfuerzos de este organismo multilateral en defensa de la paz, la prosperidad, la democracia y la no discriminaci\u00f3n en la regi\u00f3n.<\/p>\n\n\n\n<p><br>Ambos coincidieron en la importancia de la pr\u00f3xima Cumbre de las Am\u00e9ricas, que reunir\u00e1 en Rep\u00fablica Dominicana a los Jefes de Estado y de Gobierno del Hemisferio para debatir sobre aspectos pol\u00edticos compartidos, afirmar valores comunes y comprometerse con acciones frente a desaf\u00edos presentes y futuros.<\/p>\n\n\n\n<div class=\"wp-block-columns is-layout-flex wp-container-core-columns-is-layout-28f84493 wp-block-columns-is-layout-flex\">\n<div class=\"wp-block-column is-layout-flow wp-block-column-is-layout-flow\">\n<figure class=\"wp-block-image size-large\"><a href=\"https:\/\/alminutonoticia.com\/noticias\/wp-content\/uploads\/2025\/10\/WhatsApp-Image-2025-10-16-at-3.05.02-PM.jpeg\"><img fetchpriority=\"high\" decoding=\"async\" width=\"1024\" height=\"683\" src=\"https:\/\/alminutonoticia.com\/noticias\/wp-content\/uploads\/2025\/10\/WhatsApp-Image-2025-10-16-at-3.05.02-PM-1024x683.jpeg\" alt=\"\" class=\"wp-image-17871\" title=\"\" srcset=\"https:\/\/alminutonoticia.com\/noticias\/wp-content\/uploads\/2025\/10\/WhatsApp-Image-2025-10-16-at-3.05.02-PM-1024x683.jpeg 1024w, https:\/\/alminutonoticia.com\/noticias\/wp-content\/uploads\/2025\/10\/WhatsApp-Image-2025-10-16-at-3.05.02-PM-300x200.jpeg 300w, https:\/\/alminutonoticia.com\/noticias\/wp-content\/uploads\/2025\/10\/WhatsApp-Image-2025-10-16-at-3.05.02-PM-768x512.jpeg 768w, https:\/\/alminutonoticia.com\/noticias\/wp-content\/uploads\/2025\/10\/WhatsApp-Image-2025-10-16-at-3.05.02-PM-1536x1024.jpeg 1536w, https:\/\/alminutonoticia.com\/noticias\/wp-content\/uploads\/2025\/10\/WhatsApp-Image-2025-10-16-at-3.05.02-PM.jpeg 1599w\" sizes=\"(max-width: 1024px) 100vw, 1024px\" \/><\/a><\/figure>\n<\/div>\n\n\n\n<div class=\"wp-block-column is-layout-flow wp-block-column-is-layout-flow\">\n<figure class=\"wp-block-image size-large\"><a href=\"https:\/\/alminutonoticia.com\/noticias\/wp-content\/uploads\/2025\/10\/WhatsApp-Image-2025-10-16-at-3.05.01-PM.jpeg\"><img decoding=\"async\" width=\"1024\" height=\"683\" src=\"https:\/\/alminutonoticia.com\/noticias\/wp-content\/uploads\/2025\/10\/WhatsApp-Image-2025-10-16-at-3.05.01-PM-1024x683.jpeg\" alt=\"\" class=\"wp-image-17872\" title=\"\" srcset=\"https:\/\/alminutonoticia.com\/noticias\/wp-content\/uploads\/2025\/10\/WhatsApp-Image-2025-10-16-at-3.05.01-PM-1024x683.jpeg 1024w, https:\/\/alminutonoticia.com\/noticias\/wp-content\/uploads\/2025\/10\/WhatsApp-Image-2025-10-16-at-3.05.01-PM-300x200.jpeg 300w, https:\/\/alminutonoticia.com\/noticias\/wp-content\/uploads\/2025\/10\/WhatsApp-Image-2025-10-16-at-3.05.01-PM-768x512.jpeg 768w, https:\/\/alminutonoticia.com\/noticias\/wp-content\/uploads\/2025\/10\/WhatsApp-Image-2025-10-16-at-3.05.01-PM-1536x1024.jpeg 1536w, https:\/\/alminutonoticia.com\/noticias\/wp-content\/uploads\/2025\/10\/WhatsApp-Image-2025-10-16-at-3.05.01-PM.jpeg 1599w\" sizes=\"(max-width: 1024px) 100vw, 1024px\" \/><\/a><\/figure>\n<\/div>\n<\/div>\n\n\n\n<div class=\"wp-block-columns is-layout-flex wp-container-core-columns-is-layout-28f84493 wp-block-columns-is-layout-flex\">\n<div class=\"wp-block-column is-layout-flow wp-block-column-is-layout-flow\" style=\"flex-basis:100%\">\n<p><br>Ramdin tambi\u00e9n manifest\u00f3 su apoyo a la celebraci\u00f3n, el pr\u00f3ximo a\u00f1o en Panam\u00e1, del Bicentenario del Congreso Anficti\u00f3nico, un hist\u00f3rico evento que fue convocado por Sim\u00f3n Bol\u00edvar con el objetivo de buscar la uni\u00f3n o confederaci\u00f3n de los nuevos Estados americanos.<\/p>\n<\/div>\n<\/div>\n\n\n\n<p><br>En el marco de esta celebraci\u00f3n, se desarrollar\u00e1 en el 2026 una cumbre de presidentes respaldada por la OEA.<br>Por su parte, el presidente Mulino resalt\u00f3 el liderazgo de Panam\u00e1 dentro de la Asociaci\u00f3n de Estados del Caribe (AEC) como otro foro de integraci\u00f3n en esta regi\u00f3n del continente y que busca soluciones dialogadas para defender los valores de cada una de las naciones miembros.<\/p>\n\n\n\n<figure class=\"wp-block-image size-large\"><a href=\"https:\/\/alminutonoticia.com\/noticias\/wp-content\/uploads\/2025\/10\/WhatsApp-Image-2025-10-16-at-3.05.01-PM-1.jpeg\"><img decoding=\"async\" width=\"1024\" height=\"683\" src=\"https:\/\/alminutonoticia.com\/noticias\/wp-content\/uploads\/2025\/10\/WhatsApp-Image-2025-10-16-at-3.05.01-PM-1-1024x683.jpeg\" alt=\"\" class=\"wp-image-17870\" title=\"\" srcset=\"https:\/\/alminutonoticia.com\/noticias\/wp-content\/uploads\/2025\/10\/WhatsApp-Image-2025-10-16-at-3.05.01-PM-1-1024x683.jpeg 1024w, https:\/\/alminutonoticia.com\/noticias\/wp-content\/uploads\/2025\/10\/WhatsApp-Image-2025-10-16-at-3.05.01-PM-1-300x200.jpeg 300w, https:\/\/alminutonoticia.com\/noticias\/wp-content\/uploads\/2025\/10\/WhatsApp-Image-2025-10-16-at-3.05.01-PM-1-768x512.jpeg 768w, https:\/\/alminutonoticia.com\/noticias\/wp-content\/uploads\/2025\/10\/WhatsApp-Image-2025-10-16-at-3.05.01-PM-1-1536x1024.jpeg 1536w, https:\/\/alminutonoticia.com\/noticias\/wp-content\/uploads\/2025\/10\/WhatsApp-Image-2025-10-16-at-3.05.01-PM-1.jpeg 1599w\" sizes=\"(max-width: 1024px) 100vw, 1024px\" \/><\/a><\/figure>\n","protected":false},"excerpt":{"rendered":"<p>El presidente de la Rep\u00fablica, Jos\u00e9 Ra\u00fal Mulino, recibi\u00f3 hoy en su despacho al secretario general de la Organizaci\u00f3n de Estados Americanos (OEA), Albert Ramdin, con quien convers\u00f3 sobre la situaci\u00f3n geopol\u00edtica en Am\u00e9rica y los esfuerzos de este organismo multilateral en defensa de la paz, la prosperidad, la democracia y la no discriminaci\u00f3n en [&hellip;]<\/p>\n","protected":false},"author":3,"featured_media":17872,"comment_status":"open","ping_status":"open","sticky":false,"template":"","format":"standard","meta":{"footnotes":""},"categories":[36,39],"tags":[],"class_list":["post-17869","post","type-post","status-publish","format-standard","has-post-thumbnail","hentry","category-nacionales","category-internacionales"],"_links":{"self":[{"href":"https:\/\/alminutonoticia.com\/noticias\/wp-json\/wp\/v2\/posts\/17869","targetHints":{"allow":["GET"]}}],"collection":[{"href":"https:\/\/alminutonoticia.com\/noticias\/wp-json\/wp\/v2\/posts"}],"about":[{"href":"https:\/\/alminutonoticia.com\/noticias\/wp-json\/wp\/v2\/types\/post"}],"author":[{"embeddable":true,"href":"https:\/\/alminutonoticia.com\/noticias\/wp-json\/wp\/v2\/users\/3"}],"replies":[{"embeddable":true,"href":"https:\/\/alminutonoticia.com\/noticias\/wp-json\/wp\/v2\/comments?post=17869"}],"version-history":[{"count":1,"href":"https:\/\/alminutonoticia.com\/noticias\/wp-json\/wp\/v2\/posts\/17869\/revisions"}],"predecessor-version":[{"id":17873,"href":"https:\/\/alminutonoticia.com\/noticias\/wp-json\/wp\/v2\/posts\/17869\/revisions\/17873"}],"wp:featuredmedia":[{"embeddable":true,"href":"https:\/\/alminutonoticia.com\/noticias\/wp-json\/wp\/v2\/media\/17872"}],"wp:attachment":[{"href":"https:\/\/alminutonoticia.com\/noticias\/wp-json\/wp\/v2\/media?parent=17869"}],"wp:term":[{"taxonomy":"category","embeddable":true,"href":"https:\/\/alminutonoticia.com\/noticias\/wp-json\/wp\/v2\/categories?post=17869"},{"taxonomy":"post_tag","embeddable":true,"href":"https:\/\/alminutonoticia.com\/noticias\/wp-json\/wp\/v2\/tags?post=17869"}],"curies":[{"name":"wp","href":"https:\/\/api.w.org\/{rel}","templated":true}]}}