{"id":17863,"date":"2025-10-17T05:31:24","date_gmt":"2025-10-17T05:31:24","guid":{"rendered":"https:\/\/alminutonoticia.com\/noticias\/?p=17863"},"modified":"2025-10-17T05:31:26","modified_gmt":"2025-10-17T05:31:26","slug":"rueda-de-negocios-panama-exporta-2025-cierra-con-mas-de-9-millones-en-ventas-proyectadas","status":"publish","type":"post","link":"https:\/\/alminutonoticia.com\/noticias\/rueda-de-negocios-panama-exporta-2025-cierra-con-mas-de-9-millones-en-ventas-proyectadas\/","title":{"rendered":"Rueda de negocios \u201cPanam\u00e1 Exporta 2025\u201d cierra con m\u00e1s de 9 millones en ventas proyectadas"},"content":{"rendered":"\n<p>Con m\u00e1s de 9 millones de d\u00f3lares en ventas proyectadas, la Rueda de Negocios Panam\u00e1 Exporta 2025 culmin\u00f3 con \u00e9xito tras dos d\u00edas de intensa actividad comercial, confirmando el dinamismo y la capacidad competitiva del sector exportador paname\u00f1o.<\/p>\n\n\n\n<p>El Ministerio de Comercio e Industrias (MICI), bajo el liderazgo del ministro Julio Molt\u00f3, impulsa este encuentro como parte de su estrategia para fortalecer la internacionalizaci\u00f3n de las empresas paname\u00f1as, brind\u00e1ndoles acompa\u00f1amiento t\u00e9cnico, promoci\u00f3n comercial y acceso a compradores internacionales.<\/p>\n\n\n\n<div class=\"wp-block-columns is-layout-flex wp-container-core-columns-is-layout-28f84493 wp-block-columns-is-layout-flex\">\n<div class=\"wp-block-column is-layout-flow wp-block-column-is-layout-flow\">\n<figure class=\"wp-block-image size-large\"><a href=\"https:\/\/alminutonoticia.com\/noticias\/wp-content\/uploads\/2025\/10\/WhatsApp-Image-2025-10-17-at-12.12.35-AM-1-1.jpeg\"><img fetchpriority=\"high\" decoding=\"async\" width=\"1024\" height=\"682\" src=\"https:\/\/alminutonoticia.com\/noticias\/wp-content\/uploads\/2025\/10\/WhatsApp-Image-2025-10-17-at-12.12.35-AM-1-1-1024x682.jpeg\" alt=\"\" class=\"wp-image-17867\" title=\"\" srcset=\"https:\/\/alminutonoticia.com\/noticias\/wp-content\/uploads\/2025\/10\/WhatsApp-Image-2025-10-17-at-12.12.35-AM-1-1-1024x682.jpeg 1024w, https:\/\/alminutonoticia.com\/noticias\/wp-content\/uploads\/2025\/10\/WhatsApp-Image-2025-10-17-at-12.12.35-AM-1-1-300x200.jpeg 300w, https:\/\/alminutonoticia.com\/noticias\/wp-content\/uploads\/2025\/10\/WhatsApp-Image-2025-10-17-at-12.12.35-AM-1-1-768x512.jpeg 768w, https:\/\/alminutonoticia.com\/noticias\/wp-content\/uploads\/2025\/10\/WhatsApp-Image-2025-10-17-at-12.12.35-AM-1-1-1536x1023.jpeg 1536w, https:\/\/alminutonoticia.com\/noticias\/wp-content\/uploads\/2025\/10\/WhatsApp-Image-2025-10-17-at-12.12.35-AM-1-1.jpeg 1600w\" sizes=\"(max-width: 1024px) 100vw, 1024px\" \/><\/a><\/figure>\n<\/div>\n<\/div>\n\n\n\n<p>\u201cEste resultado refleja el trabajo conjunto y la visi\u00f3n estrat\u00e9gica para impulsar las exportaciones, generando oportunidades concretas para nuestras empresas, especialmente para las peque\u00f1as y medianas,\u201d se\u00f1al\u00f3 el ministro Molt\u00f3 durante el acto de cierre.<\/p>\n\n\n\n<p>El evento reuni\u00f3 a cerca de 80 empresas oferentes y compradores internacionales provenientes de Estados Unidos, Colombia, Rep\u00fablica Dominicana y pa\u00edses del Caribe, generando 540 citas comerciales uno a uno que permitir\u00e1n abrir nuevos mercados y consolidar relaciones de largo plazo.<\/p>\n\n\n\n<div class=\"wp-block-columns is-layout-flex wp-container-core-columns-is-layout-28f84493 wp-block-columns-is-layout-flex\">\n<div class=\"wp-block-column is-layout-flow wp-block-column-is-layout-flow\">\n<figure class=\"wp-block-image size-large\"><a href=\"https:\/\/alminutonoticia.com\/noticias\/wp-content\/uploads\/2025\/10\/WhatsApp-Image-2025-10-17-at-12.12.34-AM-1.jpeg\"><img decoding=\"async\" width=\"1024\" height=\"683\" src=\"https:\/\/alminutonoticia.com\/noticias\/wp-content\/uploads\/2025\/10\/WhatsApp-Image-2025-10-17-at-12.12.34-AM-1-1024x683.jpeg\" alt=\"\" class=\"wp-image-17864\" title=\"\" srcset=\"https:\/\/alminutonoticia.com\/noticias\/wp-content\/uploads\/2025\/10\/WhatsApp-Image-2025-10-17-at-12.12.34-AM-1-1024x683.jpeg 1024w, https:\/\/alminutonoticia.com\/noticias\/wp-content\/uploads\/2025\/10\/WhatsApp-Image-2025-10-17-at-12.12.34-AM-1-300x200.jpeg 300w, https:\/\/alminutonoticia.com\/noticias\/wp-content\/uploads\/2025\/10\/WhatsApp-Image-2025-10-17-at-12.12.34-AM-1-768x512.jpeg 768w, https:\/\/alminutonoticia.com\/noticias\/wp-content\/uploads\/2025\/10\/WhatsApp-Image-2025-10-17-at-12.12.34-AM-1.jpeg 1280w\" sizes=\"(max-width: 1024px) 100vw, 1024px\" \/><\/a><\/figure>\n<\/div>\n\n\n\n<div class=\"wp-block-column is-layout-flow wp-block-column-is-layout-flow\">\n<figure class=\"wp-block-image size-large\"><a href=\"https:\/\/alminutonoticia.com\/noticias\/wp-content\/uploads\/2025\/10\/WhatsApp-Image-2025-10-17-at-12.12.34-AM-2.jpeg\"><img decoding=\"async\" width=\"1024\" height=\"683\" src=\"https:\/\/alminutonoticia.com\/noticias\/wp-content\/uploads\/2025\/10\/WhatsApp-Image-2025-10-17-at-12.12.34-AM-2-1024x683.jpeg\" alt=\"\" class=\"wp-image-17865\" title=\"\" srcset=\"https:\/\/alminutonoticia.com\/noticias\/wp-content\/uploads\/2025\/10\/WhatsApp-Image-2025-10-17-at-12.12.34-AM-2-1024x683.jpeg 1024w, https:\/\/alminutonoticia.com\/noticias\/wp-content\/uploads\/2025\/10\/WhatsApp-Image-2025-10-17-at-12.12.34-AM-2-300x200.jpeg 300w, https:\/\/alminutonoticia.com\/noticias\/wp-content\/uploads\/2025\/10\/WhatsApp-Image-2025-10-17-at-12.12.34-AM-2-768x512.jpeg 768w, https:\/\/alminutonoticia.com\/noticias\/wp-content\/uploads\/2025\/10\/WhatsApp-Image-2025-10-17-at-12.12.34-AM-2.jpeg 1280w\" sizes=\"(max-width: 1024px) 100vw, 1024px\" \/><\/a><\/figure>\n<\/div>\n<\/div>\n\n\n\n<p>Los sectores con mayor proyecci\u00f3n fueron alimentos, bebidas, productos naturales, cosm\u00e9ticos y art\u00edculos sostenibles, categor\u00edas que contin\u00faan posicionando a Panam\u00e1 por la calidad, innovaci\u00f3n y valor agregado de su oferta exportable.<\/p>\n\n\n\n<p>El ministro Molt\u00f3 adelant\u00f3 que en los pr\u00f3ximos d\u00edas se dar\u00e1n a conocer los resultados finales y nuevas oportunidades detectadas, con el fin de definir estrategias que sigan fortaleciendo el ecosistema exportador nacional.<\/p>\n\n\n\n<p>Organizada con el apoyo del Programa de las Naciones Unidas para el Desarrollo (PNUD), la Rueda de Negocios Panam\u00e1 Exporta 2025 reafirma el compromiso del Gobierno Nacional con la diversificaci\u00f3n de mercados, la promoci\u00f3n de las exportaciones y el crecimiento econ\u00f3mico sostenible, a trav\u00e9s de un trabajo articulado entre el sector p\u00fablico y privado.<\/p>\n","protected":false},"excerpt":{"rendered":"<p>Con m\u00e1s de 9 millones de d\u00f3lares en ventas proyectadas, la Rueda de Negocios Panam\u00e1 Exporta 2025 culmin\u00f3 con \u00e9xito tras dos d\u00edas de intensa actividad comercial, confirmando el dinamismo y la capacidad competitiva del sector exportador paname\u00f1o. El Ministerio de Comercio e Industrias (MICI), bajo el liderazgo del ministro Julio Molt\u00f3, impulsa este encuentro [&hellip;]<\/p>\n","protected":false},"author":3,"featured_media":17866,"comment_status":"open","ping_status":"open","sticky":false,"template":"","format":"standard","meta":{"footnotes":""},"categories":[36,38],"tags":[],"class_list":["post-17863","post","type-post","status-publish","format-standard","has-post-thumbnail","hentry","category-nacionales","category-economia"],"_links":{"self":[{"href":"https:\/\/alminutonoticia.com\/noticias\/wp-json\/wp\/v2\/posts\/17863","targetHints":{"allow":["GET"]}}],"collection":[{"href":"https:\/\/alminutonoticia.com\/noticias\/wp-json\/wp\/v2\/posts"}],"about":[{"href":"https:\/\/alminutonoticia.com\/noticias\/wp-json\/wp\/v2\/types\/post"}],"author":[{"embeddable":true,"href":"https:\/\/alminutonoticia.com\/noticias\/wp-json\/wp\/v2\/users\/3"}],"replies":[{"embeddable":true,"href":"https:\/\/alminutonoticia.com\/noticias\/wp-json\/wp\/v2\/comments?post=17863"}],"version-history":[{"count":1,"href":"https:\/\/alminutonoticia.com\/noticias\/wp-json\/wp\/v2\/posts\/17863\/revisions"}],"predecessor-version":[{"id":17868,"href":"https:\/\/alminutonoticia.com\/noticias\/wp-json\/wp\/v2\/posts\/17863\/revisions\/17868"}],"wp:featuredmedia":[{"embeddable":true,"href":"https:\/\/alminutonoticia.com\/noticias\/wp-json\/wp\/v2\/media\/17866"}],"wp:attachment":[{"href":"https:\/\/alminutonoticia.com\/noticias\/wp-json\/wp\/v2\/media?parent=17863"}],"wp:term":[{"taxonomy":"category","embeddable":true,"href":"https:\/\/alminutonoticia.com\/noticias\/wp-json\/wp\/v2\/categories?post=17863"},{"taxonomy":"post_tag","embeddable":true,"href":"https:\/\/alminutonoticia.com\/noticias\/wp-json\/wp\/v2\/tags?post=17863"}],"curies":[{"name":"wp","href":"https:\/\/api.w.org\/{rel}","templated":true}]}}