{"id":17845,"date":"2025-10-17T05:12:04","date_gmt":"2025-10-17T05:12:04","guid":{"rendered":"https:\/\/alminutonoticia.com\/noticias\/?p=17845"},"modified":"2025-10-17T05:14:09","modified_gmt":"2025-10-17T05:14:09","slug":"lanzamiento-de-la-tienda-boss-en-multiplaza-pacific","status":"publish","type":"post","link":"https:\/\/alminutonoticia.com\/noticias\/lanzamiento-de-la-tienda-boss-en-multiplaza-pacific\/","title":{"rendered":"Lanzamiento de la tienda BOSS en Multiplaza Pacific"},"content":{"rendered":"\n<p>Grupo Klasiko llev\u00f3 a cabo el pasado jueves 16 de octubre la reapertura oficial de la tienda BOSS en Multiplaza Panam\u00e1, en un evento que marc\u00f3 la presentaci\u00f3n del nuevo concepto global de la marca: un espacio que combina dise\u00f1o contempor\u00e1neo, elegancia y una experiencia de compra m\u00e1s personalizada para sus clientes.<\/p>\n\n\n\n<p>La tienda reune todas las l\u00edneas principales de BOSS, desde la ic\u00f3nica BOSS Black, reconocida por sus trajes, piezas formales y casuales atemporales, hasta la m\u00e1s din\u00e1mica BOSS Green, creada para quienes llevan un estilo de vida activo y deportivo.<\/p>\n\n\n\n<p>Dentro de este nuevo concepto, destaca la nueva l\u00ednea Performance, que introduce prendas confeccionadas con telas de alto rendimiento, flexibles, resistentes a las arrugas y pensadas para quienes buscan comodidad sin renunciar al estilo.<\/p>\n\n\n\n<figure class=\"wp-block-image size-large\"><a href=\"https:\/\/alminutonoticia.com\/noticias\/wp-content\/uploads\/2025\/10\/WhatsApp-Image-2025-10-16-at-11.39.31-PM-2.jpeg\"><img fetchpriority=\"high\" decoding=\"async\" width=\"1024\" height=\"768\" src=\"https:\/\/alminutonoticia.com\/noticias\/wp-content\/uploads\/2025\/10\/WhatsApp-Image-2025-10-16-at-11.39.31-PM-2-1024x768.jpeg\" alt=\"\" class=\"wp-image-17846\" title=\"\" srcset=\"https:\/\/alminutonoticia.com\/noticias\/wp-content\/uploads\/2025\/10\/WhatsApp-Image-2025-10-16-at-11.39.31-PM-2-1024x768.jpeg 1024w, https:\/\/alminutonoticia.com\/noticias\/wp-content\/uploads\/2025\/10\/WhatsApp-Image-2025-10-16-at-11.39.31-PM-2-300x225.jpeg 300w, https:\/\/alminutonoticia.com\/noticias\/wp-content\/uploads\/2025\/10\/WhatsApp-Image-2025-10-16-at-11.39.31-PM-2-768x576.jpeg 768w, https:\/\/alminutonoticia.com\/noticias\/wp-content\/uploads\/2025\/10\/WhatsApp-Image-2025-10-16-at-11.39.31-PM-2-1536x1152.jpeg 1536w, https:\/\/alminutonoticia.com\/noticias\/wp-content\/uploads\/2025\/10\/WhatsApp-Image-2025-10-16-at-11.39.31-PM-2.jpeg 1600w\" sizes=\"(max-width: 1024px) 100vw, 1024px\" \/><\/a><\/figure>\n\n\n\n<p>Entre las grandes novedades, sobresale la esperada colaboraci\u00f3n BOSS x David Beckham, una c\u00e1psula que captura el esp\u00edritu de un \u00edcono global de la moda y del deporte.<\/p>\n\n\n\n<p>Con m\u00e1s de 25 a\u00f1os en el mercado paname\u00f1o, BOSS se ha consolidado como un referent en la moda masculina, siendo la opci\u00f3n favorita para quienes aprecian el buen vestir.<\/p>\n\n\n\n<div class=\"wp-block-columns is-layout-flex wp-container-core-columns-is-layout-28f84493 wp-block-columns-is-layout-flex\">\n<div class=\"wp-block-column is-layout-flow wp-block-column-is-layout-flow\">\n<figure class=\"wp-block-image size-large\"><a href=\"https:\/\/alminutonoticia.com\/noticias\/wp-content\/uploads\/2025\/10\/WhatsApp-Image-2025-10-16-at-11.39.31-PM-1.jpeg\"><img decoding=\"async\" width=\"1024\" height=\"768\" src=\"https:\/\/alminutonoticia.com\/noticias\/wp-content\/uploads\/2025\/10\/WhatsApp-Image-2025-10-16-at-11.39.31-PM-1-1024x768.jpeg\" alt=\"\" class=\"wp-image-17847\" title=\"\" srcset=\"https:\/\/alminutonoticia.com\/noticias\/wp-content\/uploads\/2025\/10\/WhatsApp-Image-2025-10-16-at-11.39.31-PM-1-1024x768.jpeg 1024w, https:\/\/alminutonoticia.com\/noticias\/wp-content\/uploads\/2025\/10\/WhatsApp-Image-2025-10-16-at-11.39.31-PM-1-300x225.jpeg 300w, https:\/\/alminutonoticia.com\/noticias\/wp-content\/uploads\/2025\/10\/WhatsApp-Image-2025-10-16-at-11.39.31-PM-1-768x576.jpeg 768w, https:\/\/alminutonoticia.com\/noticias\/wp-content\/uploads\/2025\/10\/WhatsApp-Image-2025-10-16-at-11.39.31-PM-1-1536x1152.jpeg 1536w, https:\/\/alminutonoticia.com\/noticias\/wp-content\/uploads\/2025\/10\/WhatsApp-Image-2025-10-16-at-11.39.31-PM-1.jpeg 1600w\" sizes=\"(max-width: 1024px) 100vw, 1024px\" \/><\/a><\/figure>\n<\/div>\n\n\n\n<div class=\"wp-block-column is-layout-flow wp-block-column-is-layout-flow\">\n<figure class=\"wp-block-image size-large\"><a href=\"https:\/\/alminutonoticia.com\/noticias\/wp-content\/uploads\/2025\/10\/WhatsApp-Image-2025-10-16-at-11.39.31-PM.jpeg\"><img decoding=\"async\" width=\"1024\" height=\"768\" src=\"https:\/\/alminutonoticia.com\/noticias\/wp-content\/uploads\/2025\/10\/WhatsApp-Image-2025-10-16-at-11.39.31-PM-1024x768.jpeg\" alt=\"\" class=\"wp-image-17848\" title=\"\" srcset=\"https:\/\/alminutonoticia.com\/noticias\/wp-content\/uploads\/2025\/10\/WhatsApp-Image-2025-10-16-at-11.39.31-PM-1024x768.jpeg 1024w, https:\/\/alminutonoticia.com\/noticias\/wp-content\/uploads\/2025\/10\/WhatsApp-Image-2025-10-16-at-11.39.31-PM-300x225.jpeg 300w, https:\/\/alminutonoticia.com\/noticias\/wp-content\/uploads\/2025\/10\/WhatsApp-Image-2025-10-16-at-11.39.31-PM-768x576.jpeg 768w, https:\/\/alminutonoticia.com\/noticias\/wp-content\/uploads\/2025\/10\/WhatsApp-Image-2025-10-16-at-11.39.31-PM-1536x1152.jpeg 1536w, https:\/\/alminutonoticia.com\/noticias\/wp-content\/uploads\/2025\/10\/WhatsApp-Image-2025-10-16-at-11.39.31-PM.jpeg 1600w\" sizes=\"(max-width: 1024px) 100vw, 1024px\" \/><\/a><\/figure>\n<\/div>\n<\/div>\n\n\n\n<p>Para Grupo Klasiko, esta reapertura representa la evoluci\u00f3n natural de una alianza de larga trayectoria y la reafirmaci\u00f3n de un compromiso con la excelencia, ofreciendo a los clientes una experiencia renovada que celebra el ADN de la marca.<\/p>\n","protected":false},"excerpt":{"rendered":"<p>Grupo Klasiko llev\u00f3 a cabo el pasado jueves 16 de octubre la reapertura oficial de la tienda BOSS en Multiplaza Panam\u00e1, en un evento que marc\u00f3 la presentaci\u00f3n del nuevo concepto global de la marca: un espacio que combina dise\u00f1o contempor\u00e1neo, elegancia y una experiencia de compra m\u00e1s personalizada para sus clientes. La tienda reune [&hellip;]<\/p>\n","protected":false},"author":3,"featured_media":17848,"comment_status":"open","ping_status":"open","sticky":false,"template":"","format":"standard","meta":{"footnotes":""},"categories":[36],"tags":[],"class_list":["post-17845","post","type-post","status-publish","format-standard","has-post-thumbnail","hentry","category-nacionales"],"_links":{"self":[{"href":"https:\/\/alminutonoticia.com\/noticias\/wp-json\/wp\/v2\/posts\/17845","targetHints":{"allow":["GET"]}}],"collection":[{"href":"https:\/\/alminutonoticia.com\/noticias\/wp-json\/wp\/v2\/posts"}],"about":[{"href":"https:\/\/alminutonoticia.com\/noticias\/wp-json\/wp\/v2\/types\/post"}],"author":[{"embeddable":true,"href":"https:\/\/alminutonoticia.com\/noticias\/wp-json\/wp\/v2\/users\/3"}],"replies":[{"embeddable":true,"href":"https:\/\/alminutonoticia.com\/noticias\/wp-json\/wp\/v2\/comments?post=17845"}],"version-history":[{"count":1,"href":"https:\/\/alminutonoticia.com\/noticias\/wp-json\/wp\/v2\/posts\/17845\/revisions"}],"predecessor-version":[{"id":17849,"href":"https:\/\/alminutonoticia.com\/noticias\/wp-json\/wp\/v2\/posts\/17845\/revisions\/17849"}],"wp:featuredmedia":[{"embeddable":true,"href":"https:\/\/alminutonoticia.com\/noticias\/wp-json\/wp\/v2\/media\/17848"}],"wp:attachment":[{"href":"https:\/\/alminutonoticia.com\/noticias\/wp-json\/wp\/v2\/media?parent=17845"}],"wp:term":[{"taxonomy":"category","embeddable":true,"href":"https:\/\/alminutonoticia.com\/noticias\/wp-json\/wp\/v2\/categories?post=17845"},{"taxonomy":"post_tag","embeddable":true,"href":"https:\/\/alminutonoticia.com\/noticias\/wp-json\/wp\/v2\/tags?post=17845"}],"curies":[{"name":"wp","href":"https:\/\/api.w.org\/{rel}","templated":true}]}}