{"id":17840,"date":"2025-10-17T05:08:08","date_gmt":"2025-10-17T05:08:08","guid":{"rendered":"https:\/\/alminutonoticia.com\/noticias\/?p=17840"},"modified":"2025-10-17T05:09:02","modified_gmt":"2025-10-17T05:09:02","slug":"inadeh-lanza-nuevos-programas-tecnicos-en-atencion-a-personas-mayores-y-programacion-web","status":"publish","type":"post","link":"https:\/\/alminutonoticia.com\/noticias\/inadeh-lanza-nuevos-programas-tecnicos-en-atencion-a-personas-mayores-y-programacion-web\/","title":{"rendered":"INADEH lanza nuevos programas t\u00e9cnicos en atenci\u00f3n a personas mayores y programaci\u00f3n web"},"content":{"rendered":"\n<p>El Instituto Nacional de Formaci\u00f3n Profesional y Capacitaci\u00f3n para el Desarrollo Humano (INADEH) anuncia el lanzamiento de dos nuevos programas con sello institucional: T\u00e9cnico en Cuidado a Personas Mayores y T\u00e9cnico Profesional Programador Web.<\/p>\n\n\n\n<p>El programa T\u00e9cnico en Cuidado a Personas Mayores, con una duraci\u00f3n de 644 horas de formaci\u00f3n, est\u00e1 dise\u00f1ado para preparar personal altamente capacitado en la atenci\u00f3n integral, \u00e9tica y digna de las personas mayores.<\/p>\n\n\n\n<p>La formaci\u00f3n combina teor\u00eda y pr\u00e1ctica, brindando a los participantes las competencias necesarias para ofrecer acompa\u00f1amiento f\u00edsico, emocional y social a este grupo poblacional. El plan de estudios incluye contenidos esenciales como higiene y confort, nutrici\u00f3n, movilizaci\u00f3n segura, primeros auxilios, acompa\u00f1amiento emocional y comunicaci\u00f3n efectiva con la persona mayor y su familia.<\/p>\n\n\n\n<figure class=\"wp-block-image size-large\"><a href=\"https:\/\/alminutonoticia.com\/noticias\/wp-content\/uploads\/2025\/10\/WhatsApp-Image-2025-10-16-at-11.39.55-PM.jpeg\"><img fetchpriority=\"high\" decoding=\"async\" width=\"1024\" height=\"576\" src=\"https:\/\/alminutonoticia.com\/noticias\/wp-content\/uploads\/2025\/10\/WhatsApp-Image-2025-10-16-at-11.39.55-PM-1024x576.jpeg\" alt=\"\" class=\"wp-image-17841\" title=\"\" srcset=\"https:\/\/alminutonoticia.com\/noticias\/wp-content\/uploads\/2025\/10\/WhatsApp-Image-2025-10-16-at-11.39.55-PM-1024x576.jpeg 1024w, https:\/\/alminutonoticia.com\/noticias\/wp-content\/uploads\/2025\/10\/WhatsApp-Image-2025-10-16-at-11.39.55-PM-300x169.jpeg 300w, https:\/\/alminutonoticia.com\/noticias\/wp-content\/uploads\/2025\/10\/WhatsApp-Image-2025-10-16-at-11.39.55-PM-768x432.jpeg 768w, https:\/\/alminutonoticia.com\/noticias\/wp-content\/uploads\/2025\/10\/WhatsApp-Image-2025-10-16-at-11.39.55-PM-1536x864.jpeg 1536w, https:\/\/alminutonoticia.com\/noticias\/wp-content\/uploads\/2025\/10\/WhatsApp-Image-2025-10-16-at-11.39.55-PM.jpeg 1600w\" sizes=\"(max-width: 1024px) 100vw, 1024px\" \/><\/a><\/figure>\n\n\n\n<p>Asimismo, los estudiantes deber\u00e1n cumplir con una pr\u00e1ctica profesional supervisada, requisito indispensable para su certificaci\u00f3n, en la que aplicar\u00e1n sus conocimientos en hogares, centros de atenci\u00f3n y espacios comunitarios, bajo la gu\u00eda de profesionales experimentados.<\/p>\n\n\n\n<p>En l\u00ednea con las tendencias globales y las necesidades del mercado tecnol\u00f3gico, INADEH tambi\u00e9n lanzar\u00e1 el programa T\u00e9cnico Profesional Programador Web, con una duraci\u00f3n de 1,120 horas.<\/p>\n\n\n\n<p>La formaci\u00f3n est\u00e1 orientada a desarrollar habilidades t\u00e9cnicas y pr\u00e1cticas en el dise\u00f1o, desarrollo y mantenimiento de sitios y aplicaciones web, preparando a los participantes para insertarse exitosamente en el mercado laboral digital.<\/p>\n\n\n\n<div class=\"wp-block-columns is-layout-flex wp-container-core-columns-is-layout-28f84493 wp-block-columns-is-layout-flex\">\n<div class=\"wp-block-column is-layout-flow wp-block-column-is-layout-flow\">\n<figure class=\"wp-block-image size-large\"><a href=\"https:\/\/alminutonoticia.com\/noticias\/wp-content\/uploads\/2025\/10\/WhatsApp-Image-2025-10-16-at-11.39.54-PM.jpeg\"><img decoding=\"async\" width=\"1024\" height=\"682\" src=\"https:\/\/alminutonoticia.com\/noticias\/wp-content\/uploads\/2025\/10\/WhatsApp-Image-2025-10-16-at-11.39.54-PM-1024x682.jpeg\" alt=\"\" class=\"wp-image-17842\" title=\"\" srcset=\"https:\/\/alminutonoticia.com\/noticias\/wp-content\/uploads\/2025\/10\/WhatsApp-Image-2025-10-16-at-11.39.54-PM-1024x682.jpeg 1024w, https:\/\/alminutonoticia.com\/noticias\/wp-content\/uploads\/2025\/10\/WhatsApp-Image-2025-10-16-at-11.39.54-PM-300x200.jpeg 300w, https:\/\/alminutonoticia.com\/noticias\/wp-content\/uploads\/2025\/10\/WhatsApp-Image-2025-10-16-at-11.39.54-PM-768x512.jpeg 768w, https:\/\/alminutonoticia.com\/noticias\/wp-content\/uploads\/2025\/10\/WhatsApp-Image-2025-10-16-at-11.39.54-PM-1536x1023.jpeg 1536w, https:\/\/alminutonoticia.com\/noticias\/wp-content\/uploads\/2025\/10\/WhatsApp-Image-2025-10-16-at-11.39.54-PM.jpeg 1600w\" sizes=\"(max-width: 1024px) 100vw, 1024px\" \/><\/a><\/figure>\n<\/div>\n\n\n\n<div class=\"wp-block-column is-layout-flow wp-block-column-is-layout-flow\">\n<figure class=\"wp-block-image size-large\"><a href=\"https:\/\/alminutonoticia.com\/noticias\/wp-content\/uploads\/2025\/10\/WhatsApp-Image-2025-10-16-at-11.39.55-PM-1.jpeg\"><img decoding=\"async\" width=\"1024\" height=\"682\" src=\"https:\/\/alminutonoticia.com\/noticias\/wp-content\/uploads\/2025\/10\/WhatsApp-Image-2025-10-16-at-11.39.55-PM-1-1024x682.jpeg\" alt=\"\" class=\"wp-image-17843\" title=\"\" srcset=\"https:\/\/alminutonoticia.com\/noticias\/wp-content\/uploads\/2025\/10\/WhatsApp-Image-2025-10-16-at-11.39.55-PM-1-1024x682.jpeg 1024w, https:\/\/alminutonoticia.com\/noticias\/wp-content\/uploads\/2025\/10\/WhatsApp-Image-2025-10-16-at-11.39.55-PM-1-300x200.jpeg 300w, https:\/\/alminutonoticia.com\/noticias\/wp-content\/uploads\/2025\/10\/WhatsApp-Image-2025-10-16-at-11.39.55-PM-1-768x512.jpeg 768w, https:\/\/alminutonoticia.com\/noticias\/wp-content\/uploads\/2025\/10\/WhatsApp-Image-2025-10-16-at-11.39.55-PM-1-1536x1023.jpeg 1536w, https:\/\/alminutonoticia.com\/noticias\/wp-content\/uploads\/2025\/10\/WhatsApp-Image-2025-10-16-at-11.39.55-PM-1.jpeg 1600w\" sizes=\"(max-width: 1024px) 100vw, 1024px\" \/><\/a><\/figure>\n<\/div>\n<\/div>\n\n\n\n<p>Ambos programas se impartir\u00e1n en el Centro de Innovaci\u00f3n y Emprendimiento (CIEPI), ubicado en Plaza Galer\u00edas Tocumen, un espacio moderno dise\u00f1ado para fomentar el aprendizaje pr\u00e1ctico y el desarrollo de competencias laborales.<\/p>\n\n\n\n<p>Tanto el T\u00e9cnico en Cuidado a Personas Mayores como el T\u00e9cnico Profesional Programador Web iniciar\u00e1n el 20 de octubre. Las personas interesadas en formar parte de estos programas podr\u00e1n realizar su inscripci\u00f3n a trav\u00e9s del sitio web oficial de INADEH: www.inadeh.edu.pa.<\/p>\n","protected":false},"excerpt":{"rendered":"<p>El Instituto Nacional de Formaci\u00f3n Profesional y Capacitaci\u00f3n para el Desarrollo Humano (INADEH) anuncia el lanzamiento de dos nuevos programas con sello institucional: T\u00e9cnico en Cuidado a Personas Mayores y T\u00e9cnico Profesional Programador Web. El programa T\u00e9cnico en Cuidado a Personas Mayores, con una duraci\u00f3n de 644 horas de formaci\u00f3n, est\u00e1 dise\u00f1ado para preparar personal [&hellip;]<\/p>\n","protected":false},"author":3,"featured_media":17842,"comment_status":"open","ping_status":"open","sticky":false,"template":"","format":"standard","meta":{"footnotes":""},"categories":[36],"tags":[],"class_list":["post-17840","post","type-post","status-publish","format-standard","has-post-thumbnail","hentry","category-nacionales"],"_links":{"self":[{"href":"https:\/\/alminutonoticia.com\/noticias\/wp-json\/wp\/v2\/posts\/17840","targetHints":{"allow":["GET"]}}],"collection":[{"href":"https:\/\/alminutonoticia.com\/noticias\/wp-json\/wp\/v2\/posts"}],"about":[{"href":"https:\/\/alminutonoticia.com\/noticias\/wp-json\/wp\/v2\/types\/post"}],"author":[{"embeddable":true,"href":"https:\/\/alminutonoticia.com\/noticias\/wp-json\/wp\/v2\/users\/3"}],"replies":[{"embeddable":true,"href":"https:\/\/alminutonoticia.com\/noticias\/wp-json\/wp\/v2\/comments?post=17840"}],"version-history":[{"count":1,"href":"https:\/\/alminutonoticia.com\/noticias\/wp-json\/wp\/v2\/posts\/17840\/revisions"}],"predecessor-version":[{"id":17844,"href":"https:\/\/alminutonoticia.com\/noticias\/wp-json\/wp\/v2\/posts\/17840\/revisions\/17844"}],"wp:featuredmedia":[{"embeddable":true,"href":"https:\/\/alminutonoticia.com\/noticias\/wp-json\/wp\/v2\/media\/17842"}],"wp:attachment":[{"href":"https:\/\/alminutonoticia.com\/noticias\/wp-json\/wp\/v2\/media?parent=17840"}],"wp:term":[{"taxonomy":"category","embeddable":true,"href":"https:\/\/alminutonoticia.com\/noticias\/wp-json\/wp\/v2\/categories?post=17840"},{"taxonomy":"post_tag","embeddable":true,"href":"https:\/\/alminutonoticia.com\/noticias\/wp-json\/wp\/v2\/tags?post=17840"}],"curies":[{"name":"wp","href":"https:\/\/api.w.org\/{rel}","templated":true}]}}