{"id":17831,"date":"2025-10-16T02:46:57","date_gmt":"2025-10-16T02:46:57","guid":{"rendered":"https:\/\/alminutonoticia.com\/noticias\/?p=17831"},"modified":"2025-10-16T02:46:59","modified_gmt":"2025-10-16T02:46:59","slug":"gota-verde-nueva-iniciativa-ambiental-para-don-bosco","status":"publish","type":"post","link":"https:\/\/alminutonoticia.com\/noticias\/gota-verde-nueva-iniciativa-ambiental-para-don-bosco\/","title":{"rendered":"\u00abGota Verde\u00bb, nueva iniciativa ambiental para Don Bosco"},"content":{"rendered":"\n<p>Con el compromiso de fortalecer la cultura ambiental en las comunidades, la Junta Comunal de Don Bosco, en alianza con la empresa Biocar S.A., lanz\u00f3 oficialmente el proyecto \u201cGota Verde\u201d, una iniciativa dedicada a la recolecci\u00f3n de aceite de cocina usado para evitar la contaminaci\u00f3n del agua, el suelo y proteger los ecosistemas locales.<\/p>\n\n\n\n<p>El acto de lanzamiento se realiz\u00f3 en el Centro de Acopio Recicletas, ubicado en la avenida Rodolfo Aguilera, a un costado del parque infantil La Riviera, y cont\u00f3 con la participaci\u00f3n de autoridades locales, vecinos y representantes ambientales.<\/p>\n\n\n\n<p>Una comunidad comprometida con el cambio<\/p>\n\n\n\n<p>El proyecto \u201cGota Verde\u201d invita a los residentes del corregimiento de Don Bosco a convertirse en agentes activos del cambio ambiental, evitando que el aceite usado sea vertido en los fregaderos, una pr\u00e1ctica com\u00fan que causa obstrucci\u00f3n de tuber\u00edas, da\u00f1a las redes de saneamiento y contamina r\u00edos y mares.<\/p>\n\n\n\n<p>\u201cEsta gesti\u00f3n ambiental permitir\u00e1 almacenar adecuadamente el aceite usado en los hogares, protegiendo nuestras cuencas hidrogr\u00e1ficas y promoviendo una comunidad m\u00e1s limpia, saludable y sostenible\u201d, destac\u00f3 el representante de Don Bosco, Pier Janson.<\/p>\n\n\n\n<p>Seg\u00fan Janson, en lo que va del a\u00f1o 2025, se han recuperado 1,350 galones (10,233 litros) de aceite usado, una cifra que refleja el compromiso creciente de la comunidad.<\/p>\n\n\n\n<p>\u201cCon Gota Verde, damos un paso m\u00e1s hacia un Don Bosco m\u00e1s verde y consciente. Este es solo uno de los muchos programas que estamos impulsando para reducir la contaminaci\u00f3n y proteger nuestro entorno\u201d, agreg\u00f3 el representante.<\/p>\n\n\n\n<p>El proyecto arranca con la participaci\u00f3n de 565 residencias, las cuales recibir\u00e1n gratuitamente envases especiales para almacenar el aceite usado. Este ser\u00e1 recolectado a trav\u00e9s del programa Recicletas, que desde 2023 viene promoviendo el reciclaje y la educaci\u00f3n ambiental en el corregimiento.<\/p>\n\n\n\n<p>La Junta Comunal de Don Bosco hace un llamado a toda la comunidad a sumarse activamente al proyecto. Quienes requieran envases pueden comunicarse al 509-2179 o escribir al correo donboscoverde@jcdonbosco.com<\/p>\n\n\n\n<figure class=\"wp-block-image size-large\"><a href=\"https:\/\/alminutonoticia.com\/noticias\/wp-content\/uploads\/2025\/10\/Imagen-de-WhatsApp-2025-10-15-a-las-21.17.38_2dd7f566.jpg\"><img fetchpriority=\"high\" decoding=\"async\" width=\"1024\" height=\"902\" src=\"https:\/\/alminutonoticia.com\/noticias\/wp-content\/uploads\/2025\/10\/Imagen-de-WhatsApp-2025-10-15-a-las-21.17.38_2dd7f566-1024x902.jpg\" alt=\"\" class=\"wp-image-17832\" title=\"\" srcset=\"https:\/\/alminutonoticia.com\/noticias\/wp-content\/uploads\/2025\/10\/Imagen-de-WhatsApp-2025-10-15-a-las-21.17.38_2dd7f566-1024x902.jpg 1024w, https:\/\/alminutonoticia.com\/noticias\/wp-content\/uploads\/2025\/10\/Imagen-de-WhatsApp-2025-10-15-a-las-21.17.38_2dd7f566-300x264.jpg 300w, https:\/\/alminutonoticia.com\/noticias\/wp-content\/uploads\/2025\/10\/Imagen-de-WhatsApp-2025-10-15-a-las-21.17.38_2dd7f566-768x676.jpg 768w, https:\/\/alminutonoticia.com\/noticias\/wp-content\/uploads\/2025\/10\/Imagen-de-WhatsApp-2025-10-15-a-las-21.17.38_2dd7f566-1536x1353.jpg 1536w, https:\/\/alminutonoticia.com\/noticias\/wp-content\/uploads\/2025\/10\/Imagen-de-WhatsApp-2025-10-15-a-las-21.17.38_2dd7f566.jpg 1599w\" sizes=\"(max-width: 1024px) 100vw, 1024px\" \/><\/a><\/figure>\n","protected":false},"excerpt":{"rendered":"<p>Con el compromiso de fortalecer la cultura ambiental en las comunidades, la Junta Comunal de Don Bosco, en alianza con la empresa Biocar S.A., lanz\u00f3 oficialmente el proyecto \u201cGota Verde\u201d, una iniciativa dedicada a la recolecci\u00f3n de aceite de cocina usado para evitar la contaminaci\u00f3n del agua, el suelo y proteger los ecosistemas locales. El [&hellip;]<\/p>\n","protected":false},"author":2,"featured_media":17833,"comment_status":"open","ping_status":"open","sticky":false,"template":"","format":"standard","meta":{"footnotes":""},"categories":[36],"tags":[],"class_list":["post-17831","post","type-post","status-publish","format-standard","has-post-thumbnail","hentry","category-nacionales"],"_links":{"self":[{"href":"https:\/\/alminutonoticia.com\/noticias\/wp-json\/wp\/v2\/posts\/17831","targetHints":{"allow":["GET"]}}],"collection":[{"href":"https:\/\/alminutonoticia.com\/noticias\/wp-json\/wp\/v2\/posts"}],"about":[{"href":"https:\/\/alminutonoticia.com\/noticias\/wp-json\/wp\/v2\/types\/post"}],"author":[{"embeddable":true,"href":"https:\/\/alminutonoticia.com\/noticias\/wp-json\/wp\/v2\/users\/2"}],"replies":[{"embeddable":true,"href":"https:\/\/alminutonoticia.com\/noticias\/wp-json\/wp\/v2\/comments?post=17831"}],"version-history":[{"count":2,"href":"https:\/\/alminutonoticia.com\/noticias\/wp-json\/wp\/v2\/posts\/17831\/revisions"}],"predecessor-version":[{"id":17835,"href":"https:\/\/alminutonoticia.com\/noticias\/wp-json\/wp\/v2\/posts\/17831\/revisions\/17835"}],"wp:featuredmedia":[{"embeddable":true,"href":"https:\/\/alminutonoticia.com\/noticias\/wp-json\/wp\/v2\/media\/17833"}],"wp:attachment":[{"href":"https:\/\/alminutonoticia.com\/noticias\/wp-json\/wp\/v2\/media?parent=17831"}],"wp:term":[{"taxonomy":"category","embeddable":true,"href":"https:\/\/alminutonoticia.com\/noticias\/wp-json\/wp\/v2\/categories?post=17831"},{"taxonomy":"post_tag","embeddable":true,"href":"https:\/\/alminutonoticia.com\/noticias\/wp-json\/wp\/v2\/tags?post=17831"}],"curies":[{"name":"wp","href":"https:\/\/api.w.org\/{rel}","templated":true}]}}