{"id":17826,"date":"2025-10-16T02:45:05","date_gmt":"2025-10-16T02:45:05","guid":{"rendered":"https:\/\/alminutonoticia.com\/noticias\/?p=17826"},"modified":"2025-10-16T02:45:07","modified_gmt":"2025-10-16T02:45:07","slug":"mici-impulsa-la-expansion-internacional-de-80-empresas-con-mas-de-500-reuniones-de-negocios","status":"publish","type":"post","link":"https:\/\/alminutonoticia.com\/noticias\/mici-impulsa-la-expansion-internacional-de-80-empresas-con-mas-de-500-reuniones-de-negocios\/","title":{"rendered":"MICI impulsa la expansi\u00f3n internacional de 80 empresas con m\u00e1s de 500 reuniones de negocios"},"content":{"rendered":"\n<p>Con m\u00e1s de 500 citas comerciales programadas y la participaci\u00f3n de cerca de 80 empresas oferentes, el Ministerio de Comercio e Industrias (MICI) inaugur\u00f3 hoy la Rueda de Negocios Panam\u00e1 Exporta 2025, la jornada comercial m\u00e1s importante organizada por la instituci\u00f3n, destinada a fortalecer la presencia de los productos paname\u00f1os en los mercados internacionales.<br>El ministro de Comercio e Industrias, Julio Molt\u00f3, presidi\u00f3 el acto inaugural, destacando que esta iniciativa materializa el compromiso del Gobierno Nacional con un crecimiento ordenado, competitivo y generador de oportunidades.<br>\u201cEsta rueda de negocios refleja la esencia del plan de gobierno: un Panam\u00e1 que crece con orden, que genera oportunidades reales y abre camino al talento nacional\u201d, afirm\u00f3 Molt\u00f3.<br>El ministro subray\u00f3 que Panam\u00e1 Exporta 2025 trasciende una agenda de reuniones, al consolidarse como una plataforma efectiva de desarrollo empresarial, que permite a las empresas conectarse, potenciar sus resultados y convertir ideas en negocios concretos. Agreg\u00f3 que la iniciativa naci\u00f3 del \u00e9xito de la reciente misi\u00f3n comercial a Rep\u00fablica Dominicana, donde se concretaron m\u00e1s de 300 citas de negocios.<br>\u201cA los compradores que nos visitan, gracias por mirar hacia Panam\u00e1, por confiar en lo hecho en Panam\u00e1 y por apostar por un pa\u00eds que produce con calidad, innova y avanza con confianza\u201d, expres\u00f3 el ministro.<br>Durante la jornada se desarrollan reuniones uno a uno entre exportadores paname\u00f1os y compradores internacionales de Estados Unidos, Puerto Rico, Rep\u00fablica Dominicana, Aruba, Curazao, Colombia, Per\u00fa, Ecuador y Costa Rica. Tambi\u00e9n participan cadenas de supermercados, hoteles y multinacionales con operaciones en Panam\u00e1, en el marco de una estrategia integral para impulsar el consumo de productos nacionales.<br>La oferta exportable incluye una amplia gama de alimentos, bebidas, productos naturales, cosm\u00e9ticos, art\u00edculos de limpieza, mobiliario sostenible y empaques, todos con el sello de calidad paname\u00f1o. Estas ruedas de negocios buscan generar resultados concretos de exportaci\u00f3n y establecer relaciones comerciales sostenibles que fortalezcan la competitividad del sector productivo nacional.<br>El acto inaugural cont\u00f3 con la presencia de autoridades del Gobierno Nacional y representantes de instituciones aliadas como el director general de la Autoridad de la Micro, Peque\u00f1a y Mediana Empresa (AMPYME), Ra\u00fal Fern\u00e1ndez, y el embajador de Espa\u00f1a en Panam\u00e1, Guzm\u00e1n Palacios, quienes reafirmaron su respaldo a esta iniciativa como una herramienta clave para el crecimiento y expansi\u00f3n internacional de las pymes paname\u00f1as.<\/p>\n\n\n\n<figure class=\"wp-block-image size-large\"><a href=\"https:\/\/alminutonoticia.com\/noticias\/wp-content\/uploads\/2025\/10\/Imagen-de-WhatsApp-2025-10-15-a-las-21.18.11_89a73294.jpg\"><img fetchpriority=\"high\" decoding=\"async\" width=\"1024\" height=\"683\" src=\"https:\/\/alminutonoticia.com\/noticias\/wp-content\/uploads\/2025\/10\/Imagen-de-WhatsApp-2025-10-15-a-las-21.18.11_89a73294-1024x683.jpg\" alt=\"\" class=\"wp-image-17827\" title=\"\" srcset=\"https:\/\/alminutonoticia.com\/noticias\/wp-content\/uploads\/2025\/10\/Imagen-de-WhatsApp-2025-10-15-a-las-21.18.11_89a73294-1024x683.jpg 1024w, https:\/\/alminutonoticia.com\/noticias\/wp-content\/uploads\/2025\/10\/Imagen-de-WhatsApp-2025-10-15-a-las-21.18.11_89a73294-300x200.jpg 300w, https:\/\/alminutonoticia.com\/noticias\/wp-content\/uploads\/2025\/10\/Imagen-de-WhatsApp-2025-10-15-a-las-21.18.11_89a73294-768x512.jpg 768w, https:\/\/alminutonoticia.com\/noticias\/wp-content\/uploads\/2025\/10\/Imagen-de-WhatsApp-2025-10-15-a-las-21.18.11_89a73294.jpg 1280w\" sizes=\"(max-width: 1024px) 100vw, 1024px\" \/><\/a><\/figure>\n","protected":false},"excerpt":{"rendered":"<p>Con m\u00e1s de 500 citas comerciales programadas y la participaci\u00f3n de cerca de 80 empresas oferentes, el Ministerio de Comercio e Industrias (MICI) inaugur\u00f3 hoy la Rueda de Negocios Panam\u00e1 Exporta 2025, la jornada comercial m\u00e1s importante organizada por la instituci\u00f3n, destinada a fortalecer la presencia de los productos paname\u00f1os en los mercados internacionales.El ministro [&hellip;]<\/p>\n","protected":false},"author":2,"featured_media":17828,"comment_status":"open","ping_status":"open","sticky":false,"template":"","format":"standard","meta":{"footnotes":""},"categories":[36],"tags":[],"class_list":["post-17826","post","type-post","status-publish","format-standard","has-post-thumbnail","hentry","category-nacionales"],"_links":{"self":[{"href":"https:\/\/alminutonoticia.com\/noticias\/wp-json\/wp\/v2\/posts\/17826","targetHints":{"allow":["GET"]}}],"collection":[{"href":"https:\/\/alminutonoticia.com\/noticias\/wp-json\/wp\/v2\/posts"}],"about":[{"href":"https:\/\/alminutonoticia.com\/noticias\/wp-json\/wp\/v2\/types\/post"}],"author":[{"embeddable":true,"href":"https:\/\/alminutonoticia.com\/noticias\/wp-json\/wp\/v2\/users\/2"}],"replies":[{"embeddable":true,"href":"https:\/\/alminutonoticia.com\/noticias\/wp-json\/wp\/v2\/comments?post=17826"}],"version-history":[{"count":2,"href":"https:\/\/alminutonoticia.com\/noticias\/wp-json\/wp\/v2\/posts\/17826\/revisions"}],"predecessor-version":[{"id":17830,"href":"https:\/\/alminutonoticia.com\/noticias\/wp-json\/wp\/v2\/posts\/17826\/revisions\/17830"}],"wp:featuredmedia":[{"embeddable":true,"href":"https:\/\/alminutonoticia.com\/noticias\/wp-json\/wp\/v2\/media\/17828"}],"wp:attachment":[{"href":"https:\/\/alminutonoticia.com\/noticias\/wp-json\/wp\/v2\/media?parent=17826"}],"wp:term":[{"taxonomy":"category","embeddable":true,"href":"https:\/\/alminutonoticia.com\/noticias\/wp-json\/wp\/v2\/categories?post=17826"},{"taxonomy":"post_tag","embeddable":true,"href":"https:\/\/alminutonoticia.com\/noticias\/wp-json\/wp\/v2\/tags?post=17826"}],"curies":[{"name":"wp","href":"https:\/\/api.w.org\/{rel}","templated":true}]}}