{"id":17822,"date":"2025-10-14T05:47:18","date_gmt":"2025-10-14T05:47:18","guid":{"rendered":"https:\/\/alminutonoticia.com\/noticias\/?p=17822"},"modified":"2025-10-14T05:47:20","modified_gmt":"2025-10-14T05:47:20","slug":"panama-to-host-next-iucn-world-protected-and-conserved-areas-congress-in-2027","status":"publish","type":"post","link":"https:\/\/alminutonoticia.com\/noticias\/panama-to-host-next-iucn-world-protected-and-conserved-areas-congress-in-2027\/","title":{"rendered":"Panam\u00e1 to host next IUCN World Protected and Conserved Areas Congress in 2027"},"content":{"rendered":"\n<p>[9:07 a.m., 12\/10\/2025] Esperanza Azul: Panam\u00e1 fue seleccionado como pa\u00eds anfitri\u00f3n del Congreso Mundial de \u00c1reas Protegidas y Conservadas 2027, uno de los eventos de mayor trascendencia mundial en materia de conservaci\u00f3n de la naturaleza. El anuncio se realiz\u00f3 durante la agenda del Congreso Mundial de la Naturaleza de UICN que se celebra en Abu Dhabi, Emiratos \u00c1rabes.<\/p>\n\n\n\n<p>Este congreso se llevar\u00e1 a cabo en un momento de profunda urgencia ecol\u00f3gica en el que los impactos del cambio clim\u00e1tico, la p\u00e9rdida de biodiversidad y la desigualdad exigen una acci\u00f3n global m\u00e1s ambiciosa y coordinada.<\/p>\n\n\n\n<p>El Congreso Mundial de \u00c1reas Protegida\u2026<br>[9:08 a.m., 12\/10\/2025] Esperanza Azul: Panam\u00e1 to host next IUCN World Protected and Conserved Areas Congress in 2027<\/p>\n\n\n\n<p>Embargoed until 12th October, 14.15 GST (12.15PM CEST)<\/p>\n\n\n\n<p>Abu Dhabi, UAE, 12th October 2025 (IUCN World Conservation Congress) IUCN has announced that Panam\u00e1 will host the seventh IUCN World Protected and Conserved Areas Congress in 2027 \u2013 highlighting the country\u2019s ambition to be a global leader in the conservation movement.<br>The Congress is the premier global forum for setting the agenda for protected and conserved areas. It brings together leaders and experts from governments, civil society, Indigenous Peoples, academia, and the private sector to develop and advance solutions for nature conservation involving effective area-based conservation.<\/p>\n\n\n\n<figure class=\"wp-block-image size-large\"><a href=\"https:\/\/alminutonoticia.com\/noticias\/wp-content\/uploads\/2025\/10\/WhatsApp-Image-2025-10-12-at-9.08.58-AM.jpeg\"><img fetchpriority=\"high\" decoding=\"async\" width=\"1024\" height=\"768\" src=\"https:\/\/alminutonoticia.com\/noticias\/wp-content\/uploads\/2025\/10\/WhatsApp-Image-2025-10-12-at-9.08.58-AM-1024x768.jpeg\" alt=\"\" class=\"wp-image-17823\" title=\"\" srcset=\"https:\/\/alminutonoticia.com\/noticias\/wp-content\/uploads\/2025\/10\/WhatsApp-Image-2025-10-12-at-9.08.58-AM-1024x768.jpeg 1024w, https:\/\/alminutonoticia.com\/noticias\/wp-content\/uploads\/2025\/10\/WhatsApp-Image-2025-10-12-at-9.08.58-AM-300x225.jpeg 300w, https:\/\/alminutonoticia.com\/noticias\/wp-content\/uploads\/2025\/10\/WhatsApp-Image-2025-10-12-at-9.08.58-AM-768x576.jpeg 768w, https:\/\/alminutonoticia.com\/noticias\/wp-content\/uploads\/2025\/10\/WhatsApp-Image-2025-10-12-at-9.08.58-AM-1536x1152.jpeg 1536w, https:\/\/alminutonoticia.com\/noticias\/wp-content\/uploads\/2025\/10\/WhatsApp-Image-2025-10-12-at-9.08.58-AM.jpeg 1600w\" sizes=\"(max-width: 1024px) 100vw, 1024px\" \/><\/a><\/figure>\n\n\n\n<p><br>The Congress in 2027 will be the seventh in the series since 1962, and will be held in a critical period for global conservation. Since the last Congress in 2014 in Sydney, Australia, biodiversity loss, climate impacts, social injustice and inequality, conflict, and socio-political fragmentation have worsened. Effective and equitable protected and conserved areas have a significant role to play; they conserve biodiversity, address inequity in society and can make a significant contribution to addressing global challenges. The IUCN World Protected and Conserved Areas Congress 2027 will take place in the final years of the Kunming-Montreal Global Biodiversity Framework, coinciding also with the 2030 endpoint for the Sustainable Development Goals, and will be uniquely positioned to inform and set the agenda for the ensuing decades.<br>For the first time, the Congress will be held in the MesoAmerica region, itself home to astonishingly diverse biodiversity, conserved by governments and civil society and in particular by Indigenous Peoples and by local communities.<br>\u00abPanam\u00e1 is the crossroads of the world. A natural land-bridge between North and South America and the Caribbean and Pacific Oceans, with exceptional biodiversity and the planet\u2019s best example of sustainable development: the Panam\u00e1 Canal. We look forward to hosting this global meeting so as to showcase our national parks and nature reserves, to share our effective field-based conservation efforts on the ground and to promote immediate and powerful conservation actions globally.\u00bb remarked Mr Juan Carlos Navarro, Minister of the Environment and Climate Change of Panam\u00e1.<br>\u201cWe are delighted that Panam\u00e1 will host the IUCN World Protected and Conserved Areas Congress in 2027. As one of the world\u2019s most biodiverse countries \u2013 where tropical forests, mangroves, coral reefs, and oceans converge, Panam\u00e1 offers the perfect stage for this global gathering. At a decisive moment for our planet, this Congress will unite leaders and communities to accelerate action for biodiversity, climate, and people, and to chart a bold path toward a sustainable and resilient future for all\u201d said Dr Grethel Aguilar, IUCN Director General.<\/p>\n\n\n\n<p>The Congress will be organised around three integrated themes, each selected for its transformative potential. The outcomes will be frameworks for action, capable of shaping global and local strategies for lasting conservation impact. The themes being developed include:<br>\u2022 Global change and biodiversity \u2013 opportunities and threats for protected and conserved areas to address global challenges;<br>\u2022 Scaling Effective Conservation \u2013 securing gains, recognising key opportunities for focus and investment, and determining how and where to scale;<br>\u2022 Conservation and People \u2013 recognizing and defending rights, responsibilities, and relationships in a changing world.<\/p>\n\n\n\n<p>\u201cThe Congress in 2027 will serve as a vital checkpoint and catalyst for global conservation efforts, helping to ensure that the world is on track to meet the ambitious 2030 goals of the GBF\u201d said Dr Madhu Rao, Chair of the IUCN World Commission on Protected Areas<br>The Congress will be a crucial opportunity to mobilise political will and commitment from nations to implement their national biodiversity strategies; showcase best practices and innovative solutions for protected and conserved area governance, management, and financing; elevate the role of Indigenous Peoples and of local communities in conservation; and establish a clear, ambitious agenda for protected and conserved areas that will help the world to meet the challenges posed by biodiversity decline and climate change.<\/p>\n","protected":false},"excerpt":{"rendered":"<p>[9:07 a.m., 12\/10\/2025] Esperanza Azul: Panam\u00e1 fue seleccionado como pa\u00eds anfitri\u00f3n del Congreso Mundial de \u00c1reas Protegidas y Conservadas 2027, uno de los eventos de mayor trascendencia mundial en materia de conservaci\u00f3n de la naturaleza. El anuncio se realiz\u00f3 durante la agenda del Congreso Mundial de la Naturaleza de UICN que se celebra en Abu [&hellip;]<\/p>\n","protected":false},"author":3,"featured_media":17823,"comment_status":"open","ping_status":"open","sticky":false,"template":"","format":"standard","meta":{"footnotes":""},"categories":[36,42],"tags":[],"class_list":["post-17822","post","type-post","status-publish","format-standard","has-post-thumbnail","hentry","category-nacionales","category-ambiente"],"_links":{"self":[{"href":"https:\/\/alminutonoticia.com\/noticias\/wp-json\/wp\/v2\/posts\/17822","targetHints":{"allow":["GET"]}}],"collection":[{"href":"https:\/\/alminutonoticia.com\/noticias\/wp-json\/wp\/v2\/posts"}],"about":[{"href":"https:\/\/alminutonoticia.com\/noticias\/wp-json\/wp\/v2\/types\/post"}],"author":[{"embeddable":true,"href":"https:\/\/alminutonoticia.com\/noticias\/wp-json\/wp\/v2\/users\/3"}],"replies":[{"embeddable":true,"href":"https:\/\/alminutonoticia.com\/noticias\/wp-json\/wp\/v2\/comments?post=17822"}],"version-history":[{"count":1,"href":"https:\/\/alminutonoticia.com\/noticias\/wp-json\/wp\/v2\/posts\/17822\/revisions"}],"predecessor-version":[{"id":17824,"href":"https:\/\/alminutonoticia.com\/noticias\/wp-json\/wp\/v2\/posts\/17822\/revisions\/17824"}],"wp:featuredmedia":[{"embeddable":true,"href":"https:\/\/alminutonoticia.com\/noticias\/wp-json\/wp\/v2\/media\/17823"}],"wp:attachment":[{"href":"https:\/\/alminutonoticia.com\/noticias\/wp-json\/wp\/v2\/media?parent=17822"}],"wp:term":[{"taxonomy":"category","embeddable":true,"href":"https:\/\/alminutonoticia.com\/noticias\/wp-json\/wp\/v2\/categories?post=17822"},{"taxonomy":"post_tag","embeddable":true,"href":"https:\/\/alminutonoticia.com\/noticias\/wp-json\/wp\/v2\/tags?post=17822"}],"curies":[{"name":"wp","href":"https:\/\/api.w.org\/{rel}","templated":true}]}}