{"id":17816,"date":"2025-10-14T05:43:24","date_gmt":"2025-10-14T05:43:24","guid":{"rendered":"https:\/\/alminutonoticia.com\/noticias\/?p=17816"},"modified":"2025-10-14T05:44:25","modified_gmt":"2025-10-14T05:44:25","slug":"presidente-mulino-sanciona-ley-de-adhesion-al-mercosur-que-preve-grandes-oportunidades-comerciales-para-el-pais","status":"publish","type":"post","link":"https:\/\/alminutonoticia.com\/noticias\/presidente-mulino-sanciona-ley-de-adhesion-al-mercosur-que-preve-grandes-oportunidades-comerciales-para-el-pais\/","title":{"rendered":"Presidente Mulino sanciona ley de adhesi\u00f3n al Mercosur que prev\u00e9 grandes oportunidades comerciales para el pa\u00eds"},"content":{"rendered":"\n<p>Luego de ser aprobada por unanimidad en la Asamblea Nacional de Diputados, el presidente de la Rep\u00fablica, Jos\u00e9 Ra\u00fal Mulino, sancion\u00f3 esta tarde la Ley que ratifica la incorporaci\u00f3n de Panam\u00e1 como Estado Asociado al Mercosur. El documento lleva tambi\u00e9n la firma del ministro de Relaciones Exteriores encargado, Carlos Arturo Hoyos, y del presidente de la Asamblea Nacional de Diputados, Jorge Herrera.<\/p>\n\n\n\n<p>El pasado jueves en conferencia de prensa, el presidente Mulino agradeci\u00f3 el apoyo de los diputados en la aprobaci\u00f3n de este documento, debido a la importancia de elevar al pa\u00eds a este bloque comercial y econ\u00f3mico que, adem\u00e1s de convertir a Panam\u00e1 en la puerta de acceso para el Mercosur a Centroam\u00e9rica, tambi\u00e9n representa la oportunidad de un amplio y atractivo mercado para los productores paname\u00f1os.<\/p>\n\n\n\n<figure class=\"wp-block-image size-large\"><a href=\"https:\/\/alminutonoticia.com\/noticias\/wp-content\/uploads\/2025\/10\/WhatsApp-Image-2025-10-13-at-5.52.24-PM-1.jpeg\"><img fetchpriority=\"high\" decoding=\"async\" width=\"1024\" height=\"683\" src=\"https:\/\/alminutonoticia.com\/noticias\/wp-content\/uploads\/2025\/10\/WhatsApp-Image-2025-10-13-at-5.52.24-PM-1-1024x683.jpeg\" alt=\"\" class=\"wp-image-17819\" title=\"\" srcset=\"https:\/\/alminutonoticia.com\/noticias\/wp-content\/uploads\/2025\/10\/WhatsApp-Image-2025-10-13-at-5.52.24-PM-1-1024x683.jpeg 1024w, https:\/\/alminutonoticia.com\/noticias\/wp-content\/uploads\/2025\/10\/WhatsApp-Image-2025-10-13-at-5.52.24-PM-1-300x200.jpeg 300w, https:\/\/alminutonoticia.com\/noticias\/wp-content\/uploads\/2025\/10\/WhatsApp-Image-2025-10-13-at-5.52.24-PM-1-768x512.jpeg 768w, https:\/\/alminutonoticia.com\/noticias\/wp-content\/uploads\/2025\/10\/WhatsApp-Image-2025-10-13-at-5.52.24-PM-1.jpeg 1280w\" sizes=\"(max-width: 1024px) 100vw, 1024px\" \/><\/a><\/figure>\n\n\n\n<p>El ministro de Comercio e Industrias, Julio Molt\u00f3, calific\u00f3 la aprobaci\u00f3n y sanci\u00f3n de esta ley como un trabajo in\u00e9dito entre el Ejecutivo y el Legislativo. Resalt\u00f3 que es la primera vez que un mandatario enfoca su visi\u00f3n de esta manera hacia el mercado suramericano. Esto abre oportunidades para inversiones y permite que los pa\u00edses del Mercado Com\u00fan del Sur (Mercosur) aprovechen la capacidad log\u00edstica, los reg\u00edmenes de empresas multinacionales y la plataforma multimodal paname\u00f1a.<br>\u201cEsto va a traer inversi\u00f3n a Panam\u00e1 y va a permitir que recibamos de parte de ellos mucho apoyo en el \u00e1rea agr\u00edcola. Adem\u00e1s, abrir\u00e1 un mercado de m\u00e1s de 300 millones de personas a nuestros productores, a nuestros industriales. Eso ha quedado claro en la gira nacional que desarrollamos para explicar el acuerdo y que los vamos a cuidar\u201d, sostuvo Molt\u00f3.<\/p>\n\n\n\n<p>En tanto, el titular del Ministerio de Desarrollo Agropecuario, Roberto Linares, reafirm\u00f3 la protecci\u00f3n al sector agropecuario con productos sensitivos, donde naciones como Brasil y Argentina, con tecnolog\u00eda agr\u00edcola m\u00e1s avanzada, se han puesto a disposici\u00f3n para apoyar a Panam\u00e1 y elevar la capacidad de nuestros productores.<\/p>\n\n\n\n<p>Anunci\u00f3 que, el pr\u00f3ximo mes de noviembre, se recibir\u00e1 la visita de una delegaci\u00f3n de expertos para homologar necesidades tecnol\u00f3gicas, y aclar\u00f3 que la intenci\u00f3n de las naciones del Mercosur no es inundar el mercado con sus productos, sino emplear la plataforma log\u00edstica paname\u00f1a para llegar a otros mercados de la regi\u00f3n. Asegur\u00f3 que el inter\u00e9s nacional es aprovechar los resultados positivos que han obtenido estas naciones con sus productos, aprovechar esa experiencia e incrementar las exportaciones.<\/p>\n\n\n\n<figure class=\"wp-block-image size-large\"><a href=\"https:\/\/alminutonoticia.com\/noticias\/wp-content\/uploads\/2025\/10\/WhatsApp-Image-2025-10-13-at-5.52.23-PM.jpeg\"><img decoding=\"async\" width=\"1024\" height=\"683\" src=\"https:\/\/alminutonoticia.com\/noticias\/wp-content\/uploads\/2025\/10\/WhatsApp-Image-2025-10-13-at-5.52.23-PM-1024x683.jpeg\" alt=\"\" class=\"wp-image-17820\" title=\"\" srcset=\"https:\/\/alminutonoticia.com\/noticias\/wp-content\/uploads\/2025\/10\/WhatsApp-Image-2025-10-13-at-5.52.23-PM-1024x683.jpeg 1024w, https:\/\/alminutonoticia.com\/noticias\/wp-content\/uploads\/2025\/10\/WhatsApp-Image-2025-10-13-at-5.52.23-PM-300x200.jpeg 300w, https:\/\/alminutonoticia.com\/noticias\/wp-content\/uploads\/2025\/10\/WhatsApp-Image-2025-10-13-at-5.52.23-PM-768x512.jpeg 768w, https:\/\/alminutonoticia.com\/noticias\/wp-content\/uploads\/2025\/10\/WhatsApp-Image-2025-10-13-at-5.52.23-PM.jpeg 1280w\" sizes=\"(max-width: 1024px) 100vw, 1024px\" \/><\/a><\/figure>\n\n\n\n<p>Por su parte, el canciller encargado agradeci\u00f3 a los embajadores, a los representantes de las naciones, y a los ministerios involucrados, destacando este como un logro sin precedentes y alcanzado en tiempo r\u00e9cord para Panam\u00e1. Subray\u00f3 que, adem\u00e1s de las ventajas comerciales, la incorporaci\u00f3n al Mercosur otorga al pa\u00eds un respaldo pol\u00edtico internacional de un bloque de naciones que, en conjunto, constituye una potencia global.<br>\u201cTenemos esos intereses bien representados en el extranjero y que, adem\u00e1s tiene en este bloque un nuevo \u00edmpetu de fuerza y colaboraci\u00f3n, siempre con el inter\u00e9s de promover al paname\u00f1o, que crezca en sus negocios; de promover al sector agropecuario y que se beneficien de esta nueva oportunidad de colocar nuestros productos en un mercado enorme\u201d, concluy\u00f3 Hoyos.<\/p>\n\n\n\n<p>En diciembre de 2024, el presidente Mulino, en el marco de la 65\u00b0 Cumbre de Jefes de Estado del Mercosur, realizada en Uruguay, firm\u00f3 los acuerdos complementarios al proceso.<\/p>\n\n\n\n<figure class=\"wp-block-image size-large\"><a href=\"https:\/\/alminutonoticia.com\/noticias\/wp-content\/uploads\/2025\/10\/WhatsApp-Image-2025-10-13-at-5.52.24-PM.jpeg\"><img decoding=\"async\" width=\"1024\" height=\"682\" src=\"https:\/\/alminutonoticia.com\/noticias\/wp-content\/uploads\/2025\/10\/WhatsApp-Image-2025-10-13-at-5.52.24-PM-1024x682.jpeg\" alt=\"\" class=\"wp-image-17818\" title=\"\" srcset=\"https:\/\/alminutonoticia.com\/noticias\/wp-content\/uploads\/2025\/10\/WhatsApp-Image-2025-10-13-at-5.52.24-PM-1024x682.jpeg 1024w, https:\/\/alminutonoticia.com\/noticias\/wp-content\/uploads\/2025\/10\/WhatsApp-Image-2025-10-13-at-5.52.24-PM-300x200.jpeg 300w, https:\/\/alminutonoticia.com\/noticias\/wp-content\/uploads\/2025\/10\/WhatsApp-Image-2025-10-13-at-5.52.24-PM-768x512.jpeg 768w, https:\/\/alminutonoticia.com\/noticias\/wp-content\/uploads\/2025\/10\/WhatsApp-Image-2025-10-13-at-5.52.24-PM.jpeg 1280w\" sizes=\"(max-width: 1024px) 100vw, 1024px\" \/><\/a><\/figure>\n","protected":false},"excerpt":{"rendered":"<p>Luego de ser aprobada por unanimidad en la Asamblea Nacional de Diputados, el presidente de la Rep\u00fablica, Jos\u00e9 Ra\u00fal Mulino, sancion\u00f3 esta tarde la Ley que ratifica la incorporaci\u00f3n de Panam\u00e1 como Estado Asociado al Mercosur. El documento lleva tambi\u00e9n la firma del ministro de Relaciones Exteriores encargado, Carlos Arturo Hoyos, y del presidente de [&hellip;]<\/p>\n","protected":false},"author":3,"featured_media":17820,"comment_status":"open","ping_status":"open","sticky":false,"template":"","format":"standard","meta":{"footnotes":""},"categories":[36,38,39],"tags":[],"class_list":["post-17816","post","type-post","status-publish","format-standard","has-post-thumbnail","hentry","category-nacionales","category-economia","category-internacionales"],"_links":{"self":[{"href":"https:\/\/alminutonoticia.com\/noticias\/wp-json\/wp\/v2\/posts\/17816","targetHints":{"allow":["GET"]}}],"collection":[{"href":"https:\/\/alminutonoticia.com\/noticias\/wp-json\/wp\/v2\/posts"}],"about":[{"href":"https:\/\/alminutonoticia.com\/noticias\/wp-json\/wp\/v2\/types\/post"}],"author":[{"embeddable":true,"href":"https:\/\/alminutonoticia.com\/noticias\/wp-json\/wp\/v2\/users\/3"}],"replies":[{"embeddable":true,"href":"https:\/\/alminutonoticia.com\/noticias\/wp-json\/wp\/v2\/comments?post=17816"}],"version-history":[{"count":1,"href":"https:\/\/alminutonoticia.com\/noticias\/wp-json\/wp\/v2\/posts\/17816\/revisions"}],"predecessor-version":[{"id":17821,"href":"https:\/\/alminutonoticia.com\/noticias\/wp-json\/wp\/v2\/posts\/17816\/revisions\/17821"}],"wp:featuredmedia":[{"embeddable":true,"href":"https:\/\/alminutonoticia.com\/noticias\/wp-json\/wp\/v2\/media\/17820"}],"wp:attachment":[{"href":"https:\/\/alminutonoticia.com\/noticias\/wp-json\/wp\/v2\/media?parent=17816"}],"wp:term":[{"taxonomy":"category","embeddable":true,"href":"https:\/\/alminutonoticia.com\/noticias\/wp-json\/wp\/v2\/categories?post=17816"},{"taxonomy":"post_tag","embeddable":true,"href":"https:\/\/alminutonoticia.com\/noticias\/wp-json\/wp\/v2\/tags?post=17816"}],"curies":[{"name":"wp","href":"https:\/\/api.w.org\/{rel}","templated":true}]}}