{"id":17812,"date":"2025-10-14T04:52:37","date_gmt":"2025-10-14T04:52:37","guid":{"rendered":"https:\/\/alminutonoticia.com\/noticias\/?p=17812"},"modified":"2025-10-14T05:32:21","modified_gmt":"2025-10-14T05:32:21","slug":"ajp-national-panama-2025-panama-domina-el-cierre-de-temporada-y-asegura-su-lugar-en-la-elite-del-jiu-jitsu","status":"publish","type":"post","link":"https:\/\/alminutonoticia.com\/noticias\/ajp-national-panama-2025-panama-domina-el-cierre-de-temporada-y-asegura-su-lugar-en-la-elite-del-jiu-jitsu\/","title":{"rendered":"AJP National Panam\u00e1 2025: Panam\u00e1 domina el cierre de temporada y asegura su lugar en la \u00e9lite del Jiu Jitsu"},"content":{"rendered":"\n<p>Con un ambiente lleno de emoci\u00f3n, t\u00e9cnica y esp\u00edritu competitivo, el Centro de Combates de Pandeportes fue el escenario del AJP National Panam\u00e1 2025 (GI &amp; No-GI), evento que cerr\u00f3 con \u00e9xito la temporada del Abu Dhabi Jiu Jitsu Pro (AJP Tour) en la regi\u00f3n.<\/p>\n\n\n\n<p>La jornada reuni\u00f3 a los mejores exponentes del Brazilian Jiu Jitsu latinoamericano, quienes buscaron los \u00faltimos puntos de clasificaci\u00f3n para el prestigioso Mundial de Abu Dhabi, que se celebrar\u00e1 en noviembre.<\/p>\n\n\n\n<p>Panam\u00e1 se consagra como potencia regional<\/p>\n\n\n\n<p>Con un desempe\u00f1o sobresaliente, Panam\u00e1 se ubica en primer lugar por pa\u00eds, seguido por Costa Rica en el segundo puesto y Ecuador en el tercero. El resultado refleja el crecimiento t\u00e9cnico y competitivo del Jiu Jitsu paname\u00f1o, as\u00ed como el compromiso de sus academias y atletas en la escena internacional.<\/p>\n\n\n\n<p>Equipos protagonistas del torneo<\/p>\n\n\n\n<p>En la clasificaci\u00f3n por academias, los equipos GFTeam Panam\u00e1, Serpente Jiu Jitsu y Atos dominaron las principales divisiones del evento, consolidando su liderazgo en las modalidades GI y No-GI.<br>Los combates finales fueron una demostraci\u00f3n de precisi\u00f3n t\u00e1ctica, fuerza y control, confirmando el alto nivel competitivo que caracteriza a los equipos de la regi\u00f3n.<\/p>\n\n\n\n<figure class=\"wp-block-image size-large\"><a href=\"https:\/\/alminutonoticia.com\/noticias\/wp-content\/uploads\/2025\/10\/WhatsApp-Image-2025-10-13-at-4.44.22-PM-scaled.jpeg\"><img fetchpriority=\"high\" decoding=\"async\" width=\"768\" height=\"1024\" src=\"https:\/\/alminutonoticia.com\/noticias\/wp-content\/uploads\/2025\/10\/WhatsApp-Image-2025-10-13-at-4.44.22-PM-768x1024.jpeg\" alt=\"\" class=\"wp-image-17813\" title=\"\" srcset=\"https:\/\/alminutonoticia.com\/noticias\/wp-content\/uploads\/2025\/10\/WhatsApp-Image-2025-10-13-at-4.44.22-PM-768x1024.jpeg 768w, https:\/\/alminutonoticia.com\/noticias\/wp-content\/uploads\/2025\/10\/WhatsApp-Image-2025-10-13-at-4.44.22-PM-225x300.jpeg 225w, https:\/\/alminutonoticia.com\/noticias\/wp-content\/uploads\/2025\/10\/WhatsApp-Image-2025-10-13-at-4.44.22-PM-1152x1536.jpeg 1152w, https:\/\/alminutonoticia.com\/noticias\/wp-content\/uploads\/2025\/10\/WhatsApp-Image-2025-10-13-at-4.44.22-PM-1536x2048.jpeg 1536w, https:\/\/alminutonoticia.com\/noticias\/wp-content\/uploads\/2025\/10\/WhatsApp-Image-2025-10-13-at-4.44.22-PM-scaled.jpeg 1920w\" sizes=\"(max-width: 768px) 100vw, 768px\" \/><\/a><\/figure>\n\n\n\n<p>Cierre de temporada con organizaci\u00f3n impecable<\/p>\n\n\n\n<p>El Centro de Combates de Pandeportes ofreci\u00f3 una infraestructura ideal para el desarrollo del torneo, con una log\u00edstica eficiente, arbitraje internacional certificado y un p\u00fablico que acompa\u00f1\u00f3 cada combate con entusiasmo.<br>El evento fue el \u00faltimo nacional puntuable antes del Mundial de Abu Dhabi, otorgando valiosos puntos que definir\u00e1n las posiciones finales del ranking global.<\/p>\n\n\n\n<p>Un paso firme hacia Abu Dhabi<\/p>\n\n\n\n<p>El \u00e9xito del AJP National Panam\u00e1 2025 consolida al pa\u00eds como un centro estrat\u00e9gico para el crecimiento del Jiu Jitsu en Am\u00e9rica Latina. Con atletas que ahora apuntan al escenario mundial en Abu Dhabi, Panam\u00e1 reafirma su papel como referente del deporte en la regi\u00f3n.<\/p>\n\n\n\n<p>El cierre de temporada no pudo tener mejor broche: Panam\u00e1 en lo m\u00e1s alto del podio y con una generaci\u00f3n de competidores que sigue elevando el nivel del Brazilian Jiu Jitsu paname\u00f1o ante el mundo.<\/p>\n","protected":false},"excerpt":{"rendered":"<p>Con un ambiente lleno de emoci\u00f3n, t\u00e9cnica y esp\u00edritu competitivo, el Centro de Combates de Pandeportes fue el escenario del AJP National Panam\u00e1 2025 (GI &amp; No-GI), evento que cerr\u00f3 con \u00e9xito la temporada del Abu Dhabi Jiu Jitsu Pro (AJP Tour) en la regi\u00f3n. La jornada reuni\u00f3 a los mejores exponentes del Brazilian Jiu [&hellip;]<\/p>\n","protected":false},"author":3,"featured_media":17813,"comment_status":"open","ping_status":"open","sticky":false,"template":"","format":"standard","meta":{"footnotes":""},"categories":[36,40],"tags":[],"class_list":["post-17812","post","type-post","status-publish","format-standard","has-post-thumbnail","hentry","category-nacionales","category-deportes"],"_links":{"self":[{"href":"https:\/\/alminutonoticia.com\/noticias\/wp-json\/wp\/v2\/posts\/17812","targetHints":{"allow":["GET"]}}],"collection":[{"href":"https:\/\/alminutonoticia.com\/noticias\/wp-json\/wp\/v2\/posts"}],"about":[{"href":"https:\/\/alminutonoticia.com\/noticias\/wp-json\/wp\/v2\/types\/post"}],"author":[{"embeddable":true,"href":"https:\/\/alminutonoticia.com\/noticias\/wp-json\/wp\/v2\/users\/3"}],"replies":[{"embeddable":true,"href":"https:\/\/alminutonoticia.com\/noticias\/wp-json\/wp\/v2\/comments?post=17812"}],"version-history":[{"count":1,"href":"https:\/\/alminutonoticia.com\/noticias\/wp-json\/wp\/v2\/posts\/17812\/revisions"}],"predecessor-version":[{"id":17814,"href":"https:\/\/alminutonoticia.com\/noticias\/wp-json\/wp\/v2\/posts\/17812\/revisions\/17814"}],"wp:featuredmedia":[{"embeddable":true,"href":"https:\/\/alminutonoticia.com\/noticias\/wp-json\/wp\/v2\/media\/17813"}],"wp:attachment":[{"href":"https:\/\/alminutonoticia.com\/noticias\/wp-json\/wp\/v2\/media?parent=17812"}],"wp:term":[{"taxonomy":"category","embeddable":true,"href":"https:\/\/alminutonoticia.com\/noticias\/wp-json\/wp\/v2\/categories?post=17812"},{"taxonomy":"post_tag","embeddable":true,"href":"https:\/\/alminutonoticia.com\/noticias\/wp-json\/wp\/v2\/tags?post=17812"}],"curies":[{"name":"wp","href":"https:\/\/api.w.org\/{rel}","templated":true}]}}