{"id":17808,"date":"2025-10-14T04:49:48","date_gmt":"2025-10-14T04:49:48","guid":{"rendered":"https:\/\/alminutonoticia.com\/noticias\/?p=17808"},"modified":"2025-10-14T04:50:32","modified_gmt":"2025-10-14T04:50:32","slug":"apede-presenta-su-primer-reporte-economico-mensual-para-fortalecer-la-toma-de-decisiones-en-el-pais","status":"publish","type":"post","link":"https:\/\/alminutonoticia.com\/noticias\/apede-presenta-su-primer-reporte-economico-mensual-para-fortalecer-la-toma-de-decisiones-en-el-pais\/","title":{"rendered":"APEDE presenta su primer Reporte Econ\u00f3mico Mensual para fortalecer la toma de decisiones en el pa\u00eds"},"content":{"rendered":"\n<p>En un esfuerzo hist\u00f3rico para fortalecer el an\u00e1lisis econ\u00f3mico nacional y promover decisiones basadas en evidencia, la Asociaci\u00f3n Paname\u00f1a de Ejecutivos de Empresa (APEDE) present\u00f3 por primera vez su Reporte Econ\u00f3mico Ejecutivo Mensual, una herramienta t\u00e9cnica que ofrecer\u00e1 seguimiento permanente sobre el desempe\u00f1o de la econom\u00eda paname\u00f1a.<\/p>\n\n\n\n<p>Este documento se constituye como un aporte institucional al pa\u00eds en un momento en que Panam\u00e1 requiere informaci\u00f3n confiable, transparente y \u00fatil para la toma de decisiones tanto en el sector p\u00fablico como privado.<\/p>\n\n\n\n<p>El reporte se construye con cifras oficiales del Instituto Nacional de Estad\u00edstica y Censo, el Ministerio de Econom\u00eda y Finanzas, la Superintendencia de Bancos de Panam\u00e1, la Autoridad de Turismo de Panam\u00e1 y otros organismos oficiales, adem\u00e1s de datos internacionales del Fondo Monetario Internacional y la Organizaci\u00f3n para la Cooperaci\u00f3n y el Desarrollo Econ\u00f3micos.<\/p>\n\n\n\n<p>El an\u00e1lisis fue elaborado por el equipo econ\u00f3mico de APEDE para ofrecer una visi\u00f3n clara y objetiva de la situaci\u00f3n econ\u00f3mica del pa\u00eds. La presidenta de APEDE, Giulia De Sanctis, afirm\u00f3 que la entrega de este reporte responde a la necesidad urgente de elevar la calidad del debate econ\u00f3mico nacional.<\/p>\n\n\n\n<p>\u201cEste informe nace con una convicci\u00f3n muy clara: Panam\u00e1 necesita decisiones econ\u00f3micas basadas en datos reales y no en percepciones. Sin informaci\u00f3n confiable no hay claridad de rumbo, no hay confianza y no hay crecimiento sostenible. Con este reporte mensual ponemos al servicio del pa\u00eds una herramienta t\u00e9cnica que aporta objetividad, an\u00e1lisis y responsabilidad\u201d, destac\u00f3 De Sanctis.<\/p>\n\n\n\n<p>El documento revela que Panam\u00e1 mantiene un comportamiento macroecon\u00f3mico positivo, con un crecimiento del Producto Interno Bruto (PIB) de 4.4% durante el primer semestre de 2025, impulsado principalmente por el sector log\u00edstico, el transporte a\u00e9reo y el turismo. Sin embargo, el crecimiento no se est\u00e1 traduciendo en bienestar para la poblaci\u00f3n, debido a debilidades estructurales como un mercado laboral fr\u00e1gil, una inversi\u00f3n extranjera en retroceso y un consumo interno debilitado.<\/p>\n\n\n\n<figure class=\"wp-block-image size-full\"><a href=\"https:\/\/alminutonoticia.com\/noticias\/wp-content\/uploads\/2025\/10\/WhatsApp-Image-2025-10-13-at-4.10.40-PM.jpeg\"><img fetchpriority=\"high\" decoding=\"async\" width=\"1000\" height=\"852\" src=\"https:\/\/alminutonoticia.com\/noticias\/wp-content\/uploads\/2025\/10\/WhatsApp-Image-2025-10-13-at-4.10.40-PM.jpeg\" alt=\"\" class=\"wp-image-17809\" title=\"\" srcset=\"https:\/\/alminutonoticia.com\/noticias\/wp-content\/uploads\/2025\/10\/WhatsApp-Image-2025-10-13-at-4.10.40-PM.jpeg 1000w, https:\/\/alminutonoticia.com\/noticias\/wp-content\/uploads\/2025\/10\/WhatsApp-Image-2025-10-13-at-4.10.40-PM-300x256.jpeg 300w, https:\/\/alminutonoticia.com\/noticias\/wp-content\/uploads\/2025\/10\/WhatsApp-Image-2025-10-13-at-4.10.40-PM-768x654.jpeg 768w\" sizes=\"(max-width: 1000px) 100vw, 1000px\" \/><\/a><\/figure>\n\n\n\n<p>El reporte indica que la tasa de desempleo se mantiene en 9.5% y la informalidad alcanza al 49.3% de los trabajadores seg\u00fan el INEC. Adem\u00e1s, la inversi\u00f3n extranjera directa cay\u00f3 -121.2% en el primer semestre de 2025 y el pa\u00eds enfrenta presiones fiscales importantes, con un d\u00e9ficit de -7.3% del PIB en 2024 y una deuda p\u00fablica de B\/.57,816 millones, de acuerdo con el MEF.<\/p>\n\n\n\n<p>Sobre estas cifras, De Sanctis subray\u00f3 que el reto inmediato del pa\u00eds es lograr que el crecimiento econ\u00f3mico sea inclusivo y sostenible. \u201cPanam\u00e1 est\u00e1 creciendo, eso es un hecho. Lo que falta es que ese crecimiento llegue a la gente y mejore su calidad de vida. El desarrollo no se mide solamente en PIB; se mide en oportunidades reales, empleo digno y bienestar social. Ese debe ser el prop\u00f3sito de toda pol\u00edtica econ\u00f3mica responsable\u201d, expres\u00f3.<\/p>\n\n\n\n<p>La presidenta de APEDE asegur\u00f3 adem\u00e1s que el reporte econ\u00f3mico ser\u00e1 un instrumento \u00fatil para orientar la toma de decisiones del sector privado, los gremios productivos, los hacedores de pol\u00edticas p\u00fablicas y la ciudadan\u00eda informada.<\/p>\n\n\n\n<p>Explic\u00f3 que el objetivo no es solo describir la realidad econ\u00f3mica del pa\u00eds, sino generar reflexi\u00f3n estrat\u00e9gica con visi\u00f3n de largo plazo. \u201cA trav\u00e9s de este reporte reafirmamos nuestro compromiso con Panam\u00e1: promover transparencia, fortalecer la confianza y contribuir a una econom\u00eda basada en productividad, innovaci\u00f3n y crecimiento socialmente responsable\u201d, concluy\u00f3.<\/p>\n\n\n\n<p>Con esta iniciativa, APEDE reafirma su rol como actor de pensamiento t\u00e9cnico y centro de generaci\u00f3n de propuestas, contribuyendo activamente al desarrollo del pa\u00eds mediante informaci\u00f3n, an\u00e1lisis y pensamiento estrat\u00e9gico.<\/p>\n","protected":false},"excerpt":{"rendered":"<p>En un esfuerzo hist\u00f3rico para fortalecer el an\u00e1lisis econ\u00f3mico nacional y promover decisiones basadas en evidencia, la Asociaci\u00f3n Paname\u00f1a de Ejecutivos de Empresa (APEDE) present\u00f3 por primera vez su Reporte Econ\u00f3mico Ejecutivo Mensual, una herramienta t\u00e9cnica que ofrecer\u00e1 seguimiento permanente sobre el desempe\u00f1o de la econom\u00eda paname\u00f1a. Este documento se constituye como un aporte institucional [&hellip;]<\/p>\n","protected":false},"author":3,"featured_media":17809,"comment_status":"open","ping_status":"open","sticky":false,"template":"","format":"standard","meta":{"footnotes":""},"categories":[36,38],"tags":[],"class_list":["post-17808","post","type-post","status-publish","format-standard","has-post-thumbnail","hentry","category-nacionales","category-economia"],"_links":{"self":[{"href":"https:\/\/alminutonoticia.com\/noticias\/wp-json\/wp\/v2\/posts\/17808","targetHints":{"allow":["GET"]}}],"collection":[{"href":"https:\/\/alminutonoticia.com\/noticias\/wp-json\/wp\/v2\/posts"}],"about":[{"href":"https:\/\/alminutonoticia.com\/noticias\/wp-json\/wp\/v2\/types\/post"}],"author":[{"embeddable":true,"href":"https:\/\/alminutonoticia.com\/noticias\/wp-json\/wp\/v2\/users\/3"}],"replies":[{"embeddable":true,"href":"https:\/\/alminutonoticia.com\/noticias\/wp-json\/wp\/v2\/comments?post=17808"}],"version-history":[{"count":1,"href":"https:\/\/alminutonoticia.com\/noticias\/wp-json\/wp\/v2\/posts\/17808\/revisions"}],"predecessor-version":[{"id":17810,"href":"https:\/\/alminutonoticia.com\/noticias\/wp-json\/wp\/v2\/posts\/17808\/revisions\/17810"}],"wp:featuredmedia":[{"embeddable":true,"href":"https:\/\/alminutonoticia.com\/noticias\/wp-json\/wp\/v2\/media\/17809"}],"wp:attachment":[{"href":"https:\/\/alminutonoticia.com\/noticias\/wp-json\/wp\/v2\/media?parent=17808"}],"wp:term":[{"taxonomy":"category","embeddable":true,"href":"https:\/\/alminutonoticia.com\/noticias\/wp-json\/wp\/v2\/categories?post=17808"},{"taxonomy":"post_tag","embeddable":true,"href":"https:\/\/alminutonoticia.com\/noticias\/wp-json\/wp\/v2\/tags?post=17808"}],"curies":[{"name":"wp","href":"https:\/\/api.w.org\/{rel}","templated":true}]}}