{"id":17797,"date":"2025-10-14T04:43:45","date_gmt":"2025-10-14T04:43:45","guid":{"rendered":"https:\/\/alminutonoticia.com\/noticias\/?p=17797"},"modified":"2025-10-14T04:45:01","modified_gmt":"2025-10-14T04:45:01","slug":"primer-grupo-de-panamenos-inicia-su-formacion-como-emprendedores-de-la-industrias-creativas","status":"publish","type":"post","link":"https:\/\/alminutonoticia.com\/noticias\/primer-grupo-de-panamenos-inicia-su-formacion-como-emprendedores-de-la-industrias-creativas\/","title":{"rendered":"Primer grupo de paname\u00f1os inicia su formaci\u00f3n como emprendedores de la Industrias Creativas"},"content":{"rendered":"\n<p>Hoy inici\u00f3 el primer taller del Programa Nacional de Formaci\u00f3n \u201cDe la Idea a la Acci\u00f3n\u201d, un proyecto que tiene como objetivo instruir a paname\u00f1os con las herramientas necesarias para llevar sus ideas de emprendimiento a la realidad. La apertura del taller estuvo a cargo de Miguel F\u00e1brega, Director Nacional de Econom\u00eda Creativa del Ministerio de Cultura.<\/p>\n\n\n\n<p>En este primer taller se desarroll\u00f3 el tema \u201cIntroducci\u00f3n a la econom\u00eda creativa\u201d; donde los participantes recibieron informaci\u00f3n sobre qu\u00e9 es y c\u00f3mo funciona la econom\u00eda creativa y las industrias creativas y culturales (ICC); tambi\u00e9n la formalizaci\u00f3n de emprendimientos ICC; la validaci\u00f3n de ideas de emprendimientos ICC y modelos de negocios en la econom\u00eda creativa.<\/p>\n\n\n\n<div class=\"wp-block-columns is-layout-flex wp-container-core-columns-is-layout-28f84493 wp-block-columns-is-layout-flex\">\n<div class=\"wp-block-column is-layout-flow wp-block-column-is-layout-flow\" style=\"flex-basis:50%\">\n<figure class=\"wp-block-image size-large\"><a href=\"https:\/\/alminutonoticia.com\/noticias\/wp-content\/uploads\/2025\/10\/WhatsApp-Image-2025-10-13-at-3.24.05-PM-2.jpeg\"><img fetchpriority=\"high\" decoding=\"async\" width=\"1024\" height=\"683\" src=\"https:\/\/alminutonoticia.com\/noticias\/wp-content\/uploads\/2025\/10\/WhatsApp-Image-2025-10-13-at-3.24.05-PM-2-1024x683.jpeg\" alt=\"\" class=\"wp-image-17798\" title=\"\" srcset=\"https:\/\/alminutonoticia.com\/noticias\/wp-content\/uploads\/2025\/10\/WhatsApp-Image-2025-10-13-at-3.24.05-PM-2-1024x683.jpeg 1024w, https:\/\/alminutonoticia.com\/noticias\/wp-content\/uploads\/2025\/10\/WhatsApp-Image-2025-10-13-at-3.24.05-PM-2-300x200.jpeg 300w, https:\/\/alminutonoticia.com\/noticias\/wp-content\/uploads\/2025\/10\/WhatsApp-Image-2025-10-13-at-3.24.05-PM-2-768x512.jpeg 768w, https:\/\/alminutonoticia.com\/noticias\/wp-content\/uploads\/2025\/10\/WhatsApp-Image-2025-10-13-at-3.24.05-PM-2.jpeg 1280w\" sizes=\"(max-width: 1024px) 100vw, 1024px\" \/><\/a><\/figure>\n<\/div>\n\n\n\n<div class=\"wp-block-column is-layout-flow wp-block-column-is-layout-flow\" style=\"flex-basis:50%\">\n<figure class=\"wp-block-image size-large\"><a href=\"https:\/\/alminutonoticia.com\/noticias\/wp-content\/uploads\/2025\/10\/WhatsApp-Image-2025-10-13-at-3.24.05-PM-1.jpeg\"><img decoding=\"async\" width=\"1024\" height=\"683\" src=\"https:\/\/alminutonoticia.com\/noticias\/wp-content\/uploads\/2025\/10\/WhatsApp-Image-2025-10-13-at-3.24.05-PM-1-1024x683.jpeg\" alt=\"\" class=\"wp-image-17799\" title=\"\" srcset=\"https:\/\/alminutonoticia.com\/noticias\/wp-content\/uploads\/2025\/10\/WhatsApp-Image-2025-10-13-at-3.24.05-PM-1-1024x683.jpeg 1024w, https:\/\/alminutonoticia.com\/noticias\/wp-content\/uploads\/2025\/10\/WhatsApp-Image-2025-10-13-at-3.24.05-PM-1-300x200.jpeg 300w, https:\/\/alminutonoticia.com\/noticias\/wp-content\/uploads\/2025\/10\/WhatsApp-Image-2025-10-13-at-3.24.05-PM-1-768x512.jpeg 768w, https:\/\/alminutonoticia.com\/noticias\/wp-content\/uploads\/2025\/10\/WhatsApp-Image-2025-10-13-at-3.24.05-PM-1.jpeg 1280w\" sizes=\"(max-width: 1024px) 100vw, 1024px\" \/><\/a><\/figure>\n<\/div>\n<\/div>\n\n\n\n<p>La formaci\u00f3n consta de cuatro d\u00edas, al final de los cuales les ser\u00e1 entregado certificados, debidamente acreditados por la Universidad Tecnol\u00f3gica de Panam\u00e1 (UTP). El proyecto ha sido desarrollado por el Ministerio de Cultura (MiCultura) a trav\u00e9s de la Direcci\u00f3n de Econom\u00eda Creativa, la Autoridad de la Micro, Peque\u00f1a y Mediana Empresa (AMPYME) y la Universidad Tecnol\u00f3gica de Panam\u00e1 (UTP).<\/p>\n\n\n\n<p>Entre los facilitadores de este taller est\u00e1n Gerardo Neugovsen, experto en Econom\u00eda Creativa y Cecilia Castrell\u00f3n, Directora de Gesti\u00f3n y Transferencia del Conocimiento de la UTP.<\/p>\n\n\n\n<p>Este primer grupo se constituye en parte del plan piloto que tiene proyectado continuar con estos talleres y crear una cultura de emprendimiento entre los paname\u00f1os.<\/p>\n\n\n\n<div class=\"wp-block-columns is-layout-flex wp-container-core-columns-is-layout-28f84493 wp-block-columns-is-layout-flex\">\n<div class=\"wp-block-column is-layout-flow wp-block-column-is-layout-flow\">\n<figure class=\"wp-block-image size-large\"><a href=\"https:\/\/alminutonoticia.com\/noticias\/wp-content\/uploads\/2025\/10\/WhatsApp-Image-2025-10-13-at-3.24.05-PM.jpeg\"><img decoding=\"async\" width=\"1024\" height=\"683\" src=\"https:\/\/alminutonoticia.com\/noticias\/wp-content\/uploads\/2025\/10\/WhatsApp-Image-2025-10-13-at-3.24.05-PM-1024x683.jpeg\" alt=\"\" class=\"wp-image-17800\" title=\"\" srcset=\"https:\/\/alminutonoticia.com\/noticias\/wp-content\/uploads\/2025\/10\/WhatsApp-Image-2025-10-13-at-3.24.05-PM-1024x683.jpeg 1024w, https:\/\/alminutonoticia.com\/noticias\/wp-content\/uploads\/2025\/10\/WhatsApp-Image-2025-10-13-at-3.24.05-PM-300x200.jpeg 300w, https:\/\/alminutonoticia.com\/noticias\/wp-content\/uploads\/2025\/10\/WhatsApp-Image-2025-10-13-at-3.24.05-PM-768x512.jpeg 768w, https:\/\/alminutonoticia.com\/noticias\/wp-content\/uploads\/2025\/10\/WhatsApp-Image-2025-10-13-at-3.24.05-PM.jpeg 1280w\" sizes=\"(max-width: 1024px) 100vw, 1024px\" \/><\/a><\/figure>\n<\/div>\n\n\n\n<div class=\"wp-block-column is-layout-flow wp-block-column-is-layout-flow\">\n<figure class=\"wp-block-image size-large\"><a href=\"https:\/\/alminutonoticia.com\/noticias\/wp-content\/uploads\/2025\/10\/WhatsApp-Image-2025-10-13-at-3.24.04-PM.jpeg\"><img loading=\"lazy\" decoding=\"async\" width=\"1024\" height=\"683\" src=\"https:\/\/alminutonoticia.com\/noticias\/wp-content\/uploads\/2025\/10\/WhatsApp-Image-2025-10-13-at-3.24.04-PM-1024x683.jpeg\" alt=\"\" class=\"wp-image-17801\" title=\"\" srcset=\"https:\/\/alminutonoticia.com\/noticias\/wp-content\/uploads\/2025\/10\/WhatsApp-Image-2025-10-13-at-3.24.04-PM-1024x683.jpeg 1024w, https:\/\/alminutonoticia.com\/noticias\/wp-content\/uploads\/2025\/10\/WhatsApp-Image-2025-10-13-at-3.24.04-PM-300x200.jpeg 300w, https:\/\/alminutonoticia.com\/noticias\/wp-content\/uploads\/2025\/10\/WhatsApp-Image-2025-10-13-at-3.24.04-PM-768x512.jpeg 768w, https:\/\/alminutonoticia.com\/noticias\/wp-content\/uploads\/2025\/10\/WhatsApp-Image-2025-10-13-at-3.24.04-PM.jpeg 1280w\" sizes=\"(max-width: 1024px) 100vw, 1024px\" \/><\/a><\/figure>\n<\/div>\n<\/div>\n\n\n\n<p>Para obtener la certificaci\u00f3n los participantes deben asistir a los cuatro d\u00edas de formaci\u00f3n. Para el pr\u00f3ximo taller, el lunes 20 de octubre, se desarrollar\u00e1 el tema \u201cComunicaci\u00f3n, marketing digital e Inteligencia artificial\u201d<\/p>\n","protected":false},"excerpt":{"rendered":"<p>Hoy inici\u00f3 el primer taller del Programa Nacional de Formaci\u00f3n \u201cDe la Idea a la Acci\u00f3n\u201d, un proyecto que tiene como objetivo instruir a paname\u00f1os con las herramientas necesarias para llevar sus ideas de emprendimiento a la realidad. La apertura del taller estuvo a cargo de Miguel F\u00e1brega, Director Nacional de Econom\u00eda Creativa del Ministerio [&hellip;]<\/p>\n","protected":false},"author":3,"featured_media":17799,"comment_status":"open","ping_status":"open","sticky":false,"template":"","format":"standard","meta":{"footnotes":""},"categories":[36,41],"tags":[],"class_list":["post-17797","post","type-post","status-publish","format-standard","has-post-thumbnail","hentry","category-nacionales","category-cultura-y-farandula"],"_links":{"self":[{"href":"https:\/\/alminutonoticia.com\/noticias\/wp-json\/wp\/v2\/posts\/17797","targetHints":{"allow":["GET"]}}],"collection":[{"href":"https:\/\/alminutonoticia.com\/noticias\/wp-json\/wp\/v2\/posts"}],"about":[{"href":"https:\/\/alminutonoticia.com\/noticias\/wp-json\/wp\/v2\/types\/post"}],"author":[{"embeddable":true,"href":"https:\/\/alminutonoticia.com\/noticias\/wp-json\/wp\/v2\/users\/3"}],"replies":[{"embeddable":true,"href":"https:\/\/alminutonoticia.com\/noticias\/wp-json\/wp\/v2\/comments?post=17797"}],"version-history":[{"count":1,"href":"https:\/\/alminutonoticia.com\/noticias\/wp-json\/wp\/v2\/posts\/17797\/revisions"}],"predecessor-version":[{"id":17802,"href":"https:\/\/alminutonoticia.com\/noticias\/wp-json\/wp\/v2\/posts\/17797\/revisions\/17802"}],"wp:featuredmedia":[{"embeddable":true,"href":"https:\/\/alminutonoticia.com\/noticias\/wp-json\/wp\/v2\/media\/17799"}],"wp:attachment":[{"href":"https:\/\/alminutonoticia.com\/noticias\/wp-json\/wp\/v2\/media?parent=17797"}],"wp:term":[{"taxonomy":"category","embeddable":true,"href":"https:\/\/alminutonoticia.com\/noticias\/wp-json\/wp\/v2\/categories?post=17797"},{"taxonomy":"post_tag","embeddable":true,"href":"https:\/\/alminutonoticia.com\/noticias\/wp-json\/wp\/v2\/tags?post=17797"}],"curies":[{"name":"wp","href":"https:\/\/api.w.org\/{rel}","templated":true}]}}