{"id":17794,"date":"2025-10-13T01:43:02","date_gmt":"2025-10-13T01:43:02","guid":{"rendered":"https:\/\/alminutonoticia.com\/noticias\/?p=17794"},"modified":"2025-10-13T01:43:35","modified_gmt":"2025-10-13T01:43:35","slug":"jorge-calvino-mudarra-conquista-doble-medalla-de-bronce-para-panama-en-el-london-fall-ibjjf-2025","status":"publish","type":"post","link":"https:\/\/alminutonoticia.com\/noticias\/jorge-calvino-mudarra-conquista-doble-medalla-de-bronce-para-panama-en-el-london-fall-ibjjf-2025\/","title":{"rendered":"Jorge Calvi\u00f1o Mudarra conquista doble medalla de bronce para Panam\u00e1 en el London Fall IBJJF 2025"},"content":{"rendered":"\n<p>El atleta paname\u00f1o Jorge Calvi\u00f1o Mudarra volvi\u00f3 a poner en alto la bandera de Panam\u00e1 al obtener dos medallas de bronce en el prestigioso London Fall International Open 2025 de la International Brazilian Jiu Jitsu Federation (IBJJF), realizado en el hist\u00f3rico Crystal Palace National Sports Centre.<\/p>\n\n\n\n<p>El torneo, uno de los m\u00e1s exigentes del calendario europeo, reuni\u00f3 a competidores de \u00e9lite de distintos continentes. Calvi\u00f1o Mudarra se destac\u00f3 en la divisi\u00f3n Black Belt Light Feather, alcanzando el podio en ambas modalidades: Gi y No-Gi, con actuaciones s\u00f3lidas y t\u00e9cnicas que reflejaron su madurez competitiva.<\/p>\n\n\n\n<p>Resultados destacados en Gi y No-Gi<\/p>\n\n\n\n<p>En la modalidad Gi, el paname\u00f1o mostr\u00f3 gran control y estrategia, superando duros enfrentamientos hasta asegurar la medalla de bronce en una de las divisiones m\u00e1s t\u00e9cnicas del evento.<br>&#x1f449; Resultados oficiales Gi<\/p>\n\n\n\n<p>En No-Gi, repiti\u00f3 la haza\u00f1a con una actuaci\u00f3n consistente, imponiendo su ritmo y precisi\u00f3n ante oponentes europeos de alto nivel, logrando su segunda medalla de bronce para Panam\u00e1.<br>&#x1f449; Resultados oficiales No-Gi<\/p>\n\n\n\n<p>Orgullo paname\u00f1o en el circuito internacional<\/p>\n\n\n\n<p>El doble podio de Jorge Calvi\u00f1o Mudarra reafirma el crecimiento del Brazilian Jiu Jitsu paname\u00f1o en la escena internacional y posiciona al atleta como uno de los referentes m\u00e1s destacados del pa\u00eds. Su disciplina, constancia y desempe\u00f1o t\u00e9cnico lo consolidan como un embajador del deporte paname\u00f1o en el circuito de AJP y de IBJJF.<\/p>\n\n\n\n<figure class=\"wp-block-image size-large\"><a href=\"https:\/\/alminutonoticia.com\/noticias\/wp-content\/uploads\/2025\/10\/WhatsApp-Image-2025-10-12-at-4.22.20-PM.jpeg\"><img fetchpriority=\"high\" decoding=\"async\" width=\"768\" height=\"1024\" src=\"https:\/\/alminutonoticia.com\/noticias\/wp-content\/uploads\/2025\/10\/WhatsApp-Image-2025-10-12-at-4.22.20-PM-768x1024.jpeg\" alt=\"\" class=\"wp-image-17795\" title=\"\" srcset=\"https:\/\/alminutonoticia.com\/noticias\/wp-content\/uploads\/2025\/10\/WhatsApp-Image-2025-10-12-at-4.22.20-PM-768x1024.jpeg 768w, https:\/\/alminutonoticia.com\/noticias\/wp-content\/uploads\/2025\/10\/WhatsApp-Image-2025-10-12-at-4.22.20-PM-225x300.jpeg 225w, https:\/\/alminutonoticia.com\/noticias\/wp-content\/uploads\/2025\/10\/WhatsApp-Image-2025-10-12-at-4.22.20-PM.jpeg 960w\" sizes=\"(max-width: 768px) 100vw, 768px\" \/><\/a><\/figure>\n\n\n\n<p>Nueva etapa en Europa y mirada al futuro<\/p>\n\n\n\n<p>Recientemente radicado en Londres para continuar sus estudios, Jorge Calvi\u00f1o Mudarra inicia una nueva etapa personal y deportiva dentro del competitivo circuito europeo, donde enfrentar\u00e1 a algunos de los mejores exponentes del mundo en los torneos m\u00e1s prestigiosos de la IBJJF.<\/p>\n\n\n\n<p>\u201cMudarse a Londres representa un nuevo comienzo. Cada torneo es una oportunidad para aprender, crecer y demostrar que Panam\u00e1 tiene atletas capaces de competir al m\u00e1s alto nivel. Mi meta es seguir representando a mi pa\u00eds con orgullo y constancia en el circuito europeo\u201d, expres\u00f3 Calvi\u00f1o Mudarra tras su doble medalla en el Crystal Palace National Sports Centre.<\/p>\n","protected":false},"excerpt":{"rendered":"<p>El atleta paname\u00f1o Jorge Calvi\u00f1o Mudarra volvi\u00f3 a poner en alto la bandera de Panam\u00e1 al obtener dos medallas de bronce en el prestigioso London Fall International Open 2025 de la International Brazilian Jiu Jitsu Federation (IBJJF), realizado en el hist\u00f3rico Crystal Palace National Sports Centre. El torneo, uno de los m\u00e1s exigentes del calendario [&hellip;]<\/p>\n","protected":false},"author":3,"featured_media":17795,"comment_status":"open","ping_status":"open","sticky":false,"template":"","format":"standard","meta":{"footnotes":""},"categories":[36,40],"tags":[],"class_list":["post-17794","post","type-post","status-publish","format-standard","has-post-thumbnail","hentry","category-nacionales","category-deportes"],"_links":{"self":[{"href":"https:\/\/alminutonoticia.com\/noticias\/wp-json\/wp\/v2\/posts\/17794","targetHints":{"allow":["GET"]}}],"collection":[{"href":"https:\/\/alminutonoticia.com\/noticias\/wp-json\/wp\/v2\/posts"}],"about":[{"href":"https:\/\/alminutonoticia.com\/noticias\/wp-json\/wp\/v2\/types\/post"}],"author":[{"embeddable":true,"href":"https:\/\/alminutonoticia.com\/noticias\/wp-json\/wp\/v2\/users\/3"}],"replies":[{"embeddable":true,"href":"https:\/\/alminutonoticia.com\/noticias\/wp-json\/wp\/v2\/comments?post=17794"}],"version-history":[{"count":1,"href":"https:\/\/alminutonoticia.com\/noticias\/wp-json\/wp\/v2\/posts\/17794\/revisions"}],"predecessor-version":[{"id":17796,"href":"https:\/\/alminutonoticia.com\/noticias\/wp-json\/wp\/v2\/posts\/17794\/revisions\/17796"}],"wp:featuredmedia":[{"embeddable":true,"href":"https:\/\/alminutonoticia.com\/noticias\/wp-json\/wp\/v2\/media\/17795"}],"wp:attachment":[{"href":"https:\/\/alminutonoticia.com\/noticias\/wp-json\/wp\/v2\/media?parent=17794"}],"wp:term":[{"taxonomy":"category","embeddable":true,"href":"https:\/\/alminutonoticia.com\/noticias\/wp-json\/wp\/v2\/categories?post=17794"},{"taxonomy":"post_tag","embeddable":true,"href":"https:\/\/alminutonoticia.com\/noticias\/wp-json\/wp\/v2\/tags?post=17794"}],"curies":[{"name":"wp","href":"https:\/\/api.w.org\/{rel}","templated":true}]}}