{"id":17788,"date":"2025-10-13T01:40:38","date_gmt":"2025-10-13T01:40:38","guid":{"rendered":"https:\/\/alminutonoticia.com\/noticias\/?p=17788"},"modified":"2025-10-13T01:40:41","modified_gmt":"2025-10-13T01:40:41","slug":"panama-se-vistio-de-gala-durante-el-desfile-de-la-hispanidad-en-nueva-york","status":"publish","type":"post","link":"https:\/\/alminutonoticia.com\/noticias\/panama-se-vistio-de-gala-durante-el-desfile-de-la-hispanidad-en-nueva-york\/","title":{"rendered":"Panam\u00e1 se visti\u00f3 de gala durante el Desfile de la Hispanidad en Nueva York"},"content":{"rendered":"\n<p>En un despliegue de colores, tradiciones, m\u00fasica y folklore la delegaci\u00f3n de Panam\u00e1 se rob\u00f3 todas las miradas y los aplausos durante el Desfile de la Hispanidad, en el que participan 21 pa\u00edses, en la quinta avenida de Manhattan, Nueva York. La primera dama, Maricel de Mulino y la ministra de Cultura, Mar\u00eda Eugenia Herrera hicieron el corte de cinta que iniciaba la celebraci\u00f3n.<\/p>\n\n\n\n<p>Para lograr el cometido, el Ministerio de Cultura de Panam\u00e1 dio un importante apoyo a la Sociedad Molas de Panam\u00e1, que ya cuentan 61 a\u00f1os participando en el desfile, para la confecci\u00f3n de su carroza; un dise\u00f1o de Carlos Vargas.<\/p>\n\n\n\n<p>Ulpiano Vergara, un s\u00edmbolo de paname\u00f1idad llevado por MiCultura, desfil\u00f3 en una carroza que fue tra\u00edda desde Maryland y adecuada para toda la agrupaci\u00f3n musical. Otros artistas que han participado de la celebraci\u00f3n junto al ministerio fueron la dama del jazz Idania Dowman y la popular banda Los Beachers.<\/p>\n\n\n\n<div class=\"wp-block-columns is-layout-flex wp-container-core-columns-is-layout-28f84493 wp-block-columns-is-layout-flex\">\n<div class=\"wp-block-column is-layout-flow wp-block-column-is-layout-flow\">\n<figure class=\"wp-block-image size-full\"><a href=\"https:\/\/alminutonoticia.com\/noticias\/wp-content\/uploads\/2025\/10\/WhatsApp-Image-2025-10-12-at-2.12.10-PM-1.jpeg\"><img fetchpriority=\"high\" decoding=\"async\" width=\"1024\" height=\"683\" src=\"https:\/\/alminutonoticia.com\/noticias\/wp-content\/uploads\/2025\/10\/WhatsApp-Image-2025-10-12-at-2.12.10-PM-1.jpeg\" alt=\"\" class=\"wp-image-17789\" title=\"\" srcset=\"https:\/\/alminutonoticia.com\/noticias\/wp-content\/uploads\/2025\/10\/WhatsApp-Image-2025-10-12-at-2.12.10-PM-1.jpeg 1024w, https:\/\/alminutonoticia.com\/noticias\/wp-content\/uploads\/2025\/10\/WhatsApp-Image-2025-10-12-at-2.12.10-PM-1-300x200.jpeg 300w, https:\/\/alminutonoticia.com\/noticias\/wp-content\/uploads\/2025\/10\/WhatsApp-Image-2025-10-12-at-2.12.10-PM-1-768x512.jpeg 768w\" sizes=\"(max-width: 1024px) 100vw, 1024px\" \/><\/a><\/figure>\n<\/div>\n\n\n\n<div class=\"wp-block-column is-layout-flow wp-block-column-is-layout-flow\">\n<figure class=\"wp-block-image size-full\"><a href=\"https:\/\/alminutonoticia.com\/noticias\/wp-content\/uploads\/2025\/10\/WhatsApp-Image-2025-10-12-at-2.12.09-PM-1.jpeg\"><img decoding=\"async\" width=\"1024\" height=\"683\" src=\"https:\/\/alminutonoticia.com\/noticias\/wp-content\/uploads\/2025\/10\/WhatsApp-Image-2025-10-12-at-2.12.09-PM-1.jpeg\" alt=\"\" class=\"wp-image-17790\" title=\"\" srcset=\"https:\/\/alminutonoticia.com\/noticias\/wp-content\/uploads\/2025\/10\/WhatsApp-Image-2025-10-12-at-2.12.09-PM-1.jpeg 1024w, https:\/\/alminutonoticia.com\/noticias\/wp-content\/uploads\/2025\/10\/WhatsApp-Image-2025-10-12-at-2.12.09-PM-1-300x200.jpeg 300w, https:\/\/alminutonoticia.com\/noticias\/wp-content\/uploads\/2025\/10\/WhatsApp-Image-2025-10-12-at-2.12.09-PM-1-768x512.jpeg 768w\" sizes=\"(max-width: 1024px) 100vw, 1024px\" \/><\/a><\/figure>\n<\/div>\n<\/div>\n\n\n\n<p>Nuestra delegaci\u00f3n tambi\u00e9n fue integrada por un grupo, organizado por MiCultura, que estuvo compuesto por el conjunto folkl\u00f3rico m\u00e1s cuatro agrupaciones folcl\u00f3ricas adicionales, los diablicos de Col\u00f3n y las reinas de Calle Arriba y Calle Abajo de las Tablas.<\/p>\n\n\n\n<p>Las actividades en celebraci\u00f3n del Mes de la Herencia Hispana comenzaron el viernes cuando se entregaron reconocimientos y las llaves del condado a Maricel Cohen de Mulino, primera dama de la Rep\u00fablica y a Mar\u00eda Eugenia Herrera, ministra de Cultura.<\/p>\n\n\n\n<p>A su vez el alcalde de Mineola, Paul Pereira, les otorg\u00f3 las llaves de la Ciudad y el senador Jack Martins por parte del senado, declar\u00f3 el 10 de octubre como d\u00eda de Panam\u00e1 en Long Island.<\/p>\n\n\n\n<div class=\"wp-block-columns is-layout-flex wp-container-core-columns-is-layout-28f84493 wp-block-columns-is-layout-flex\">\n<div class=\"wp-block-column is-layout-flow wp-block-column-is-layout-flow\" style=\"flex-basis:50%\">\n<figure class=\"wp-block-image size-full\"><a href=\"https:\/\/alminutonoticia.com\/noticias\/wp-content\/uploads\/2025\/10\/WhatsApp-Image-2025-10-12-at-2.12.10-PM.jpeg\"><img decoding=\"async\" width=\"1024\" height=\"683\" src=\"https:\/\/alminutonoticia.com\/noticias\/wp-content\/uploads\/2025\/10\/WhatsApp-Image-2025-10-12-at-2.12.10-PM.jpeg\" alt=\"\" class=\"wp-image-17791\" title=\"\" srcset=\"https:\/\/alminutonoticia.com\/noticias\/wp-content\/uploads\/2025\/10\/WhatsApp-Image-2025-10-12-at-2.12.10-PM.jpeg 1024w, https:\/\/alminutonoticia.com\/noticias\/wp-content\/uploads\/2025\/10\/WhatsApp-Image-2025-10-12-at-2.12.10-PM-300x200.jpeg 300w, https:\/\/alminutonoticia.com\/noticias\/wp-content\/uploads\/2025\/10\/WhatsApp-Image-2025-10-12-at-2.12.10-PM-768x512.jpeg 768w\" sizes=\"(max-width: 1024px) 100vw, 1024px\" \/><\/a><\/figure>\n<\/div>\n\n\n\n<div class=\"wp-block-column is-layout-flow wp-block-column-is-layout-flow\" style=\"flex-basis:50%\">\n<figure class=\"wp-block-image size-full\"><a href=\"https:\/\/alminutonoticia.com\/noticias\/wp-content\/uploads\/2025\/10\/WhatsApp-Image-2025-10-12-at-2.12.09-PM.jpeg\"><img loading=\"lazy\" decoding=\"async\" width=\"1024\" height=\"683\" src=\"https:\/\/alminutonoticia.com\/noticias\/wp-content\/uploads\/2025\/10\/WhatsApp-Image-2025-10-12-at-2.12.09-PM.jpeg\" alt=\"\" class=\"wp-image-17792\" title=\"\" srcset=\"https:\/\/alminutonoticia.com\/noticias\/wp-content\/uploads\/2025\/10\/WhatsApp-Image-2025-10-12-at-2.12.09-PM.jpeg 1024w, https:\/\/alminutonoticia.com\/noticias\/wp-content\/uploads\/2025\/10\/WhatsApp-Image-2025-10-12-at-2.12.09-PM-300x200.jpeg 300w, https:\/\/alminutonoticia.com\/noticias\/wp-content\/uploads\/2025\/10\/WhatsApp-Image-2025-10-12-at-2.12.09-PM-768x512.jpeg 768w\" sizes=\"(max-width: 1024px) 100vw, 1024px\" \/><\/a><\/figure>\n<\/div>\n<\/div>\n\n\n\n<p>Toda esta festividad, en la que Panam\u00e1 nuevamente tuvo la oportunidad de mostrar su cultura al mundo, es organizada todos los a\u00f1os por las varias asociaciones, gremios, grupos de la comunidad paname\u00f1a residente en Nueva York, quienes a\u00f1o tras a\u00f1o hacen un despliegue de creatividad que demuestra el amor y apego a sus ra\u00edces.<\/p>\n","protected":false},"excerpt":{"rendered":"<p>En un despliegue de colores, tradiciones, m\u00fasica y folklore la delegaci\u00f3n de Panam\u00e1 se rob\u00f3 todas las miradas y los aplausos durante el Desfile de la Hispanidad, en el que participan 21 pa\u00edses, en la quinta avenida de Manhattan, Nueva York. La primera dama, Maricel de Mulino y la ministra de Cultura, Mar\u00eda Eugenia Herrera [&hellip;]<\/p>\n","protected":false},"author":3,"featured_media":17791,"comment_status":"open","ping_status":"open","sticky":false,"template":"","format":"standard","meta":{"footnotes":""},"categories":[36],"tags":[],"class_list":["post-17788","post","type-post","status-publish","format-standard","has-post-thumbnail","hentry","category-nacionales"],"_links":{"self":[{"href":"https:\/\/alminutonoticia.com\/noticias\/wp-json\/wp\/v2\/posts\/17788","targetHints":{"allow":["GET"]}}],"collection":[{"href":"https:\/\/alminutonoticia.com\/noticias\/wp-json\/wp\/v2\/posts"}],"about":[{"href":"https:\/\/alminutonoticia.com\/noticias\/wp-json\/wp\/v2\/types\/post"}],"author":[{"embeddable":true,"href":"https:\/\/alminutonoticia.com\/noticias\/wp-json\/wp\/v2\/users\/3"}],"replies":[{"embeddable":true,"href":"https:\/\/alminutonoticia.com\/noticias\/wp-json\/wp\/v2\/comments?post=17788"}],"version-history":[{"count":1,"href":"https:\/\/alminutonoticia.com\/noticias\/wp-json\/wp\/v2\/posts\/17788\/revisions"}],"predecessor-version":[{"id":17793,"href":"https:\/\/alminutonoticia.com\/noticias\/wp-json\/wp\/v2\/posts\/17788\/revisions\/17793"}],"wp:featuredmedia":[{"embeddable":true,"href":"https:\/\/alminutonoticia.com\/noticias\/wp-json\/wp\/v2\/media\/17791"}],"wp:attachment":[{"href":"https:\/\/alminutonoticia.com\/noticias\/wp-json\/wp\/v2\/media?parent=17788"}],"wp:term":[{"taxonomy":"category","embeddable":true,"href":"https:\/\/alminutonoticia.com\/noticias\/wp-json\/wp\/v2\/categories?post=17788"},{"taxonomy":"post_tag","embeddable":true,"href":"https:\/\/alminutonoticia.com\/noticias\/wp-json\/wp\/v2\/tags?post=17788"}],"curies":[{"name":"wp","href":"https:\/\/api.w.org\/{rel}","templated":true}]}}