{"id":17783,"date":"2025-10-13T01:03:16","date_gmt":"2025-10-13T01:03:16","guid":{"rendered":"https:\/\/alminutonoticia.com\/noticias\/?p=17783"},"modified":"2025-10-13T01:35:58","modified_gmt":"2025-10-13T01:35:58","slug":"ministro-andrade-inspecciona-trabajos-del-intercambiador-de-chitre-obra-que-supera-el-81-de-avance","status":"publish","type":"post","link":"https:\/\/alminutonoticia.com\/noticias\/ministro-andrade-inspecciona-trabajos-del-intercambiador-de-chitre-obra-que-supera-el-81-de-avance\/","title":{"rendered":"Ministro Andrade inspecciona trabajos del Intercambiador de Chitr\u00e9, obra que supera el 81% de avance"},"content":{"rendered":"\n<p>Los diferentes frentes de trabajo que se desarrollan en el proyecto de \u201cDise\u00f1o y Construcci\u00f3n del Intercambiador a Desnivel en Circunvalaci\u00f3n de Chitr\u00e9\u201d fueron inspeccionados por el ministro de Obras P\u00fablicas, Jos\u00e9 Luis Andrade Alegre, durante un recorrido realizado este viernes, constatando el avance f\u00edsico general de la obra, que supera el 81%.<\/p>\n\n\n\n<p>Los trabajos incluyen la excavaci\u00f3n del deprimido o t\u00fanel, los progresos en el viaducto con las vigas colocadas, el vaciado de las losas y la reubicaci\u00f3n de las redes de utilidades p\u00fablicas.<\/p>\n\n\n\n<p>Durante la visita, el titular del MOP destac\u00f3 su satisfacci\u00f3n por el progreso que presenta esta importante obra de infraestructura vial, la cual calific\u00f3 como un ejemplo de proyecto recuperado por la actual administraci\u00f3n del presidente Jos\u00e9 Ra\u00fal Mulino.<\/p>\n\n\n\n<div class=\"wp-block-columns is-layout-flex wp-container-core-columns-is-layout-28f84493 wp-block-columns-is-layout-flex\">\n<div class=\"wp-block-column is-layout-flow wp-block-column-is-layout-flow\">\n<figure class=\"wp-block-image size-large\"><a href=\"https:\/\/alminutonoticia.com\/noticias\/wp-content\/uploads\/2025\/10\/1-1.jpg\"><img fetchpriority=\"high\" decoding=\"async\" width=\"1024\" height=\"682\" src=\"https:\/\/alminutonoticia.com\/noticias\/wp-content\/uploads\/2025\/10\/1-1-1024x682.jpg\" alt=\"\" class=\"wp-image-17784\" title=\"\" srcset=\"https:\/\/alminutonoticia.com\/noticias\/wp-content\/uploads\/2025\/10\/1-1-1024x682.jpg 1024w, https:\/\/alminutonoticia.com\/noticias\/wp-content\/uploads\/2025\/10\/1-1-300x200.jpg 300w, https:\/\/alminutonoticia.com\/noticias\/wp-content\/uploads\/2025\/10\/1-1-768x512.jpg 768w, https:\/\/alminutonoticia.com\/noticias\/wp-content\/uploads\/2025\/10\/1-1.jpg 1280w\" sizes=\"(max-width: 1024px) 100vw, 1024px\" \/><\/a><\/figure>\n<\/div>\n\n\n\n<div class=\"wp-block-column is-layout-flow wp-block-column-is-layout-flow\">\n<figure class=\"wp-block-image size-large\"><a href=\"https:\/\/alminutonoticia.com\/noticias\/wp-content\/uploads\/2025\/10\/7-1.jpg\"><img decoding=\"async\" width=\"1024\" height=\"683\" src=\"https:\/\/alminutonoticia.com\/noticias\/wp-content\/uploads\/2025\/10\/7-1-1024x683.jpg\" alt=\"\" class=\"wp-image-17785\" title=\"\" srcset=\"https:\/\/alminutonoticia.com\/noticias\/wp-content\/uploads\/2025\/10\/7-1-1024x683.jpg 1024w, https:\/\/alminutonoticia.com\/noticias\/wp-content\/uploads\/2025\/10\/7-1-300x200.jpg 300w, https:\/\/alminutonoticia.com\/noticias\/wp-content\/uploads\/2025\/10\/7-1-768x512.jpg 768w, https:\/\/alminutonoticia.com\/noticias\/wp-content\/uploads\/2025\/10\/7-1.jpg 1280w\" sizes=\"(max-width: 1024px) 100vw, 1024px\" \/><\/a><\/figure>\n<\/div>\n<\/div>\n\n\n\n<p>\u201cDesde que llegamos al Ministerio, una de las decisiones del presidente Mulino fue recuperar las obras que estaban quedando inconclusas, y no solo retomarlas, sino terminarlas. Este es un vivo ejemplo de una obra que ten\u00eda siete u ocho a\u00f1os sin concluir y que vamos a entregar antes del 31 de diciembre\u201d, afirm\u00f3 el ministro Andrade.<\/p>\n\n\n\n<p>\u201cEstoy muy satisfecho con lo que estoy viendo hoy; en menos de 30 d\u00edas he venido dos veces, por la importancia que hay en que este proyecto se termine antes del 31 de diciembre. No hay vuelta atr\u00e1s con esa fecha\u201d, sostuvo.<\/p>\n\n\n\n<p>Durante su recorrido, el ministro anunci\u00f3 la implementaci\u00f3n de una adenda al contrato, que contempla la construcci\u00f3n de un retorno desde Chitr\u00e9 hacia La Villa de Los Santos, con el fin de mejorar la circulaci\u00f3n y el acceso vial en la zona, evitando que los conductores deban desplazarse hasta La Villa para retornar hacia Chitr\u00e9.<\/p>\n\n\n\n<figure class=\"wp-block-image size-large\"><a href=\"https:\/\/alminutonoticia.com\/noticias\/wp-content\/uploads\/2025\/10\/6.jpg\"><img decoding=\"async\" width=\"1024\" height=\"682\" src=\"https:\/\/alminutonoticia.com\/noticias\/wp-content\/uploads\/2025\/10\/6-1024x682.jpg\" alt=\"\" class=\"wp-image-17786\" title=\"\" srcset=\"https:\/\/alminutonoticia.com\/noticias\/wp-content\/uploads\/2025\/10\/6-1024x682.jpg 1024w, https:\/\/alminutonoticia.com\/noticias\/wp-content\/uploads\/2025\/10\/6-300x200.jpg 300w, https:\/\/alminutonoticia.com\/noticias\/wp-content\/uploads\/2025\/10\/6-768x512.jpg 768w, https:\/\/alminutonoticia.com\/noticias\/wp-content\/uploads\/2025\/10\/6.jpg 1280w\" sizes=\"(max-width: 1024px) 100vw, 1024px\" \/><\/a><\/figure>\n\n\n\n<p>En cuanto a otros proyectos en ejecuci\u00f3n en la regi\u00f3n de Azuero, Andrade inform\u00f3 que el MOP mantiene varios frentes de trabajo activos, destacando que el Intercambiador de Chitr\u00e9 ser\u00e1 el primero en culminar entre las obras retomadas.<\/p>\n\n\n\n<p>Sobre futuras obras, el ministro adelant\u00f3 que el puente sobre el r\u00edo Ca\u00f1azas iniciar\u00e1 su construcci\u00f3n durante el verano, una vez se cuente con el nuevo presupuesto, y que el MOP prepara una licitaci\u00f3n para 40 puentes modulares a nivel nacional.<\/p>\n\n\n\n<p>Asimismo, anunci\u00f3 que a inicios del pr\u00f3ximo a\u00f1o se pondr\u00e1 en marcha el programa \u201cTapahuecos\u201d, que contempla la rehabilitaci\u00f3n integral de las calles del distrito de Chitr\u00e9, como parte de los esfuerzos del Gobierno Nacional por mejorar la red vial urbana.<\/p>\n\n\n\n<p>Finalmente, el ministro indic\u00f3 que el proyecto de rehabilitaci\u00f3n de la carretera La Villa \u2013 Macaracas, avanza satisfactoriamente y se prev\u00e9 que concluya antes del tiempo estipulado.<\/p>\n\n\n\n<p>\u201cEstamos impulsando desde el d\u00eda uno proyectos a nivel nacional para mejorar la conectividad y la seguridad vial, como parte del programa de inversi\u00f3n p\u00fablica que lleva adelante el MOP\u201d, concluy\u00f3 Andrade.<\/p>\n","protected":false},"excerpt":{"rendered":"<p>Los diferentes frentes de trabajo que se desarrollan en el proyecto de \u201cDise\u00f1o y Construcci\u00f3n del Intercambiador a Desnivel en Circunvalaci\u00f3n de Chitr\u00e9\u201d fueron inspeccionados por el ministro de Obras P\u00fablicas, Jos\u00e9 Luis Andrade Alegre, durante un recorrido realizado este viernes, constatando el avance f\u00edsico general de la obra, que supera el 81%. Los trabajos [&hellip;]<\/p>\n","protected":false},"author":3,"featured_media":17786,"comment_status":"open","ping_status":"open","sticky":false,"template":"","format":"standard","meta":{"footnotes":""},"categories":[36],"tags":[],"class_list":["post-17783","post","type-post","status-publish","format-standard","has-post-thumbnail","hentry","category-nacionales"],"_links":{"self":[{"href":"https:\/\/alminutonoticia.com\/noticias\/wp-json\/wp\/v2\/posts\/17783","targetHints":{"allow":["GET"]}}],"collection":[{"href":"https:\/\/alminutonoticia.com\/noticias\/wp-json\/wp\/v2\/posts"}],"about":[{"href":"https:\/\/alminutonoticia.com\/noticias\/wp-json\/wp\/v2\/types\/post"}],"author":[{"embeddable":true,"href":"https:\/\/alminutonoticia.com\/noticias\/wp-json\/wp\/v2\/users\/3"}],"replies":[{"embeddable":true,"href":"https:\/\/alminutonoticia.com\/noticias\/wp-json\/wp\/v2\/comments?post=17783"}],"version-history":[{"count":1,"href":"https:\/\/alminutonoticia.com\/noticias\/wp-json\/wp\/v2\/posts\/17783\/revisions"}],"predecessor-version":[{"id":17787,"href":"https:\/\/alminutonoticia.com\/noticias\/wp-json\/wp\/v2\/posts\/17783\/revisions\/17787"}],"wp:featuredmedia":[{"embeddable":true,"href":"https:\/\/alminutonoticia.com\/noticias\/wp-json\/wp\/v2\/media\/17786"}],"wp:attachment":[{"href":"https:\/\/alminutonoticia.com\/noticias\/wp-json\/wp\/v2\/media?parent=17783"}],"wp:term":[{"taxonomy":"category","embeddable":true,"href":"https:\/\/alminutonoticia.com\/noticias\/wp-json\/wp\/v2\/categories?post=17783"},{"taxonomy":"post_tag","embeddable":true,"href":"https:\/\/alminutonoticia.com\/noticias\/wp-json\/wp\/v2\/tags?post=17783"}],"curies":[{"name":"wp","href":"https:\/\/api.w.org\/{rel}","templated":true}]}}