{"id":17764,"date":"2025-10-11T00:21:04","date_gmt":"2025-10-11T00:21:04","guid":{"rendered":"https:\/\/alminutonoticia.com\/noticias\/?p=17764"},"modified":"2025-10-11T00:21:36","modified_gmt":"2025-10-11T00:21:36","slug":"panama-consolida-un-hito-historico-con-la-aprobacion-del-acuerdo-de-complementacion-economica-con-mercosur","status":"publish","type":"post","link":"https:\/\/alminutonoticia.com\/noticias\/panama-consolida-un-hito-historico-con-la-aprobacion-del-acuerdo-de-complementacion-economica-con-mercosur\/","title":{"rendered":"Panam\u00e1 consolida un hito hist\u00f3rico con la aprobaci\u00f3n del Acuerdo de Complementaci\u00f3n Econ\u00f3mica con MERCOSUR"},"content":{"rendered":"\n<p>on 58 votos a favor, sin votos en contra ni abstenciones, la Asamblea Nacional aprob\u00f3 este jueves en tercer y \u00faltimo debate el Proyecto de Ley N.\u00ba 201, que ratifica el Acuerdo de Complementaci\u00f3n Econ\u00f3mica N.\u00ba 76 entre Panam\u00e1 y el MERCOSUR, consolidando un hito hist\u00f3rico en la pol\u00edtica comercial del pa\u00eds.<\/p>\n\n\n\n<p>Este respaldo un\u00e1nime refleja el resultado de un proceso de di\u00e1logo nacional amplio y transparente, considerado in\u00e9dito en la historia comercial paname\u00f1a, que sent\u00f3 las bases para una discusi\u00f3n informada, participativa y t\u00e9cnica sobre el contenido del acuerdo.<\/p>\n\n\n\n<p>Bajo la visi\u00f3n estrat\u00e9gica del presidente Jos\u00e9 Ra\u00fal Mulino, el ministro de Comercio e Industrias, Julio Molt\u00f3, lider\u00f3 junto al ministro de Desarrollo Agropecuario, Roberto Linares, una gira nacional por siete regiones productivas del pa\u00eds \u2014Las Tablas, Aguadulce, Santiago, David, La Chorrera, Chepo y Changuinola\u2014, en la que participaron m\u00e1s de 700 personas, entre productores, gremios, diputados y autoridades locales.<\/p>\n\n\n\n<p>Todo este recorrido cont\u00f3 con la participaci\u00f3n del presidente de la Asamblea Nacional, Jorge Luis Herrera, junto a m\u00e1s de 40 diputados y autoridades locales que se sumaron activamente al proceso.<\/p>\n\n\n\n<p>Durante estas jornadas se convers\u00f3 abiertamente con ganaderos, cafetaleros, arroceros, acuicultores, fruticultores y otros actores del sector productivo nacional. Se explic\u00f3 de forma clara y transparente que el acuerdo con el MERCOSUR no es un tratado de libre comercio, sino un acuerdo marco que permitir\u00e1 negociar de manera gradual y bilateral con cada pa\u00eds miembro del bloque, protegiendo los sectores sensitivos, como el agro nacional.<\/p>\n\n\n\n<p>\u201cEste logro es reflejo de la visi\u00f3n del presidente Jos\u00e9 Ra\u00fal Mulino, quien comprendi\u00f3 desde el inicio la importancia de que Panam\u00e1 se integre al MERCOSUR con seriedad, transparencia y sentido estrat\u00e9gico. Gracias a su liderazgo, logramos construir un proceso participativo que escuch\u00f3 a todos los sectores y fortaleci\u00f3 la confianza en nuestra institucionalidad. Panam\u00e1 avanza con paso firme hacia una mayor integraci\u00f3n regional, cuidando siempre los intereses de sus productores y del pa\u00eds\u201d, destac\u00f3 el ministro Julio Molt\u00f3.<\/p>\n\n\n\n<p>Con la aprobaci\u00f3n legislativa y la pr\u00f3xima sanci\u00f3n presidencial por parte del presidente Jos\u00e9 Ra\u00fal Mulino, se abre la siguiente etapa del proceso: la creaci\u00f3n de una comisi\u00f3n conjunta con el sector privado, el inicio de negociaciones bilaterales espec\u00edficas con los pa\u00edses del MERCOSUR y la garant\u00eda de que todo acuerdo resultante deber\u00e1 pasar nuevamente por revisi\u00f3n de la Asamblea Nacional antes de su entrada en vigor.<\/p>\n\n\n\n<p>Desde diciembre de 2024, Panam\u00e1 ostenta oficialmente la condici\u00f3n de Estado Asociado del MERCOSUR, siendo el primer pa\u00eds centroamericano en alcanzar esta categor\u00eda. El Acuerdo de Complementaci\u00f3n Econ\u00f3mica N.\u00ba 76 constituye una herramienta estrat\u00e9gica para fortalecer la cooperaci\u00f3n econ\u00f3mica, abrir nuevas oportunidades de exportaci\u00f3n, atraer inversi\u00f3n extranjera y potenciar el desarrollo nacional, sin comprometer los intereses de los sectores m\u00e1s vulnerables.<\/p>\n\n\n\n<p>La sesi\u00f3n de aprobaci\u00f3n cont\u00f3 con la presencia del ministro encargado de Comercio e Industrias, Tulio Ram\u00edrez Zapata; la viceministra encargada de Comercio Exterior, Linda Castillo; as\u00ed como parte del equipo t\u00e9cnico y legal del MICI, quienes acompa\u00f1aron esta \u00faltima etapa en el pleno legislativo.<\/p>\n\n\n\n<figure class=\"wp-block-image size-large\"><a href=\"https:\/\/alminutonoticia.com\/noticias\/wp-content\/uploads\/2025\/10\/Imagen-de-WhatsApp-2025-10-10-a-las-08.12.14_e6adee4b.jpg\"><img fetchpriority=\"high\" decoding=\"async\" width=\"1024\" height=\"683\" src=\"https:\/\/alminutonoticia.com\/noticias\/wp-content\/uploads\/2025\/10\/Imagen-de-WhatsApp-2025-10-10-a-las-08.12.14_e6adee4b-1024x683.jpg\" alt=\"\" class=\"wp-image-17765\" title=\"\" srcset=\"https:\/\/alminutonoticia.com\/noticias\/wp-content\/uploads\/2025\/10\/Imagen-de-WhatsApp-2025-10-10-a-las-08.12.14_e6adee4b-1024x683.jpg 1024w, https:\/\/alminutonoticia.com\/noticias\/wp-content\/uploads\/2025\/10\/Imagen-de-WhatsApp-2025-10-10-a-las-08.12.14_e6adee4b-300x200.jpg 300w, https:\/\/alminutonoticia.com\/noticias\/wp-content\/uploads\/2025\/10\/Imagen-de-WhatsApp-2025-10-10-a-las-08.12.14_e6adee4b-768x512.jpg 768w, https:\/\/alminutonoticia.com\/noticias\/wp-content\/uploads\/2025\/10\/Imagen-de-WhatsApp-2025-10-10-a-las-08.12.14_e6adee4b.jpg 1280w\" sizes=\"(max-width: 1024px) 100vw, 1024px\" \/><\/a><\/figure>\n","protected":false},"excerpt":{"rendered":"<p>on 58 votos a favor, sin votos en contra ni abstenciones, la Asamblea Nacional aprob\u00f3 este jueves en tercer y \u00faltimo debate el Proyecto de Ley N.\u00ba 201, que ratifica el Acuerdo de Complementaci\u00f3n Econ\u00f3mica N.\u00ba 76 entre Panam\u00e1 y el MERCOSUR, consolidando un hito hist\u00f3rico en la pol\u00edtica comercial del pa\u00eds. Este respaldo un\u00e1nime [&hellip;]<\/p>\n","protected":false},"author":2,"featured_media":17766,"comment_status":"open","ping_status":"open","sticky":false,"template":"","format":"standard","meta":{"footnotes":""},"categories":[36],"tags":[],"class_list":["post-17764","post","type-post","status-publish","format-standard","has-post-thumbnail","hentry","category-nacionales"],"_links":{"self":[{"href":"https:\/\/alminutonoticia.com\/noticias\/wp-json\/wp\/v2\/posts\/17764","targetHints":{"allow":["GET"]}}],"collection":[{"href":"https:\/\/alminutonoticia.com\/noticias\/wp-json\/wp\/v2\/posts"}],"about":[{"href":"https:\/\/alminutonoticia.com\/noticias\/wp-json\/wp\/v2\/types\/post"}],"author":[{"embeddable":true,"href":"https:\/\/alminutonoticia.com\/noticias\/wp-json\/wp\/v2\/users\/2"}],"replies":[{"embeddable":true,"href":"https:\/\/alminutonoticia.com\/noticias\/wp-json\/wp\/v2\/comments?post=17764"}],"version-history":[{"count":1,"href":"https:\/\/alminutonoticia.com\/noticias\/wp-json\/wp\/v2\/posts\/17764\/revisions"}],"predecessor-version":[{"id":17767,"href":"https:\/\/alminutonoticia.com\/noticias\/wp-json\/wp\/v2\/posts\/17764\/revisions\/17767"}],"wp:featuredmedia":[{"embeddable":true,"href":"https:\/\/alminutonoticia.com\/noticias\/wp-json\/wp\/v2\/media\/17766"}],"wp:attachment":[{"href":"https:\/\/alminutonoticia.com\/noticias\/wp-json\/wp\/v2\/media?parent=17764"}],"wp:term":[{"taxonomy":"category","embeddable":true,"href":"https:\/\/alminutonoticia.com\/noticias\/wp-json\/wp\/v2\/categories?post=17764"},{"taxonomy":"post_tag","embeddable":true,"href":"https:\/\/alminutonoticia.com\/noticias\/wp-json\/wp\/v2\/tags?post=17764"}],"curies":[{"name":"wp","href":"https:\/\/api.w.org\/{rel}","templated":true}]}}