{"id":17726,"date":"2025-10-10T23:01:55","date_gmt":"2025-10-10T23:01:55","guid":{"rendered":"https:\/\/alminutonoticia.com\/noticias\/?p=17726"},"modified":"2025-10-10T23:02:08","modified_gmt":"2025-10-10T23:02:08","slug":"charla-sobre-alfabetizacion-constitucional-impacta-a-mas-de-200-estudiantes-del-colegio-bilingue-de-panama","status":"publish","type":"post","link":"https:\/\/alminutonoticia.com\/noticias\/charla-sobre-alfabetizacion-constitucional-impacta-a-mas-de-200-estudiantes-del-colegio-bilingue-de-panama\/","title":{"rendered":"Charla sobre Alfabetizaci\u00f3n Constitucional impacta a m\u00e1s de 200 estudiantes del Colegio Biling\u00fce de Panam\u00e1"},"content":{"rendered":"\n<p>Con entusiasmo y participaci\u00f3n activa de los estudiantes, el Programa Nacional de Alfabetizaci\u00f3n Constitucional contin\u00faa su recorrido por los centros educativos del pa\u00eds. Esta vez, m\u00e1s de 200 j\u00f3venes del Colegio Biling\u00fce de Panam\u00e1 asistieron a una enriquecedora jornada liderada por la Secretar\u00eda Presidencial para la Reorganizaci\u00f3n del Estado y Asuntos Constitucionales (Sepresac).<\/p>\n\n\n\n<p>La actividad fue dirigida por el Dr. Miguel Antonio Bernal, coordinador ejecutivo de Sepresac, quien ofreci\u00f3 una charla din\u00e1mica e interactiva sobre la importancia de fortalecer la formaci\u00f3n ciudadana y fomentar el debate en torno a la necesidad de una nueva constituci\u00f3n para Panam\u00e1.<\/p>\n\n\n\n<p>\u201cSer ciudadano en el siglo XXI no es ser espectador, sino actor. Lo que hemos conversado hoy ll\u00e9venlo a casa, disc\u00fatanlo con sus familias\u201d, inst\u00f3 el Dr. Bernal durante su intervenci\u00f3n, subrayando la necesidad de una ciudadan\u00eda activa, informada y comprometida.<\/p>\n\n\n\n<p>El Dr. Bernal tambi\u00e9n enfatiz\u00f3 que un proceso constituyente exitoso debe estar respaldado por preparaci\u00f3n, responsabilidad y compromiso colectivo. Remarc\u00f3 la importancia de que cada paname\u00f1o conozca sus derechos y deberes dentro del sistema democr\u00e1tico.<\/p>\n\n\n\n<p>En la sesi\u00f3n de preguntas y respuestas, los estudiantes expresaron inquietudes, ideas y reflexiones sobre el papel del civismo en la vida democr\u00e1tica y los desaf\u00edos del proceso constituyente.<\/p>\n\n\n\n<p>Tambi\u00e9n particip\u00f3 el Dr. Carlos Cuesta, quien comparti\u00f3 con los j\u00f3venes su perspectiva sobre la urgencia y relevancia de contar con una nueva Carta Magna, adecuada a los tiempos actuales y a las aspiraciones del pueblo paname\u00f1o.<\/p>\n\n\n\n<p>Esta actividad forma parte de la fase inicial del Programa Nacional de Alfabetizaci\u00f3n Constitucional, que contempla la realizaci\u00f3n de talleres, cabildos abiertos, debates comunitarios y otros espacios de di\u00e1logo en todo el pa\u00eds. La primera etapa del programa se extender\u00e1 hasta julio de 2026, con el objetivo de que Panam\u00e1 cuente con un nuevo texto constitucional para el a\u00f1o 2029.<\/p>\n\n\n\n<figure class=\"wp-block-image size-full\"><a href=\"https:\/\/alminutonoticia.com\/noticias\/wp-content\/uploads\/2025\/10\/Imagen-de-WhatsApp-2025-10-10-a-las-09.27.21_ab0edd5d.jpg\"><img fetchpriority=\"high\" decoding=\"async\" width=\"1024\" height=\"682\" src=\"https:\/\/alminutonoticia.com\/noticias\/wp-content\/uploads\/2025\/10\/Imagen-de-WhatsApp-2025-10-10-a-las-09.27.21_ab0edd5d.jpg\" alt=\"\" class=\"wp-image-17727\" title=\"\" srcset=\"https:\/\/alminutonoticia.com\/noticias\/wp-content\/uploads\/2025\/10\/Imagen-de-WhatsApp-2025-10-10-a-las-09.27.21_ab0edd5d.jpg 1024w, https:\/\/alminutonoticia.com\/noticias\/wp-content\/uploads\/2025\/10\/Imagen-de-WhatsApp-2025-10-10-a-las-09.27.21_ab0edd5d-300x200.jpg 300w, https:\/\/alminutonoticia.com\/noticias\/wp-content\/uploads\/2025\/10\/Imagen-de-WhatsApp-2025-10-10-a-las-09.27.21_ab0edd5d-768x512.jpg 768w\" sizes=\"(max-width: 1024px) 100vw, 1024px\" \/><\/a><\/figure>\n","protected":false},"excerpt":{"rendered":"<p>Con entusiasmo y participaci\u00f3n activa de los estudiantes, el Programa Nacional de Alfabetizaci\u00f3n Constitucional contin\u00faa su recorrido por los centros educativos del pa\u00eds. Esta vez, m\u00e1s de 200 j\u00f3venes del Colegio Biling\u00fce de Panam\u00e1 asistieron a una enriquecedora jornada liderada por la Secretar\u00eda Presidencial para la Reorganizaci\u00f3n del Estado y Asuntos Constitucionales (Sepresac). La actividad [&hellip;]<\/p>\n","protected":false},"author":2,"featured_media":17728,"comment_status":"open","ping_status":"open","sticky":false,"template":"","format":"standard","meta":{"footnotes":""},"categories":[36],"tags":[],"class_list":["post-17726","post","type-post","status-publish","format-standard","has-post-thumbnail","hentry","category-nacionales"],"_links":{"self":[{"href":"https:\/\/alminutonoticia.com\/noticias\/wp-json\/wp\/v2\/posts\/17726","targetHints":{"allow":["GET"]}}],"collection":[{"href":"https:\/\/alminutonoticia.com\/noticias\/wp-json\/wp\/v2\/posts"}],"about":[{"href":"https:\/\/alminutonoticia.com\/noticias\/wp-json\/wp\/v2\/types\/post"}],"author":[{"embeddable":true,"href":"https:\/\/alminutonoticia.com\/noticias\/wp-json\/wp\/v2\/users\/2"}],"replies":[{"embeddable":true,"href":"https:\/\/alminutonoticia.com\/noticias\/wp-json\/wp\/v2\/comments?post=17726"}],"version-history":[{"count":1,"href":"https:\/\/alminutonoticia.com\/noticias\/wp-json\/wp\/v2\/posts\/17726\/revisions"}],"predecessor-version":[{"id":17729,"href":"https:\/\/alminutonoticia.com\/noticias\/wp-json\/wp\/v2\/posts\/17726\/revisions\/17729"}],"wp:featuredmedia":[{"embeddable":true,"href":"https:\/\/alminutonoticia.com\/noticias\/wp-json\/wp\/v2\/media\/17728"}],"wp:attachment":[{"href":"https:\/\/alminutonoticia.com\/noticias\/wp-json\/wp\/v2\/media?parent=17726"}],"wp:term":[{"taxonomy":"category","embeddable":true,"href":"https:\/\/alminutonoticia.com\/noticias\/wp-json\/wp\/v2\/categories?post=17726"},{"taxonomy":"post_tag","embeddable":true,"href":"https:\/\/alminutonoticia.com\/noticias\/wp-json\/wp\/v2\/tags?post=17726"}],"curies":[{"name":"wp","href":"https:\/\/api.w.org\/{rel}","templated":true}]}}