{"id":17721,"date":"2025-10-09T10:26:08","date_gmt":"2025-10-09T10:26:08","guid":{"rendered":"https:\/\/alminutonoticia.com\/noticias\/?p=17721"},"modified":"2025-10-09T10:26:29","modified_gmt":"2025-10-09T10:26:29","slug":"el-plan-de-rehabilitacion-de-la-red-vial-en-los-santos-mejora-calles-en-los-distritos-de-las-tablas-y-macaracas","status":"publish","type":"post","link":"https:\/\/alminutonoticia.com\/noticias\/el-plan-de-rehabilitacion-de-la-red-vial-en-los-santos-mejora-calles-en-los-distritos-de-las-tablas-y-macaracas\/","title":{"rendered":"El plan de rehabilitaci\u00f3n de la red vial en Los Santos mejora calles en los distritos de Las Tablas y Macaracas"},"content":{"rendered":"\n<p>Las cuadrillas de parcheo del Ministerio de Obras P\u00fablicas (MOP) en Los Santos contin\u00faan con el plan de rehabilitaci\u00f3n de la red vial en la provincia, dando respuesta a miles de usuarios en las \u00e1reas residenciales y en las v\u00edas que favorecen la interconexi\u00f3n de los poblados.<\/p>\n\n\n\n<p>\u201cNos mantenemos trabajando arduamente en los distintos distritos y corregimientos, atendiendo las calles de forma integral, incluyendo las jornadas de parcheo, limpieza y adecuaci\u00f3n de cunetas y drenajes\u201d, asegur\u00f3 el director regional de la instituci\u00f3n en esta regi\u00f3n, Iv\u00e1n Espino.<\/p>\n\n\n\n<div class=\"wp-block-columns is-layout-flex wp-container-core-columns-is-layout-28f84493 wp-block-columns-is-layout-flex\">\n<div class=\"wp-block-column is-layout-flow wp-block-column-is-layout-flow\">\n<figure class=\"wp-block-image size-large\"><a href=\"https:\/\/alminutonoticia.com\/noticias\/wp-content\/uploads\/2025\/10\/889dac7b-834d-48fc-9565-9483d86debe7.jpg\"><img fetchpriority=\"high\" decoding=\"async\" width=\"1024\" height=\"682\" src=\"https:\/\/alminutonoticia.com\/noticias\/wp-content\/uploads\/2025\/10\/889dac7b-834d-48fc-9565-9483d86debe7-1024x682.jpg\" alt=\"\" class=\"wp-image-17722\" title=\"\" srcset=\"https:\/\/alminutonoticia.com\/noticias\/wp-content\/uploads\/2025\/10\/889dac7b-834d-48fc-9565-9483d86debe7-1024x682.jpg 1024w, https:\/\/alminutonoticia.com\/noticias\/wp-content\/uploads\/2025\/10\/889dac7b-834d-48fc-9565-9483d86debe7-300x200.jpg 300w, https:\/\/alminutonoticia.com\/noticias\/wp-content\/uploads\/2025\/10\/889dac7b-834d-48fc-9565-9483d86debe7-768x512.jpg 768w, https:\/\/alminutonoticia.com\/noticias\/wp-content\/uploads\/2025\/10\/889dac7b-834d-48fc-9565-9483d86debe7.jpg 1280w\" sizes=\"(max-width: 1024px) 100vw, 1024px\" \/><\/a><\/figure>\n<\/div>\n\n\n\n<div class=\"wp-block-column is-layout-flow wp-block-column-is-layout-flow\">\n<figure class=\"wp-block-image size-large\"><a href=\"https:\/\/alminutonoticia.com\/noticias\/wp-content\/uploads\/2025\/10\/1.jpg\"><img decoding=\"async\" width=\"1024\" height=\"682\" src=\"https:\/\/alminutonoticia.com\/noticias\/wp-content\/uploads\/2025\/10\/1-1024x682.jpg\" alt=\"\" class=\"wp-image-17723\" title=\"\" srcset=\"https:\/\/alminutonoticia.com\/noticias\/wp-content\/uploads\/2025\/10\/1-1024x682.jpg 1024w, https:\/\/alminutonoticia.com\/noticias\/wp-content\/uploads\/2025\/10\/1-300x200.jpg 300w, https:\/\/alminutonoticia.com\/noticias\/wp-content\/uploads\/2025\/10\/1-768x512.jpg 768w, https:\/\/alminutonoticia.com\/noticias\/wp-content\/uploads\/2025\/10\/1.jpg 1280w\" sizes=\"(max-width: 1024px) 100vw, 1024px\" \/><\/a><\/figure>\n<\/div>\n<\/div>\n\n\n\n<p>Esta semana, los trabajos de parcheo llegaron a las comunidades de Bayano y San Miguel, en el distrito de Las Tablas, y al \u00e1rea de Los Higos, en Macaracas, donde se han colocado 60 toneladas de material asf\u00e1ltico caliente para el mejoramiento de las calles.<\/p>\n\n\n\n<p>Este plan de restauraci\u00f3n de las v\u00edas ser\u00e1 reforzado por la instituci\u00f3n de cara al pr\u00f3ximo a\u00f1o a trav\u00e9s del programa conocido como \u201cTapahuecos\u201d, que se ejecutar\u00e1 en Los Santos con una asignaci\u00f3n presupuestaria destinada a ampliar la cobertura y atender m\u00e1s sectores de la provincia con estos operativos de parcheo.<\/p>\n\n\n\n<figure class=\"wp-block-image size-large\"><a href=\"https:\/\/alminutonoticia.com\/noticias\/wp-content\/uploads\/2025\/10\/e75a6661-6b94-4a01-a3f6-84739c37300d.jpg\"><img decoding=\"async\" width=\"1024\" height=\"682\" src=\"https:\/\/alminutonoticia.com\/noticias\/wp-content\/uploads\/2025\/10\/e75a6661-6b94-4a01-a3f6-84739c37300d-1024x682.jpg\" alt=\"\" class=\"wp-image-17724\" title=\"\" srcset=\"https:\/\/alminutonoticia.com\/noticias\/wp-content\/uploads\/2025\/10\/e75a6661-6b94-4a01-a3f6-84739c37300d-1024x682.jpg 1024w, https:\/\/alminutonoticia.com\/noticias\/wp-content\/uploads\/2025\/10\/e75a6661-6b94-4a01-a3f6-84739c37300d-300x200.jpg 300w, https:\/\/alminutonoticia.com\/noticias\/wp-content\/uploads\/2025\/10\/e75a6661-6b94-4a01-a3f6-84739c37300d-768x512.jpg 768w, https:\/\/alminutonoticia.com\/noticias\/wp-content\/uploads\/2025\/10\/e75a6661-6b94-4a01-a3f6-84739c37300d.jpg 1280w\" sizes=\"(max-width: 1024px) 100vw, 1024px\" \/><\/a><\/figure>\n","protected":false},"excerpt":{"rendered":"<p>Las cuadrillas de parcheo del Ministerio de Obras P\u00fablicas (MOP) en Los Santos contin\u00faan con el plan de rehabilitaci\u00f3n de la red vial en la provincia, dando respuesta a miles de usuarios en las \u00e1reas residenciales y en las v\u00edas que favorecen la interconexi\u00f3n de los poblados. \u201cNos mantenemos trabajando arduamente en los distintos distritos [&hellip;]<\/p>\n","protected":false},"author":3,"featured_media":17724,"comment_status":"open","ping_status":"open","sticky":false,"template":"","format":"standard","meta":{"footnotes":""},"categories":[36],"tags":[],"class_list":["post-17721","post","type-post","status-publish","format-standard","has-post-thumbnail","hentry","category-nacionales"],"_links":{"self":[{"href":"https:\/\/alminutonoticia.com\/noticias\/wp-json\/wp\/v2\/posts\/17721","targetHints":{"allow":["GET"]}}],"collection":[{"href":"https:\/\/alminutonoticia.com\/noticias\/wp-json\/wp\/v2\/posts"}],"about":[{"href":"https:\/\/alminutonoticia.com\/noticias\/wp-json\/wp\/v2\/types\/post"}],"author":[{"embeddable":true,"href":"https:\/\/alminutonoticia.com\/noticias\/wp-json\/wp\/v2\/users\/3"}],"replies":[{"embeddable":true,"href":"https:\/\/alminutonoticia.com\/noticias\/wp-json\/wp\/v2\/comments?post=17721"}],"version-history":[{"count":1,"href":"https:\/\/alminutonoticia.com\/noticias\/wp-json\/wp\/v2\/posts\/17721\/revisions"}],"predecessor-version":[{"id":17725,"href":"https:\/\/alminutonoticia.com\/noticias\/wp-json\/wp\/v2\/posts\/17721\/revisions\/17725"}],"wp:featuredmedia":[{"embeddable":true,"href":"https:\/\/alminutonoticia.com\/noticias\/wp-json\/wp\/v2\/media\/17724"}],"wp:attachment":[{"href":"https:\/\/alminutonoticia.com\/noticias\/wp-json\/wp\/v2\/media?parent=17721"}],"wp:term":[{"taxonomy":"category","embeddable":true,"href":"https:\/\/alminutonoticia.com\/noticias\/wp-json\/wp\/v2\/categories?post=17721"},{"taxonomy":"post_tag","embeddable":true,"href":"https:\/\/alminutonoticia.com\/noticias\/wp-json\/wp\/v2\/tags?post=17721"}],"curies":[{"name":"wp","href":"https:\/\/api.w.org\/{rel}","templated":true}]}}