{"id":17717,"date":"2025-10-09T10:23:48","date_gmt":"2025-10-09T10:23:48","guid":{"rendered":"https:\/\/alminutonoticia.com\/noticias\/?p=17717"},"modified":"2025-10-09T10:24:36","modified_gmt":"2025-10-09T10:24:36","slug":"acciones-comunitarias-fundamentales-para-prevenir-y-combatir-el-dengue","status":"publish","type":"post","link":"https:\/\/alminutonoticia.com\/noticias\/acciones-comunitarias-fundamentales-para-prevenir-y-combatir-el-dengue\/","title":{"rendered":"Acciones comunitarias fundamentales para prevenir y combatir el dengue\u00a0"},"content":{"rendered":"\n<p>El Ministerio&nbsp;de Salud, a trav\u00e9s&nbsp;del Departamento de Epidemiolog\u00eda, informa&nbsp;que hasta la semana epidemiol\u00f3gica&nbsp;N\u00b037 \u202f(7 al 13 de septiembre de 2025), se registr\u00f3&nbsp;un total de 11, 790\u202fcasos acumulados&nbsp;de dengue a nivel&nbsp;nacional.&nbsp;<\/p>\n\n\n\n<p>De esa cifra, 10,453\u202fcasos son sin signos de alarma, mientras que 1,261\u202fcon signos de alarma y 76\u202fdengue graves.&nbsp;<\/p>\n\n\n\n<p>El informe detall\u00f3 que la Regi\u00f3n Metropolitana encabeza la lista con 3,557\u202fcasos; seguido por la Regi\u00f3n de San Miguelito con 2,159\u202fcasos; Panam\u00e1 Oeste con 1,333; Panam\u00e1 Norte con 1,109; Chiriqu\u00ed con 726; Bocas del Toro con\u202f647; Veraguas con 448; Los Santos con 411; Col\u00f3n con 343; Dari\u00e9n con 311; Panam\u00e1 Este con 274; Herrera con 219; Cocl\u00e9 con 1783; Comarca Ng\u00e4be-Bugl\u00e9 con 60; Kuna Yala con 10\u202fcasos.&nbsp;<\/p>\n\n\n\n<p><strong>Hospitalizaciones<\/strong>&nbsp;<\/p>\n\n\n\n<p>Hasta la fecha se contabiliza 1,129\u202fpacientes que han requerido tratamiento intrahospitalario.&nbsp;<\/p>\n\n\n\n<p><strong>Defunciones<\/strong>&nbsp;<\/p>\n\n\n\n<p>En lo que va del 2025, se ha notificado un total de 17\u202fdefunciones. Los decesos se registran en las regiones de Chiriqu\u00ed 4; Bocas del Toro 4; Dari\u00e9n 2; Metropolitana 2; Panam\u00e1 Este\u202f2; Cocl\u00e9 2 y San Miguelito con 1.&nbsp;<\/p>\n\n\n\n<p><strong>Tasa de incidencia nacional<\/strong>&nbsp;<\/p>\n\n\n\n<p>De acuerdo con el informe, la tasa de incidencia nacional en la semana epidemiol\u00f3gica n\u00famero 37\u202fdel 2025, es de 258.0\u202fcasos por 100 mil habitantes.&nbsp;<\/p>\n\n\n\n<p><strong>Casos por corregimientos<\/strong><\/p>\n\n\n\n<p>Los casos confirmados por corregimientos se encuentran: Tocumen con 883 (Metropolitana); 24 de Diciembre con 652 (Metropolitana); Belisario Fr\u00edas con 524 (San Miguelito); Belisario Porras con 478 (San Miguelito); Ernesto C\u00f3rdoba Campos con 316 (Panam\u00e1 Norte); Las Tablas con 197 (Bocas del Toro) y Arraij\u00e1n con 178 (Panam\u00e1 Oeste).<\/p>\n\n\n\n<p>La mayor\u00eda de los casos se registran entre los grupos de edad comprendido entre los 10 y 49 a\u00f1os.&nbsp;<\/p>\n\n\n\n<p>El Ministerio de Salud sigue intensificado los operativos en todo el pa\u00eds a trav\u00e9s del equipo de control de vectores para reducir los casos de dengue e insiste en la participaci\u00f3n ciudadana para la eliminaci\u00f3n de todos los criaderos del mosquito, alrededor y dentro de las viviendas.<\/p>\n\n\n\n<figure class=\"wp-block-image size-large\"><a href=\"https:\/\/alminutonoticia.com\/noticias\/wp-content\/uploads\/2025\/10\/WhatsApp-Image-2025-10-08-at-3.23.49-PM.jpeg\"><img fetchpriority=\"high\" decoding=\"async\" width=\"1024\" height=\"783\" src=\"https:\/\/alminutonoticia.com\/noticias\/wp-content\/uploads\/2025\/10\/WhatsApp-Image-2025-10-08-at-3.23.49-PM-1024x783.jpeg\" alt=\"\" class=\"wp-image-17718\" title=\"\" srcset=\"https:\/\/alminutonoticia.com\/noticias\/wp-content\/uploads\/2025\/10\/WhatsApp-Image-2025-10-08-at-3.23.49-PM-1024x783.jpeg 1024w, https:\/\/alminutonoticia.com\/noticias\/wp-content\/uploads\/2025\/10\/WhatsApp-Image-2025-10-08-at-3.23.49-PM-300x229.jpeg 300w, https:\/\/alminutonoticia.com\/noticias\/wp-content\/uploads\/2025\/10\/WhatsApp-Image-2025-10-08-at-3.23.49-PM-768x587.jpeg 768w, https:\/\/alminutonoticia.com\/noticias\/wp-content\/uploads\/2025\/10\/WhatsApp-Image-2025-10-08-at-3.23.49-PM.jpeg 1200w\" sizes=\"(max-width: 1024px) 100vw, 1024px\" \/><\/a><\/figure>\n\n\n\n<p>\u00a0<\/p>\n\n\n\n<p>As\u00ed mismo insta a la poblaci\u00f3n a eliminar todos los recipientes en desuso que puedan acumular agua (latas, botellas, neum\u00e1ticos, etc.), y limpiar los alrededores de las casas con regularidad.&nbsp;<\/p>\n\n\n\n<p>Entre los principales s\u00edntomas por dengue podemos mencionar: fiebre, dolor de cabeza, malestar general, dolores en los m\u00fasculos y dolor ocular. Adem\u00e1s, se recomienda a la poblaci\u00f3n a no automedicarse y acudir a un centro de salud.&nbsp;<\/p>\n\n\n\n<p>El dengue es una enfermedad grave y potencialmente mortal, transmitida a trav\u00e9s de la picadura del mosquito de la especie Aedes aegypti.&nbsp;<\/p>\n\n\n\n<p>La co-circulaci\u00f3n de los cuatro serotipos de dengue en Panam\u00e1, son predominio del serotipo DEN-3 y DENV-4, raz\u00f3n por lo cual aumenta la ocurrencia de casos graves y fatales.&nbsp;<\/p>\n","protected":false},"excerpt":{"rendered":"<p>El Ministerio&nbsp;de Salud, a trav\u00e9s&nbsp;del Departamento de Epidemiolog\u00eda, informa&nbsp;que hasta la semana epidemiol\u00f3gica&nbsp;N\u00b037 \u202f(7 al 13 de septiembre de 2025), se registr\u00f3&nbsp;un total de 11, 790\u202fcasos acumulados&nbsp;de dengue a nivel&nbsp;nacional.&nbsp; De esa cifra, 10,453\u202fcasos son sin signos de alarma, mientras que 1,261\u202fcon signos de alarma y 76\u202fdengue graves.&nbsp; El informe detall\u00f3 que la Regi\u00f3n Metropolitana [&hellip;]<\/p>\n","protected":false},"author":3,"featured_media":17718,"comment_status":"open","ping_status":"open","sticky":false,"template":"","format":"standard","meta":{"footnotes":""},"categories":[36],"tags":[],"class_list":["post-17717","post","type-post","status-publish","format-standard","has-post-thumbnail","hentry","category-nacionales"],"_links":{"self":[{"href":"https:\/\/alminutonoticia.com\/noticias\/wp-json\/wp\/v2\/posts\/17717","targetHints":{"allow":["GET"]}}],"collection":[{"href":"https:\/\/alminutonoticia.com\/noticias\/wp-json\/wp\/v2\/posts"}],"about":[{"href":"https:\/\/alminutonoticia.com\/noticias\/wp-json\/wp\/v2\/types\/post"}],"author":[{"embeddable":true,"href":"https:\/\/alminutonoticia.com\/noticias\/wp-json\/wp\/v2\/users\/3"}],"replies":[{"embeddable":true,"href":"https:\/\/alminutonoticia.com\/noticias\/wp-json\/wp\/v2\/comments?post=17717"}],"version-history":[{"count":1,"href":"https:\/\/alminutonoticia.com\/noticias\/wp-json\/wp\/v2\/posts\/17717\/revisions"}],"predecessor-version":[{"id":17719,"href":"https:\/\/alminutonoticia.com\/noticias\/wp-json\/wp\/v2\/posts\/17717\/revisions\/17719"}],"wp:featuredmedia":[{"embeddable":true,"href":"https:\/\/alminutonoticia.com\/noticias\/wp-json\/wp\/v2\/media\/17718"}],"wp:attachment":[{"href":"https:\/\/alminutonoticia.com\/noticias\/wp-json\/wp\/v2\/media?parent=17717"}],"wp:term":[{"taxonomy":"category","embeddable":true,"href":"https:\/\/alminutonoticia.com\/noticias\/wp-json\/wp\/v2\/categories?post=17717"},{"taxonomy":"post_tag","embeddable":true,"href":"https:\/\/alminutonoticia.com\/noticias\/wp-json\/wp\/v2\/tags?post=17717"}],"curies":[{"name":"wp","href":"https:\/\/api.w.org\/{rel}","templated":true}]}}