{"id":17713,"date":"2025-10-09T10:21:28","date_gmt":"2025-10-09T10:21:28","guid":{"rendered":"https:\/\/alminutonoticia.com\/noticias\/?p=17713"},"modified":"2025-10-09T10:21:30","modified_gmt":"2025-10-09T10:21:30","slug":"instituciones-reflexionan-sobre-la-desaparicion-de-mujeres-en-panama","status":"publish","type":"post","link":"https:\/\/alminutonoticia.com\/noticias\/instituciones-reflexionan-sobre-la-desaparicion-de-mujeres-en-panama\/","title":{"rendered":"Instituciones reflexionan sobre la desaparici\u00f3n de mujeres en Panam\u00e1"},"content":{"rendered":"\n<p><em>El Ministerio de la Mujer lidera la conversaci\u00f3n y presenta la pieza audiovisual<\/em><\/p>\n\n\n\n<p><em>\u201c\u00bfD\u00f3nde est\u00e1n ellas?\u201d<\/em><\/p>\n\n\n\n<p>\u2013 El Ministerio de la Mujer, con el apoyo de la Zona Libre de Col\u00f3n, el Programa de las Naciones Unidas para el Desarrollo (PNUD) y el Centro de Arte y Cultura de Col\u00f3n, lider\u00f3 este mi\u00e9rcoles una jornada enfocada en la problem\u00e1tica de las desapariciones de mujeres en el pa\u00eds, abordando aspectos clave como la investigaci\u00f3n, atenci\u00f3n y prevenci\u00f3n de estos casos. El evento cont\u00f3 con la participaci\u00f3n de representantes del Ministerio P\u00fablico, as\u00ed como diversas instituciones y organizaciones de mujeres a nivel local.<\/p>\n\n\n\n<p>Durante el encuentro se present\u00f3 el audiovisual \u201c\u00bfD\u00f3nde est\u00e1n ellas?\u201d, una producci\u00f3n del <a>Centro de Estudios y Capacitaci\u00f3n Familiar <\/a>(CEFA) y el <a>Comit\u00e9 de Am\u00e9rica Latina y el Caribe para la Defensa de los Derechos de las Mujeres<\/a> (CLADEM), con el respaldo de ONU Mujeres Panam\u00e1, el PNUD, <a>la Oficina del Alto Comisionado de las Naciones Unidas para los Derechos Humanos<\/a>.<\/p>\n\n\n\n<p>La pieza audiovisual surge a partir de las investigaciones \u201cMujeres desaparecidas en Panam\u00e1\u201d y \u201cLa desaparici\u00f3n de mujeres en seis provincias del pa\u00eds\u201d, realizadas en 2011 y 2015 por CEFA y CLADEM. Ambas investigaciones evidenciaron una serie de deficiencias en la respuesta institucional ante estos casos, tales como la falta de protocolos claros, la ausencia de registros organizados, el escaso apoyo multidisciplinario a las familias, y la persistencia de mitos y estereotipos que obstaculizan el acceso a la justicia.<\/p>\n\n\n\n<div class=\"wp-block-columns is-layout-flex wp-container-core-columns-is-layout-28f84493 wp-block-columns-is-layout-flex\">\n<div class=\"wp-block-column is-layout-flow wp-block-column-is-layout-flow\">\n<figure class=\"wp-block-image size-large\"><a href=\"https:\/\/alminutonoticia.com\/noticias\/wp-content\/uploads\/2025\/10\/WhatsApp-Image-2025-10-08-at-3.31.29-PM.jpeg\"><img fetchpriority=\"high\" decoding=\"async\" width=\"1024\" height=\"682\" src=\"https:\/\/alminutonoticia.com\/noticias\/wp-content\/uploads\/2025\/10\/WhatsApp-Image-2025-10-08-at-3.31.29-PM-1024x682.jpeg\" alt=\"\" class=\"wp-image-17714\" title=\"\" srcset=\"https:\/\/alminutonoticia.com\/noticias\/wp-content\/uploads\/2025\/10\/WhatsApp-Image-2025-10-08-at-3.31.29-PM-1024x682.jpeg 1024w, https:\/\/alminutonoticia.com\/noticias\/wp-content\/uploads\/2025\/10\/WhatsApp-Image-2025-10-08-at-3.31.29-PM-300x200.jpeg 300w, https:\/\/alminutonoticia.com\/noticias\/wp-content\/uploads\/2025\/10\/WhatsApp-Image-2025-10-08-at-3.31.29-PM-768x512.jpeg 768w, https:\/\/alminutonoticia.com\/noticias\/wp-content\/uploads\/2025\/10\/WhatsApp-Image-2025-10-08-at-3.31.29-PM-1536x1023.jpeg 1536w, https:\/\/alminutonoticia.com\/noticias\/wp-content\/uploads\/2025\/10\/WhatsApp-Image-2025-10-08-at-3.31.29-PM.jpeg 1600w\" sizes=\"(max-width: 1024px) 100vw, 1024px\" \/><\/a><\/figure>\n<\/div>\n\n\n\n<div class=\"wp-block-column is-layout-flow wp-block-column-is-layout-flow\">\n<figure class=\"wp-block-image size-large\"><a href=\"https:\/\/alminutonoticia.com\/noticias\/wp-content\/uploads\/2025\/10\/WhatsApp-Image-2025-10-08-at-3.31.29-PM-1.jpeg\"><img decoding=\"async\" width=\"1024\" height=\"682\" src=\"https:\/\/alminutonoticia.com\/noticias\/wp-content\/uploads\/2025\/10\/WhatsApp-Image-2025-10-08-at-3.31.29-PM-1-1024x682.jpeg\" alt=\"\" class=\"wp-image-17715\" title=\"\" srcset=\"https:\/\/alminutonoticia.com\/noticias\/wp-content\/uploads\/2025\/10\/WhatsApp-Image-2025-10-08-at-3.31.29-PM-1-1024x682.jpeg 1024w, https:\/\/alminutonoticia.com\/noticias\/wp-content\/uploads\/2025\/10\/WhatsApp-Image-2025-10-08-at-3.31.29-PM-1-300x200.jpeg 300w, https:\/\/alminutonoticia.com\/noticias\/wp-content\/uploads\/2025\/10\/WhatsApp-Image-2025-10-08-at-3.31.29-PM-1-768x512.jpeg 768w, https:\/\/alminutonoticia.com\/noticias\/wp-content\/uploads\/2025\/10\/WhatsApp-Image-2025-10-08-at-3.31.29-PM-1-1536x1023.jpeg 1536w, https:\/\/alminutonoticia.com\/noticias\/wp-content\/uploads\/2025\/10\/WhatsApp-Image-2025-10-08-at-3.31.29-PM-1.jpeg 1600w\" sizes=\"(max-width: 1024px) 100vw, 1024px\" \/><\/a><\/figure>\n<\/div>\n<\/div>\n\n\n\n<p>\u201cEl objetivo de este conversatorio es generar conciencia y promover el di\u00e1logo entre las instituciones y la sociedad civil para visibilizar esta problem\u00e1tica que nos afecta como sociedad\u201d, manifest\u00f3 la ministra de la Mujer, Niurka Palacio. \u201cCada mujer desaparecida representa una urgencia, una ausencia que exige respuestas\u201d, a\u00f1adi\u00f3.<\/p>\n\n\n\n<p>El audiovisual \u00bfD\u00f3nde est\u00e1n ellas? busca precisamente visibilizar esas ausencias y provocar una conversaci\u00f3n necesaria y pendiente. Adem\u00e1s, destaca el papel fundamental de los medios de comunicaci\u00f3n, que \u2014ante la carencia de registros oficiales confiables\u2014 han contribuido a mantener estos casos en la agenda p\u00fablica, aportar informaci\u00f3n y exigir justicia.<\/p>\n\n\n\n<p>Durante la jornada se realiz\u00f3 adem\u00e1s un taller interinstitucional con especialistas y representantes institucionales, donde se analizaron los principales desaf\u00edos identificados por los estudios, destacando la necesidad de fortalecer los mecanismos de b\u00fasqueda, protecci\u00f3n y acompa\u00f1amiento a las familias, as\u00ed como de erradicar los prejuicios que minimizan o invisibilizan las desapariciones.<\/p>\n\n\n\n<p>El Ministerio de la Mujer reafirma su compromiso de seguir impulsando acciones coordinadas para garantizar una respuesta efectiva y con enfoque de derechos humanos ante las desapariciones de mujeres en Panam\u00e1.<\/p>\n","protected":false},"excerpt":{"rendered":"<p>El Ministerio de la Mujer lidera la conversaci\u00f3n y presenta la pieza audiovisual \u201c\u00bfD\u00f3nde est\u00e1n ellas?\u201d \u2013 El Ministerio de la Mujer, con el apoyo de la Zona Libre de Col\u00f3n, el Programa de las Naciones Unidas para el Desarrollo (PNUD) y el Centro de Arte y Cultura de Col\u00f3n, lider\u00f3 este mi\u00e9rcoles una jornada [&hellip;]<\/p>\n","protected":false},"author":3,"featured_media":17715,"comment_status":"open","ping_status":"open","sticky":false,"template":"","format":"standard","meta":{"footnotes":""},"categories":[36],"tags":[],"class_list":["post-17713","post","type-post","status-publish","format-standard","has-post-thumbnail","hentry","category-nacionales"],"_links":{"self":[{"href":"https:\/\/alminutonoticia.com\/noticias\/wp-json\/wp\/v2\/posts\/17713","targetHints":{"allow":["GET"]}}],"collection":[{"href":"https:\/\/alminutonoticia.com\/noticias\/wp-json\/wp\/v2\/posts"}],"about":[{"href":"https:\/\/alminutonoticia.com\/noticias\/wp-json\/wp\/v2\/types\/post"}],"author":[{"embeddable":true,"href":"https:\/\/alminutonoticia.com\/noticias\/wp-json\/wp\/v2\/users\/3"}],"replies":[{"embeddable":true,"href":"https:\/\/alminutonoticia.com\/noticias\/wp-json\/wp\/v2\/comments?post=17713"}],"version-history":[{"count":1,"href":"https:\/\/alminutonoticia.com\/noticias\/wp-json\/wp\/v2\/posts\/17713\/revisions"}],"predecessor-version":[{"id":17716,"href":"https:\/\/alminutonoticia.com\/noticias\/wp-json\/wp\/v2\/posts\/17713\/revisions\/17716"}],"wp:featuredmedia":[{"embeddable":true,"href":"https:\/\/alminutonoticia.com\/noticias\/wp-json\/wp\/v2\/media\/17715"}],"wp:attachment":[{"href":"https:\/\/alminutonoticia.com\/noticias\/wp-json\/wp\/v2\/media?parent=17713"}],"wp:term":[{"taxonomy":"category","embeddable":true,"href":"https:\/\/alminutonoticia.com\/noticias\/wp-json\/wp\/v2\/categories?post=17713"},{"taxonomy":"post_tag","embeddable":true,"href":"https:\/\/alminutonoticia.com\/noticias\/wp-json\/wp\/v2\/tags?post=17713"}],"curies":[{"name":"wp","href":"https:\/\/api.w.org\/{rel}","templated":true}]}}