{"id":17703,"date":"2025-10-09T10:15:33","date_gmt":"2025-10-09T10:15:33","guid":{"rendered":"https:\/\/alminutonoticia.com\/noticias\/?p=17703"},"modified":"2025-10-09T10:16:57","modified_gmt":"2025-10-09T10:16:57","slug":"estudiantes-del-ija-reciben-charla-sobre-alfabetizacion-constituciona","status":"publish","type":"post","link":"https:\/\/alminutonoticia.com\/noticias\/estudiantes-del-ija-reciben-charla-sobre-alfabetizacion-constituciona\/","title":{"rendered":"Estudiantes del IJA reciben charla sobre Alfabetizaci\u00f3n Constituciona"},"content":{"rendered":"\n<p>Unos 260 estudiantes graduandos de duod\u00e9cimo grado del Instituto Justo Arosemena (IJA) participaron recientemente en una jornada de Alfabetizaci\u00f3n Constitucional, como parte del Programa Nacional de Alfabetizaci\u00f3n Constitucional liderado por la Secretar\u00eda Presidencial para la Reorganizaci\u00f3n del Estado y Asuntos Constitucionales (Sepresac).<\/p>\n\n\n\n<p>La actividad fue encabezada por el Dr. Miguel Antonio Bernal, coordinador ejecutivo de Sepresac, quien ofreci\u00f3 una charla din\u00e1mica e interactiva enfocada en la importancia de fortalecer la formaci\u00f3n ciudadana y promover el debate sobre la necesidad de una nueva constituci\u00f3n para Panam\u00e1.<\/p>\n\n\n\n<p>\u201cEs necesario rescatar valores morales, pol\u00edticos y c\u00edvicos. La participaci\u00f3n de ustedes, los j\u00f3venes, es vital, ya que a\u00fan no han sido contaminados con tantas cosas. Este proceso de alfabetizaci\u00f3n es prioritario en estos primeros meses de este a\u00f1o y del pr\u00f3ximo\u201d, expres\u00f3 el Dr. Bernal durante su intervenci\u00f3n.<\/p>\n\n\n\n<figure class=\"wp-block-image size-large\"><a href=\"https:\/\/alminutonoticia.com\/noticias\/wp-content\/uploads\/2025\/10\/WhatsApp-Image-2025-10-08-at-3.44.40-PM-1.jpeg\"><img fetchpriority=\"high\" decoding=\"async\" width=\"1024\" height=\"683\" src=\"https:\/\/alminutonoticia.com\/noticias\/wp-content\/uploads\/2025\/10\/WhatsApp-Image-2025-10-08-at-3.44.40-PM-1-1024x683.jpeg\" alt=\"\" class=\"wp-image-17704\" title=\"\" srcset=\"https:\/\/alminutonoticia.com\/noticias\/wp-content\/uploads\/2025\/10\/WhatsApp-Image-2025-10-08-at-3.44.40-PM-1-1024x683.jpeg 1024w, https:\/\/alminutonoticia.com\/noticias\/wp-content\/uploads\/2025\/10\/WhatsApp-Image-2025-10-08-at-3.44.40-PM-1-300x200.jpeg 300w, https:\/\/alminutonoticia.com\/noticias\/wp-content\/uploads\/2025\/10\/WhatsApp-Image-2025-10-08-at-3.44.40-PM-1-768x512.jpeg 768w, https:\/\/alminutonoticia.com\/noticias\/wp-content\/uploads\/2025\/10\/WhatsApp-Image-2025-10-08-at-3.44.40-PM-1.jpeg 1280w\" sizes=\"(max-width: 1024px) 100vw, 1024px\" \/><\/a><\/figure>\n\n\n\n<p>El Dr. Bernal tambi\u00e9n destac\u00f3 que el proceso constituyente debe ir acompa\u00f1ado de preparaci\u00f3n, responsabilidad y compromiso. \u00abHago un llamado a que se interesen en estos temas; una democracia se construye con ciudadanos activos e informados\u201d, apunt\u00f3.<\/p>\n\n\n\n<p>Durante la jornada, los estudiantes participaron en una sesi\u00f3n de preguntas y respuestas, donde pudieron despejar dudas y expresar sus ideas sobre el proceso constituyente y la importancia del civismo en la vida democr\u00e1tica.<\/p>\n\n\n\n<p>Por su parte, Gil Brown, director del IJA, agradeci\u00f3 la visita de Sepresac y subray\u00f3 el valor de estas iniciativas para la juventud paname\u00f1a.<\/p>\n\n\n\n<p>Como muestra de agradecimiento, el Dr. Bernal recibi\u00f3 un reconocimiento institucional por parte del IJA.<\/p>\n\n\n\n<figure class=\"wp-block-image size-large\"><a href=\"https:\/\/alminutonoticia.com\/noticias\/wp-content\/uploads\/2025\/10\/WhatsApp-Image-2025-10-08-at-3.44.39-PM.jpeg\"><img decoding=\"async\" width=\"1024\" height=\"683\" src=\"https:\/\/alminutonoticia.com\/noticias\/wp-content\/uploads\/2025\/10\/WhatsApp-Image-2025-10-08-at-3.44.39-PM-1024x683.jpeg\" alt=\"\" class=\"wp-image-17705\" title=\"\" srcset=\"https:\/\/alminutonoticia.com\/noticias\/wp-content\/uploads\/2025\/10\/WhatsApp-Image-2025-10-08-at-3.44.39-PM-1024x683.jpeg 1024w, https:\/\/alminutonoticia.com\/noticias\/wp-content\/uploads\/2025\/10\/WhatsApp-Image-2025-10-08-at-3.44.39-PM-300x200.jpeg 300w, https:\/\/alminutonoticia.com\/noticias\/wp-content\/uploads\/2025\/10\/WhatsApp-Image-2025-10-08-at-3.44.39-PM-768x512.jpeg 768w, https:\/\/alminutonoticia.com\/noticias\/wp-content\/uploads\/2025\/10\/WhatsApp-Image-2025-10-08-at-3.44.39-PM.jpeg 1280w\" sizes=\"(max-width: 1024px) 100vw, 1024px\" \/><\/a><\/figure>\n\n\n\n<p>La jornada cont\u00f3, adem\u00e1s, con la participaci\u00f3n del Dr. Luis Antonio Herrera, secretario general del Ministerio de Educaci\u00f3n, acompa\u00f1ado de su equipo de trabajo, reafirmando el respaldo institucional al programa.<\/p>\n\n\n\n<p>Este evento forma parte de la fase inicial del Programa Nacional de Alfabetizaci\u00f3n Constitucional, que contempla la realizaci\u00f3n de talleres, cabildos abiertos, debates comunitarios y otros espacios de di\u00e1logo en todo el pa\u00eds. Esta primera etapa est\u00e1 prevista para concluir en julio de 2026, con miras a que Panam\u00e1 cuente con una nueva Carta Magna para el a\u00f1o 2029.<\/p>\n\n\n\n<figure class=\"wp-block-image size-large\"><a href=\"https:\/\/alminutonoticia.com\/noticias\/wp-content\/uploads\/2025\/10\/WhatsApp-Image-2025-10-08-at-3.44.40-PM.jpeg\"><img decoding=\"async\" width=\"1024\" height=\"683\" src=\"https:\/\/alminutonoticia.com\/noticias\/wp-content\/uploads\/2025\/10\/WhatsApp-Image-2025-10-08-at-3.44.40-PM-1024x683.jpeg\" alt=\"\" class=\"wp-image-17706\" title=\"\" srcset=\"https:\/\/alminutonoticia.com\/noticias\/wp-content\/uploads\/2025\/10\/WhatsApp-Image-2025-10-08-at-3.44.40-PM-1024x683.jpeg 1024w, https:\/\/alminutonoticia.com\/noticias\/wp-content\/uploads\/2025\/10\/WhatsApp-Image-2025-10-08-at-3.44.40-PM-300x200.jpeg 300w, https:\/\/alminutonoticia.com\/noticias\/wp-content\/uploads\/2025\/10\/WhatsApp-Image-2025-10-08-at-3.44.40-PM-768x512.jpeg 768w, https:\/\/alminutonoticia.com\/noticias\/wp-content\/uploads\/2025\/10\/WhatsApp-Image-2025-10-08-at-3.44.40-PM.jpeg 1280w\" sizes=\"(max-width: 1024px) 100vw, 1024px\" \/><\/a><\/figure>\n","protected":false},"excerpt":{"rendered":"<p>Unos 260 estudiantes graduandos de duod\u00e9cimo grado del Instituto Justo Arosemena (IJA) participaron recientemente en una jornada de Alfabetizaci\u00f3n Constitucional, como parte del Programa Nacional de Alfabetizaci\u00f3n Constitucional liderado por la Secretar\u00eda Presidencial para la Reorganizaci\u00f3n del Estado y Asuntos Constitucionales (Sepresac). La actividad fue encabezada por el Dr. Miguel Antonio Bernal, coordinador ejecutivo de [&hellip;]<\/p>\n","protected":false},"author":3,"featured_media":17706,"comment_status":"open","ping_status":"open","sticky":false,"template":"","format":"standard","meta":{"footnotes":""},"categories":[36],"tags":[],"class_list":["post-17703","post","type-post","status-publish","format-standard","has-post-thumbnail","hentry","category-nacionales"],"_links":{"self":[{"href":"https:\/\/alminutonoticia.com\/noticias\/wp-json\/wp\/v2\/posts\/17703","targetHints":{"allow":["GET"]}}],"collection":[{"href":"https:\/\/alminutonoticia.com\/noticias\/wp-json\/wp\/v2\/posts"}],"about":[{"href":"https:\/\/alminutonoticia.com\/noticias\/wp-json\/wp\/v2\/types\/post"}],"author":[{"embeddable":true,"href":"https:\/\/alminutonoticia.com\/noticias\/wp-json\/wp\/v2\/users\/3"}],"replies":[{"embeddable":true,"href":"https:\/\/alminutonoticia.com\/noticias\/wp-json\/wp\/v2\/comments?post=17703"}],"version-history":[{"count":1,"href":"https:\/\/alminutonoticia.com\/noticias\/wp-json\/wp\/v2\/posts\/17703\/revisions"}],"predecessor-version":[{"id":17707,"href":"https:\/\/alminutonoticia.com\/noticias\/wp-json\/wp\/v2\/posts\/17703\/revisions\/17707"}],"wp:featuredmedia":[{"embeddable":true,"href":"https:\/\/alminutonoticia.com\/noticias\/wp-json\/wp\/v2\/media\/17706"}],"wp:attachment":[{"href":"https:\/\/alminutonoticia.com\/noticias\/wp-json\/wp\/v2\/media?parent=17703"}],"wp:term":[{"taxonomy":"category","embeddable":true,"href":"https:\/\/alminutonoticia.com\/noticias\/wp-json\/wp\/v2\/categories?post=17703"},{"taxonomy":"post_tag","embeddable":true,"href":"https:\/\/alminutonoticia.com\/noticias\/wp-json\/wp\/v2\/tags?post=17703"}],"curies":[{"name":"wp","href":"https:\/\/api.w.org\/{rel}","templated":true}]}}