{"id":17697,"date":"2025-10-09T10:10:00","date_gmt":"2025-10-09T10:10:00","guid":{"rendered":"https:\/\/alminutonoticia.com\/noticias\/?p=17697"},"modified":"2025-10-09T10:12:40","modified_gmt":"2025-10-09T10:12:40","slug":"miambiente-sustenta-traslado-de-partidas-para-la-conservacion-y-respuesta-a-emergencias-ambientales","status":"publish","type":"post","link":"https:\/\/alminutonoticia.com\/noticias\/miambiente-sustenta-traslado-de-partidas-para-la-conservacion-y-respuesta-a-emergencias-ambientales\/","title":{"rendered":"MiAMBIENTE sustenta traslado de partidas para la conservaci\u00f3n y respuesta a emergencias ambientales"},"content":{"rendered":"\n<p>El Ministerio de Ambiente (MiAMBIENTE), representado por el ministro encargado, \u00d3scar Vallarino, sustent\u00f3 ante la Comisi\u00f3n de Presupuesto de la Asamblea Nacional una serie de solicitudes de traslado de partidas por un monto total de B\/.12 millones 808 mil 756.00 balboas, con el objetivo de garantizar la continuidad de proyectos prioritarios y el cumplimiento de compromisos institucionales.<\/p>\n\n\n\n<p>Durante su intervenci\u00f3n, el ministro encargado destac\u00f3 que parte de los fondos solicitados est\u00e1n dirigidos al cumplimiento de compromisos relacionados con el proyecto \u201cConservaci\u00f3n del Patrimonio Natural\u201d, al pago de bienes y servicios vinculados al Estado de Emergencia en Azuero y a un traslado interinstitucional para apoyar la realizaci\u00f3n de la 23.\u00aa Sesi\u00f3n del Comit\u00e9 de Revisi\u00f3n de la Convenci\u00f3n de las Naciones Unidas de Lucha contra la Desertificaci\u00f3n (CRIC23), que se llevar\u00e1 a cabo en la ciudad de Panam\u00e1 en diciembre 2025.<\/p>\n\n\n\n<p>Vallarino subray\u00f3 la importancia de estos recursos para fortalecer la gesti\u00f3n ambiental del pa\u00eds, se\u00f1alando que: \u00abEstos traslados son fundamentales para garantizar la ejecuci\u00f3n oportuna de proyectos que fortalecen la conservaci\u00f3n del patrimonio natural, el manejo sostenible de los ecosistemas y el cumplimiento de los compromisos internacionales asumidos por Panam\u00e1.\u00bb<\/p>\n\n\n\n<div class=\"wp-block-columns is-layout-flex wp-container-core-columns-is-layout-28f84493 wp-block-columns-is-layout-flex\">\n<div class=\"wp-block-column is-layout-flow wp-block-column-is-layout-flow\">\n<figure class=\"wp-block-image size-full\"><a href=\"https:\/\/alminutonoticia.com\/noticias\/wp-content\/uploads\/2025\/10\/WhatsApp-Image-2025-10-08-at-8.28.58-PM-1.jpeg\"><img fetchpriority=\"high\" decoding=\"async\" width=\"1004\" height=\"560\" src=\"https:\/\/alminutonoticia.com\/noticias\/wp-content\/uploads\/2025\/10\/WhatsApp-Image-2025-10-08-at-8.28.58-PM-1.jpeg\" alt=\"\" class=\"wp-image-17698\" title=\"\" srcset=\"https:\/\/alminutonoticia.com\/noticias\/wp-content\/uploads\/2025\/10\/WhatsApp-Image-2025-10-08-at-8.28.58-PM-1.jpeg 1004w, https:\/\/alminutonoticia.com\/noticias\/wp-content\/uploads\/2025\/10\/WhatsApp-Image-2025-10-08-at-8.28.58-PM-1-300x167.jpeg 300w, https:\/\/alminutonoticia.com\/noticias\/wp-content\/uploads\/2025\/10\/WhatsApp-Image-2025-10-08-at-8.28.58-PM-1-768x428.jpeg 768w\" sizes=\"(max-width: 1004px) 100vw, 1004px\" \/><\/a><\/figure>\n<\/div>\n\n\n\n<div class=\"wp-block-column is-layout-flow wp-block-column-is-layout-flow\">\n<figure class=\"wp-block-image size-full\"><a href=\"https:\/\/alminutonoticia.com\/noticias\/wp-content\/uploads\/2025\/10\/WhatsApp-Image-2025-10-08-at-8.28.58-PM.jpeg\"><img decoding=\"async\" width=\"988\" height=\"566\" src=\"https:\/\/alminutonoticia.com\/noticias\/wp-content\/uploads\/2025\/10\/WhatsApp-Image-2025-10-08-at-8.28.58-PM.jpeg\" alt=\"\" class=\"wp-image-17699\" title=\"\" srcset=\"https:\/\/alminutonoticia.com\/noticias\/wp-content\/uploads\/2025\/10\/WhatsApp-Image-2025-10-08-at-8.28.58-PM.jpeg 988w, https:\/\/alminutonoticia.com\/noticias\/wp-content\/uploads\/2025\/10\/WhatsApp-Image-2025-10-08-at-8.28.58-PM-300x172.jpeg 300w, https:\/\/alminutonoticia.com\/noticias\/wp-content\/uploads\/2025\/10\/WhatsApp-Image-2025-10-08-at-8.28.58-PM-768x440.jpeg 768w\" sizes=\"(max-width: 988px) 100vw, 988px\" \/><\/a><\/figure>\n<\/div>\n<\/div>\n\n\n\n<p>Asimismo, destac\u00f3 el trabajo coordinado entre MiAMBIENTE y el Ministerio de Econom\u00eda y Finanzas (MEF) para optimizar la administraci\u00f3n de los fondos p\u00fablicos y asegurar que cada recurso asignado responda a las prioridades ambientales del pa\u00eds, alineadas con la biodiversidad, conservaci\u00f3n y acci\u00f3n clim\u00e1tica.<\/p>\n\n\n\n<p>Entre las acciones m\u00e1s relevantes que ejecuta el Ministerio de Ambiente en el marco del Estado de Emergencia Ambiental declarado en la cuenca del r\u00edo La Villa, se destaca la instalaci\u00f3n de biodigestores y el fortalecimiento del monitoreo de la calidad del agua. Se ha reforzado la capacidad anal\u00edtica del Laboratorio de Los Canelos, mediante la dotaci\u00f3n de insumos, reactivos y equipos especializados.<\/p>\n\n\n\n<p>A la fecha, se han realizado 83 colectas de muestras en los r\u00edos La Villa y Estiban\u00e1, que representan m\u00e1s de 415 pruebas anal\u00edticas, permitiendo evaluar los avances en la mejora de la calidad del recurso h\u00eddrico y orientar las acciones de mitigaci\u00f3n ambiental en curso.<\/p>\n\n\n\n<p>La cuenca del r\u00edo La Villa enfrenta serios desaf\u00edos ambientales, especialmente por la contaminaci\u00f3n generada por residuos org\u00e1nicos y deforestaci\u00f3n provenientes de actividades agropecuarias. La limitada aplicaci\u00f3n de tecnolog\u00edas de tratamiento ha ocasionado un incremento de cargas org\u00e1nicas en los suelos y cuerpos de agua, afectando negativamente la calidad ambiental y sanitaria del ecosistema. Ante estos escenarios Mi Ambiente respondi\u00f3 de manera inmediata y el 90% de los puntos cr\u00edticos de contaminaci\u00f3n identificados en la cuenca han sido adecuados o mitigados, mientras que el 10% restante se encuentra en proceso de adecuaci\u00f3n.<\/p>\n\n\n\n<figure class=\"wp-block-image size-full\"><a href=\"https:\/\/alminutonoticia.com\/noticias\/wp-content\/uploads\/2025\/10\/WhatsApp-Image-2025-10-08-at-8.29.01-PM.jpeg\"><img decoding=\"async\" width=\"995\" height=\"556\" src=\"https:\/\/alminutonoticia.com\/noticias\/wp-content\/uploads\/2025\/10\/WhatsApp-Image-2025-10-08-at-8.29.01-PM.jpeg\" alt=\"\" class=\"wp-image-17700\" title=\"\" srcset=\"https:\/\/alminutonoticia.com\/noticias\/wp-content\/uploads\/2025\/10\/WhatsApp-Image-2025-10-08-at-8.29.01-PM.jpeg 995w, https:\/\/alminutonoticia.com\/noticias\/wp-content\/uploads\/2025\/10\/WhatsApp-Image-2025-10-08-at-8.29.01-PM-300x168.jpeg 300w, https:\/\/alminutonoticia.com\/noticias\/wp-content\/uploads\/2025\/10\/WhatsApp-Image-2025-10-08-at-8.29.01-PM-768x429.jpeg 768w\" sizes=\"(max-width: 995px) 100vw, 995px\" \/><\/a><\/figure>\n\n\n\n<p>Tambi\u00e9n se logr\u00f3 el cierre y rehabilitaci\u00f3n del vertedero de Macaracas, y se mantiene una fiscalizaci\u00f3n permanente en toda la cuenca, asegurando el cumplimiento de las medidas correctivas y preventivas establecidas.<\/p>\n\n\n\n<p>Esta solicitud de MiAMBIENTE ante la Comisi\u00f3n de Presupuesto constituye un paso fundamental para asegurar la ejecuci\u00f3n del presupuesto 2025, permitiendo mantener operativos los programas esenciales de conservaci\u00f3n, restauraci\u00f3n y manejo responsable del ambiente y garantizando que las acciones ambientales del pa\u00eds no se vean interrumpidas por falta de recursos.<\/p>\n","protected":false},"excerpt":{"rendered":"<p>El Ministerio de Ambiente (MiAMBIENTE), representado por el ministro encargado, \u00d3scar Vallarino, sustent\u00f3 ante la Comisi\u00f3n de Presupuesto de la Asamblea Nacional una serie de solicitudes de traslado de partidas por un monto total de B\/.12 millones 808 mil 756.00 balboas, con el objetivo de garantizar la continuidad de proyectos prioritarios y el cumplimiento de [&hellip;]<\/p>\n","protected":false},"author":3,"featured_media":17700,"comment_status":"open","ping_status":"open","sticky":false,"template":"","format":"standard","meta":{"footnotes":""},"categories":[36,42],"tags":[],"class_list":["post-17697","post","type-post","status-publish","format-standard","has-post-thumbnail","hentry","category-nacionales","category-ambiente"],"_links":{"self":[{"href":"https:\/\/alminutonoticia.com\/noticias\/wp-json\/wp\/v2\/posts\/17697","targetHints":{"allow":["GET"]}}],"collection":[{"href":"https:\/\/alminutonoticia.com\/noticias\/wp-json\/wp\/v2\/posts"}],"about":[{"href":"https:\/\/alminutonoticia.com\/noticias\/wp-json\/wp\/v2\/types\/post"}],"author":[{"embeddable":true,"href":"https:\/\/alminutonoticia.com\/noticias\/wp-json\/wp\/v2\/users\/3"}],"replies":[{"embeddable":true,"href":"https:\/\/alminutonoticia.com\/noticias\/wp-json\/wp\/v2\/comments?post=17697"}],"version-history":[{"count":1,"href":"https:\/\/alminutonoticia.com\/noticias\/wp-json\/wp\/v2\/posts\/17697\/revisions"}],"predecessor-version":[{"id":17701,"href":"https:\/\/alminutonoticia.com\/noticias\/wp-json\/wp\/v2\/posts\/17697\/revisions\/17701"}],"wp:featuredmedia":[{"embeddable":true,"href":"https:\/\/alminutonoticia.com\/noticias\/wp-json\/wp\/v2\/media\/17700"}],"wp:attachment":[{"href":"https:\/\/alminutonoticia.com\/noticias\/wp-json\/wp\/v2\/media?parent=17697"}],"wp:term":[{"taxonomy":"category","embeddable":true,"href":"https:\/\/alminutonoticia.com\/noticias\/wp-json\/wp\/v2\/categories?post=17697"},{"taxonomy":"post_tag","embeddable":true,"href":"https:\/\/alminutonoticia.com\/noticias\/wp-json\/wp\/v2\/tags?post=17697"}],"curies":[{"name":"wp","href":"https:\/\/api.w.org\/{rel}","templated":true}]}}