{"id":17678,"date":"2025-10-08T11:32:13","date_gmt":"2025-10-08T11:32:13","guid":{"rendered":"https:\/\/alminutonoticia.com\/noticias\/?p=17678"},"modified":"2025-10-08T11:32:15","modified_gmt":"2025-10-08T11:32:15","slug":"ejecutivo-sustenta-en-segundo-debate-el-acuerdo-de-complementacion-economica-con-el-mercosur-ante-el-pleno-legislativo","status":"publish","type":"post","link":"https:\/\/alminutonoticia.com\/noticias\/ejecutivo-sustenta-en-segundo-debate-el-acuerdo-de-complementacion-economica-con-el-mercosur-ante-el-pleno-legislativo\/","title":{"rendered":"Ejecutivo sustenta en segundo debate el Acuerdo de Complementaci\u00f3n Econ\u00f3mica con el MERCOSUR ante el Pleno Legislativo"},"content":{"rendered":"\n<p>Los ministros de Comercio e Industrias, Julio Molt\u00f3, y de Desarrollo Agropecuario, Roberto Linares, comparecieron ante el Pleno de la Asamblea Nacional para atender las inquietudes de los diputados durante el segundo debate del Proyecto de Ley N.\u00ba 201, que aprueba el Acuerdo de Complementaci\u00f3n Econ\u00f3mica N.\u00ba 76 entre el MERCOSUR y Panam\u00e1, como Estado Asociado.<\/p>\n\n\n\n<p>Durante la sesi\u00f3n, declarada permanente por el Pleno Legislativo, los titulares del MICI y del MIDA respondieron las preguntas de los diputados y reiteraron que este acuerdo no constituye un Tratado de Libre Comercio ni un Tratado de Promoci\u00f3n Comercial, y que no implica una apertura autom\u00e1tica del mercado.<\/p>\n\n\n\n<p>Adem\u00e1s, se enfatiz\u00f3 que los 12 rubros sensibles para el pa\u00eds no ser\u00e1n afectados por el Acuerdo, y que se han adoptado medidas para proteger la producci\u00f3n nacional y los intereses del sector agropecuario.<\/p>\n\n\n\n<p>En diciembre de 2024, Panam\u00e1 se convirti\u00f3 en el primer pa\u00eds fuera de Sudam\u00e9rica en adquirir la condici\u00f3n de Estado Asociado del MERCOSUR, bloque integrado por Argentina, Paraguay, Uruguay, Brasil y Bolivia, que en conjunto representa la quinta econom\u00eda m\u00e1s grande del mundo, con un mercado cercano a 300 millones de habitantes.<\/p>\n\n\n\n<figure class=\"wp-block-image size-large\"><a href=\"https:\/\/alminutonoticia.com\/noticias\/wp-content\/uploads\/2025\/10\/WhatsApp-Image-2025-10-07-at-7.10.04-PM-2.jpeg\"><img fetchpriority=\"high\" decoding=\"async\" width=\"1024\" height=\"683\" src=\"https:\/\/alminutonoticia.com\/noticias\/wp-content\/uploads\/2025\/10\/WhatsApp-Image-2025-10-07-at-7.10.04-PM-2-1024x683.jpeg\" alt=\"\" class=\"wp-image-17679\" title=\"\" srcset=\"https:\/\/alminutonoticia.com\/noticias\/wp-content\/uploads\/2025\/10\/WhatsApp-Image-2025-10-07-at-7.10.04-PM-2-1024x683.jpeg 1024w, https:\/\/alminutonoticia.com\/noticias\/wp-content\/uploads\/2025\/10\/WhatsApp-Image-2025-10-07-at-7.10.04-PM-2-300x200.jpeg 300w, https:\/\/alminutonoticia.com\/noticias\/wp-content\/uploads\/2025\/10\/WhatsApp-Image-2025-10-07-at-7.10.04-PM-2-768x512.jpeg 768w, https:\/\/alminutonoticia.com\/noticias\/wp-content\/uploads\/2025\/10\/WhatsApp-Image-2025-10-07-at-7.10.04-PM-2.jpeg 1280w\" sizes=\"(max-width: 1024px) 100vw, 1024px\" \/><\/a><\/figure>\n\n\n\n<p>Las autoridades explicaron que las negociaciones se desarrollar\u00e1n de manera bilateral con cada pa\u00eds miembro del MERCOSUR, sin que ello implique la eliminaci\u00f3n de barreras ni la apertura de sectores sensibles, garantizando as\u00ed la protecci\u00f3n del mercado paname\u00f1o frente a importaciones indiscriminadas.<\/p>\n\n\n\n<p>Los ministros coincidieron en que el Acuerdo abre nuevas oportunidades para modernizar la agroindustria, compartir conocimientos y fortalecer la producci\u00f3n nacional. Recordaron, adem\u00e1s, que cada instrumento derivado de las negociaciones deber\u00e1 ser sometido nuevamente a la Asamblea Nacional para su discusi\u00f3n y aprobaci\u00f3n, lo que asegura la participaci\u00f3n activa del Legislativo y la defensa de los intereses nacionales.<\/p>\n\n\n\n<p>El ministro Julio Molt\u00f3 subray\u00f3 que el Acuerdo con el MERCOSUR representa una oportunidad estrat\u00e9gica sin precedentes para Panam\u00e1, al consolidar su posici\u00f3n geogr\u00e1fica y log\u00edstica, atraer inversiones, generar empleo y fortalecer la integraci\u00f3n productiva en las cadenas de valor regional.<\/p>\n\n\n\n<p>\u201cPanam\u00e1, por su conectividad, el Canal, sus zonas francas y reg\u00edmenes especiales, tiene el potencial de convertirse en un punto clave para el comercio entre Am\u00e9rica del Sur, Centroam\u00e9rica y el Caribe\u201d, destac\u00f3 el ministro Molt\u00f3.<\/p>\n\n\n\n<p>El titular del MICI tambi\u00e9n resalt\u00f3 que el Gobierno ha difundido y explicado el contenido del Acuerdo en las siete principales regiones productivas del pa\u00eds \u2014Las Tablas, Aguadulce, Santiago, David, La Chorrera, Chepo y Changuinola\u2014, mediante un proceso abierto, transparente e inclusivo, con la participaci\u00f3n del presidente de la Asamblea Nacional, Jorge Luis Herrera, m\u00e1s de 40 diputados, autoridades locales y m\u00e1s de 700 productores y representantes de gremios.<\/p>\n\n\n\n<div class=\"wp-block-columns is-layout-flex wp-container-core-columns-is-layout-28f84493 wp-block-columns-is-layout-flex\">\n<div class=\"wp-block-column is-layout-flow wp-block-column-is-layout-flow\">\n<figure class=\"wp-block-image size-large\"><a href=\"https:\/\/alminutonoticia.com\/noticias\/wp-content\/uploads\/2025\/10\/WhatsApp-Image-2025-10-07-at-7.10.05-PM.jpeg\"><img decoding=\"async\" width=\"1024\" height=\"683\" src=\"https:\/\/alminutonoticia.com\/noticias\/wp-content\/uploads\/2025\/10\/WhatsApp-Image-2025-10-07-at-7.10.05-PM-1024x683.jpeg\" alt=\"\" class=\"wp-image-17680\" title=\"\" srcset=\"https:\/\/alminutonoticia.com\/noticias\/wp-content\/uploads\/2025\/10\/WhatsApp-Image-2025-10-07-at-7.10.05-PM-1024x683.jpeg 1024w, https:\/\/alminutonoticia.com\/noticias\/wp-content\/uploads\/2025\/10\/WhatsApp-Image-2025-10-07-at-7.10.05-PM-300x200.jpeg 300w, https:\/\/alminutonoticia.com\/noticias\/wp-content\/uploads\/2025\/10\/WhatsApp-Image-2025-10-07-at-7.10.05-PM-768x512.jpeg 768w, https:\/\/alminutonoticia.com\/noticias\/wp-content\/uploads\/2025\/10\/WhatsApp-Image-2025-10-07-at-7.10.05-PM.jpeg 1280w\" sizes=\"(max-width: 1024px) 100vw, 1024px\" \/><\/a><\/figure>\n<\/div>\n\n\n\n<div class=\"wp-block-column is-layout-flow wp-block-column-is-layout-flow\">\n<figure class=\"wp-block-image size-large\"><a href=\"https:\/\/alminutonoticia.com\/noticias\/wp-content\/uploads\/2025\/10\/WhatsApp-Image-2025-10-07-at-7.10.04-PM-1.jpeg\"><img decoding=\"async\" width=\"1024\" height=\"683\" src=\"https:\/\/alminutonoticia.com\/noticias\/wp-content\/uploads\/2025\/10\/WhatsApp-Image-2025-10-07-at-7.10.04-PM-1-1024x683.jpeg\" alt=\"\" class=\"wp-image-17681\" title=\"\" srcset=\"https:\/\/alminutonoticia.com\/noticias\/wp-content\/uploads\/2025\/10\/WhatsApp-Image-2025-10-07-at-7.10.04-PM-1-1024x683.jpeg 1024w, https:\/\/alminutonoticia.com\/noticias\/wp-content\/uploads\/2025\/10\/WhatsApp-Image-2025-10-07-at-7.10.04-PM-1-300x200.jpeg 300w, https:\/\/alminutonoticia.com\/noticias\/wp-content\/uploads\/2025\/10\/WhatsApp-Image-2025-10-07-at-7.10.04-PM-1-768x512.jpeg 768w, https:\/\/alminutonoticia.com\/noticias\/wp-content\/uploads\/2025\/10\/WhatsApp-Image-2025-10-07-at-7.10.04-PM-1.jpeg 1280w\" sizes=\"(max-width: 1024px) 100vw, 1024px\" \/><\/a><\/figure>\n<\/div>\n<\/div>\n\n\n\n<p>Asimismo, reiter\u00f3 que el Ejecutivo mantiene su compromiso de di\u00e1logo y transparencia con todos los sectores, e hizo un llamado a los diputados a respaldar la iniciativa, se\u00f1alando que el Acuerdo abre una puerta importante para el desarrollo econ\u00f3mico nacional y fortalece la colaboraci\u00f3n entre el Ejecutivo y el Legislativo para aprovechar al m\u00e1ximo las ventajas competitivas del pa\u00eds.<\/p>\n\n\n\n<p>Tras varias horas de discusi\u00f3n, el Pleno decret\u00f3 un receso en el segundo debate del Proyecto de Ley N.\u00ba 201, el cual continuar\u00e1 este mi\u00e9rcoles 8 de octubre, con la participaci\u00f3n de los diputados y representantes del \u00d3rgano Ejecutivo.<\/p>\n","protected":false},"excerpt":{"rendered":"<p>Los ministros de Comercio e Industrias, Julio Molt\u00f3, y de Desarrollo Agropecuario, Roberto Linares, comparecieron ante el Pleno de la Asamblea Nacional para atender las inquietudes de los diputados durante el segundo debate del Proyecto de Ley N.\u00ba 201, que aprueba el Acuerdo de Complementaci\u00f3n Econ\u00f3mica N.\u00ba 76 entre el MERCOSUR y Panam\u00e1, como Estado [&hellip;]<\/p>\n","protected":false},"author":3,"featured_media":17680,"comment_status":"open","ping_status":"open","sticky":false,"template":"","format":"standard","meta":{"footnotes":""},"categories":[36,39],"tags":[],"class_list":["post-17678","post","type-post","status-publish","format-standard","has-post-thumbnail","hentry","category-nacionales","category-internacionales"],"_links":{"self":[{"href":"https:\/\/alminutonoticia.com\/noticias\/wp-json\/wp\/v2\/posts\/17678","targetHints":{"allow":["GET"]}}],"collection":[{"href":"https:\/\/alminutonoticia.com\/noticias\/wp-json\/wp\/v2\/posts"}],"about":[{"href":"https:\/\/alminutonoticia.com\/noticias\/wp-json\/wp\/v2\/types\/post"}],"author":[{"embeddable":true,"href":"https:\/\/alminutonoticia.com\/noticias\/wp-json\/wp\/v2\/users\/3"}],"replies":[{"embeddable":true,"href":"https:\/\/alminutonoticia.com\/noticias\/wp-json\/wp\/v2\/comments?post=17678"}],"version-history":[{"count":1,"href":"https:\/\/alminutonoticia.com\/noticias\/wp-json\/wp\/v2\/posts\/17678\/revisions"}],"predecessor-version":[{"id":17682,"href":"https:\/\/alminutonoticia.com\/noticias\/wp-json\/wp\/v2\/posts\/17678\/revisions\/17682"}],"wp:featuredmedia":[{"embeddable":true,"href":"https:\/\/alminutonoticia.com\/noticias\/wp-json\/wp\/v2\/media\/17680"}],"wp:attachment":[{"href":"https:\/\/alminutonoticia.com\/noticias\/wp-json\/wp\/v2\/media?parent=17678"}],"wp:term":[{"taxonomy":"category","embeddable":true,"href":"https:\/\/alminutonoticia.com\/noticias\/wp-json\/wp\/v2\/categories?post=17678"},{"taxonomy":"post_tag","embeddable":true,"href":"https:\/\/alminutonoticia.com\/noticias\/wp-json\/wp\/v2\/tags?post=17678"}],"curies":[{"name":"wp","href":"https:\/\/api.w.org\/{rel}","templated":true}]}}