{"id":17668,"date":"2025-10-08T11:20:42","date_gmt":"2025-10-08T11:20:42","guid":{"rendered":"https:\/\/alminutonoticia.com\/noticias\/?p=17668"},"modified":"2025-10-08T11:23:52","modified_gmt":"2025-10-08T11:23:52","slug":"ministro-de-salud-responde-cuestionario-ante-la-comision-de-trabajo-salud-y-desarrollo-social","status":"publish","type":"post","link":"https:\/\/alminutonoticia.com\/noticias\/ministro-de-salud-responde-cuestionario-ante-la-comision-de-trabajo-salud-y-desarrollo-social\/","title":{"rendered":"Ministro de Salud responde cuestionario ante la Comisi\u00f3n de Trabajo, Salud y Desarrollo Social"},"content":{"rendered":"\n<p>El ministro de Salud, Fernando Boyd Galindo, asisti\u00f3 este martes 7 de octubre a la Comisi\u00f3n de Trabajo, Salud y Desarrollo Social de la Asamblea Nacional, donde respondi\u00f3 las 18 preguntas de los diputados de la\u00a0comisi\u00f3n.<\/p>\n\n\n\n<p><br>Boyd Galindo acompa\u00f1ado de sus directores explic\u00f3 el trabajo que se est\u00e1 realizando desde hace 15 meses en el Ministerio de Salud, donde se han recuperado instalaciones sanitarias que estaban abandonadas, se ha logrado reducir el costo de 140 medicamentos a la poblaci\u00f3n, se inaugur\u00f3 el Hospital Manuel Amador Guerrero\u00a0en Col\u00f3n y la utilizaci\u00f3n de drones para el traslado de muestras de laboratorios en \u00e1reas de dif\u00edcil acceso.<\/p>\n\n\n\n<div class=\"wp-block-columns is-layout-flex wp-container-core-columns-is-layout-28f84493 wp-block-columns-is-layout-flex\">\n<div class=\"wp-block-column is-layout-flow wp-block-column-is-layout-flow\" style=\"flex-basis:50%\">\n<figure class=\"wp-block-image size-large\"><a href=\"https:\/\/alminutonoticia.com\/noticias\/wp-content\/uploads\/2025\/10\/WhatsApp-Image-2025-10-07-at-3.49.30-PM.jpeg\"><img fetchpriority=\"high\" decoding=\"async\" width=\"1024\" height=\"682\" src=\"https:\/\/alminutonoticia.com\/noticias\/wp-content\/uploads\/2025\/10\/WhatsApp-Image-2025-10-07-at-3.49.30-PM-1024x682.jpeg\" alt=\"\" class=\"wp-image-17670\" title=\"\" srcset=\"https:\/\/alminutonoticia.com\/noticias\/wp-content\/uploads\/2025\/10\/WhatsApp-Image-2025-10-07-at-3.49.30-PM-1024x682.jpeg 1024w, https:\/\/alminutonoticia.com\/noticias\/wp-content\/uploads\/2025\/10\/WhatsApp-Image-2025-10-07-at-3.49.30-PM-300x200.jpeg 300w, https:\/\/alminutonoticia.com\/noticias\/wp-content\/uploads\/2025\/10\/WhatsApp-Image-2025-10-07-at-3.49.30-PM-768x512.jpeg 768w, https:\/\/alminutonoticia.com\/noticias\/wp-content\/uploads\/2025\/10\/WhatsApp-Image-2025-10-07-at-3.49.30-PM.jpeg 1280w\" sizes=\"(max-width: 1024px) 100vw, 1024px\" \/><\/a><\/figure>\n<\/div>\n\n\n\n<div class=\"wp-block-column is-layout-flow wp-block-column-is-layout-flow\" style=\"flex-basis:50%\">\n<figure class=\"wp-block-image size-large\"><a href=\"https:\/\/alminutonoticia.com\/noticias\/wp-content\/uploads\/2025\/10\/WhatsApp-Image-2025-10-07-at-3.49.31-PM.jpeg\"><img decoding=\"async\" width=\"1024\" height=\"683\" src=\"https:\/\/alminutonoticia.com\/noticias\/wp-content\/uploads\/2025\/10\/WhatsApp-Image-2025-10-07-at-3.49.31-PM-1024x683.jpeg\" alt=\"\" class=\"wp-image-17671\" title=\"\" srcset=\"https:\/\/alminutonoticia.com\/noticias\/wp-content\/uploads\/2025\/10\/WhatsApp-Image-2025-10-07-at-3.49.31-PM-1024x683.jpeg 1024w, https:\/\/alminutonoticia.com\/noticias\/wp-content\/uploads\/2025\/10\/WhatsApp-Image-2025-10-07-at-3.49.31-PM-300x200.jpeg 300w, https:\/\/alminutonoticia.com\/noticias\/wp-content\/uploads\/2025\/10\/WhatsApp-Image-2025-10-07-at-3.49.31-PM-768x512.jpeg 768w, https:\/\/alminutonoticia.com\/noticias\/wp-content\/uploads\/2025\/10\/WhatsApp-Image-2025-10-07-at-3.49.31-PM.jpeg 1500w\" sizes=\"(max-width: 1024px) 100vw, 1024px\" \/><\/a><\/figure>\n<\/div>\n<\/div>\n\n\n\n<p><br>Una de las preguntas del cuestionario fue el tema del presupuesto, donde el Ministerio de Econom\u00eda y Finanzas recort\u00f3 fondos primordiales para el funcionamientos adecuado de las instalaciones del Minsa, en la cual el ministro de Salud indic\u00f3 que el presupuesto no es suficiente para\u00a0atender todas las necesidades que requieren todas los puestos, centros, policentros y hospitales en las 15 regiones de salud.<\/p>\n\n\n\n<p><br>Boyd Galindo anunci\u00f3\u00a0que el caso del Hospital Nicol\u00e1s A. Solano, se\u00a0ha dado inici\u00f3 a los\u00a0trabajos\u00a0de climatizaci\u00f3n en todo el hospital, adecuaci\u00f3n de otras salas para la atenci\u00f3n m\u00e9dica, incorporaci\u00f3n de nuevos equipos para la atenci\u00f3n\u00a0de los pacientes y limpieza profundas de todas las \u00e1reas del hospital.<br>El ministro de la cartera manifest\u00f3 que en los pr\u00f3ximos meses, se estar\u00e1 inaugurando nuevas instalaciones de salud\u00a0en el\u00a0Hospital de Bugaba\u00a0en Chiriqu\u00ed, Policentro de San Isidro en San Miguelito y Centro de Salud de Guarar\u00e9\u00a0en Los Santos.<\/p>\n\n\n\n<p><br>El presidente de la Comisi\u00f3n de Trabajo, Salud y Desarrollo Social de la Asamblea Nacional, Edwin Vergara, agradeci\u00f3 en nombre de todos los diputados las repuestas del ministro de Salud.<br>Al ministro de Salud, Fernando Boyd Galindo, lo acompa\u00f1aron el viceministro de Salud, Manuel Zambrano; \u00a0Secretario General del Minsa, Julio Arosemena y todos los directores del Ministerio de Salud.<\/p>\n\n\n\n<figure class=\"wp-block-image size-large\"><a href=\"https:\/\/alminutonoticia.com\/noticias\/wp-content\/uploads\/2025\/10\/WhatsApp-Image-2025-10-07-at-3.49.31-PM-1.jpeg\"><img decoding=\"async\" width=\"1024\" height=\"682\" src=\"https:\/\/alminutonoticia.com\/noticias\/wp-content\/uploads\/2025\/10\/WhatsApp-Image-2025-10-07-at-3.49.31-PM-1-1024x682.jpeg\" alt=\"\" class=\"wp-image-17669\" title=\"\" srcset=\"https:\/\/alminutonoticia.com\/noticias\/wp-content\/uploads\/2025\/10\/WhatsApp-Image-2025-10-07-at-3.49.31-PM-1-1024x682.jpeg 1024w, https:\/\/alminutonoticia.com\/noticias\/wp-content\/uploads\/2025\/10\/WhatsApp-Image-2025-10-07-at-3.49.31-PM-1-300x200.jpeg 300w, https:\/\/alminutonoticia.com\/noticias\/wp-content\/uploads\/2025\/10\/WhatsApp-Image-2025-10-07-at-3.49.31-PM-1-768x512.jpeg 768w, https:\/\/alminutonoticia.com\/noticias\/wp-content\/uploads\/2025\/10\/WhatsApp-Image-2025-10-07-at-3.49.31-PM-1.jpeg 1280w\" sizes=\"(max-width: 1024px) 100vw, 1024px\" \/><\/a><\/figure>\n","protected":false},"excerpt":{"rendered":"<p>El ministro de Salud, Fernando Boyd Galindo, asisti\u00f3 este martes 7 de octubre a la Comisi\u00f3n de Trabajo, Salud y Desarrollo Social de la Asamblea Nacional, donde respondi\u00f3 las 18 preguntas de los diputados de la\u00a0comisi\u00f3n. Boyd Galindo acompa\u00f1ado de sus directores explic\u00f3 el trabajo que se est\u00e1 realizando desde hace 15 meses en el [&hellip;]<\/p>\n","protected":false},"author":3,"featured_media":17669,"comment_status":"open","ping_status":"open","sticky":false,"template":"","format":"standard","meta":{"footnotes":""},"categories":[36,45],"tags":[],"class_list":["post-17668","post","type-post","status-publish","format-standard","has-post-thumbnail","hentry","category-nacionales","category-salud"],"_links":{"self":[{"href":"https:\/\/alminutonoticia.com\/noticias\/wp-json\/wp\/v2\/posts\/17668","targetHints":{"allow":["GET"]}}],"collection":[{"href":"https:\/\/alminutonoticia.com\/noticias\/wp-json\/wp\/v2\/posts"}],"about":[{"href":"https:\/\/alminutonoticia.com\/noticias\/wp-json\/wp\/v2\/types\/post"}],"author":[{"embeddable":true,"href":"https:\/\/alminutonoticia.com\/noticias\/wp-json\/wp\/v2\/users\/3"}],"replies":[{"embeddable":true,"href":"https:\/\/alminutonoticia.com\/noticias\/wp-json\/wp\/v2\/comments?post=17668"}],"version-history":[{"count":1,"href":"https:\/\/alminutonoticia.com\/noticias\/wp-json\/wp\/v2\/posts\/17668\/revisions"}],"predecessor-version":[{"id":17672,"href":"https:\/\/alminutonoticia.com\/noticias\/wp-json\/wp\/v2\/posts\/17668\/revisions\/17672"}],"wp:featuredmedia":[{"embeddable":true,"href":"https:\/\/alminutonoticia.com\/noticias\/wp-json\/wp\/v2\/media\/17669"}],"wp:attachment":[{"href":"https:\/\/alminutonoticia.com\/noticias\/wp-json\/wp\/v2\/media?parent=17668"}],"wp:term":[{"taxonomy":"category","embeddable":true,"href":"https:\/\/alminutonoticia.com\/noticias\/wp-json\/wp\/v2\/categories?post=17668"},{"taxonomy":"post_tag","embeddable":true,"href":"https:\/\/alminutonoticia.com\/noticias\/wp-json\/wp\/v2\/tags?post=17668"}],"curies":[{"name":"wp","href":"https:\/\/api.w.org\/{rel}","templated":true}]}}