{"id":17665,"date":"2025-10-08T11:16:47","date_gmt":"2025-10-08T11:16:47","guid":{"rendered":"https:\/\/alminutonoticia.com\/noticias\/?p=17665"},"modified":"2025-10-08T11:17:14","modified_gmt":"2025-10-08T11:17:14","slug":"autorizan-al-mef-a-suscribir-contratos-de-concesiones-para-instalar-dos-cables-submarinos-de-telecomunicaciones","status":"publish","type":"post","link":"https:\/\/alminutonoticia.com\/noticias\/autorizan-al-mef-a-suscribir-contratos-de-concesiones-para-instalar-dos-cables-submarinos-de-telecomunicaciones\/","title":{"rendered":"Autorizan al MEF a suscribir contratos de concesiones para instalar dos cables submarinos de telecomunicaciones"},"content":{"rendered":"\n<p>El Consejo de Gabinete aprob\u00f3 hoy dos resoluciones que autorizan al Ministerio de Econom\u00eda y Finanzas (MEF) a suscribir sendos contratos de concesiones administrativas con sociedades que instalar\u00e1n y operar\u00e1n dos nuevos cables submarinos de servicios de telecomunicaciones, lo que permitir\u00e1 confirmar el liderazgo de Panam\u00e1 en este sector y atraer nuevas inversiones.<\/p>\n\n\n\n<p>La Resoluci\u00f3n N\u00b0110-25 autoriza al MEF, en representaci\u00f3n de la Naci\u00f3n, para suscribir un contrato de concesi\u00f3n administrativa con la sociedad Telconet Submarine Networks, S.A. (Telcosub), para instalar, operar y mantener, por un periodo de veinte (20) a\u00f1os, el sistema de cable submarino \u201cCarnival Submarine Networks-1 (CSN-1)\u201d en la Rep\u00fablica de Panam\u00e1, con un valor total estimado de B\/.1,238,522.40.<\/p>\n\n\n\n<p>Durante las negociaciones, la Direcci\u00f3n de Bienes Patrimoniales del Estado realiz\u00f3 un estudio comparativo de precios. Este an\u00e1lisis se hizo porque el monto de referencia no se actualiza desde el a\u00f1o 2000 y mostraba un desfase significativo: el valor aplicado consideraba la entrada de solo cinco (5) sistemas de cables submarinos. Esto evidenci\u00f3 una clara diferencia con el costo\/valor real del dinero en el tiempo y con las pr\u00e1cticas regulatorias de otras jurisdicciones.<\/p>\n\n\n\n<figure class=\"wp-block-image size-large\"><a href=\"https:\/\/alminutonoticia.com\/noticias\/wp-content\/uploads\/2025\/10\/WhatsApp-Image-2025-10-07-at-5.56.59-PM.jpeg\"><img fetchpriority=\"high\" decoding=\"async\" width=\"1024\" height=\"682\" src=\"https:\/\/alminutonoticia.com\/noticias\/wp-content\/uploads\/2025\/10\/WhatsApp-Image-2025-10-07-at-5.56.59-PM-1024x682.jpeg\" alt=\"\" class=\"wp-image-17666\" title=\"\" srcset=\"https:\/\/alminutonoticia.com\/noticias\/wp-content\/uploads\/2025\/10\/WhatsApp-Image-2025-10-07-at-5.56.59-PM-1024x682.jpeg 1024w, https:\/\/alminutonoticia.com\/noticias\/wp-content\/uploads\/2025\/10\/WhatsApp-Image-2025-10-07-at-5.56.59-PM-300x200.jpeg 300w, https:\/\/alminutonoticia.com\/noticias\/wp-content\/uploads\/2025\/10\/WhatsApp-Image-2025-10-07-at-5.56.59-PM-768x512.jpeg 768w, https:\/\/alminutonoticia.com\/noticias\/wp-content\/uploads\/2025\/10\/WhatsApp-Image-2025-10-07-at-5.56.59-PM.jpeg 1280w\" sizes=\"(max-width: 1024px) 100vw, 1024px\" \/><\/a><\/figure>\n\n\n\n<p>Dado que Panam\u00e1 es un \u201chub\u201d estrat\u00e9gico de cables submarinos y necesita mantener un marco competitivo justo para el Estado, se procedi\u00f3 a negociar con la sociedad Telcosub. El objetivo fue ajustar el canon de concesi\u00f3n por el uso del fondo marino a un nivel equitativo y sostenible.<\/p>\n\n\n\n<p>La sociedad Telconet Submarine Networks, S.A. reconoci\u00f3 que el ajuste al canon de concesi\u00f3n es indispensable para que refleje la realidad econ\u00f3mica actual en la utilizaci\u00f3n de este recurso estrat\u00e9gico de la Naci\u00f3n. Por ello, suscribe con el MEF un Acuerdo de Negociaci\u00f3n Complementario al Contrato de Concesi\u00f3n Administrativa N\u00b0 DBPE-01-2025, el cual ajusta el valor por metro cuadro sobre la utilizaci\u00f3n del uso de fondo de mar de B\/.0.35 por metro cuadrado a B\/.0.60 por metro cuadrado. Con ello, se actualiza el valor de la concesi\u00f3n durante la vigencia del contrato por la suma de B\/.1,238,522.40.<\/p>\n\n\n\n<p>Telcosub se propone instalar una ramificaci\u00f3n de ocho (8) pares de fibra \u00f3ptica que aterrizar\u00e1 en aguas territoriales paname\u00f1as provenientes de Anconcito, Ecuador, y doce (12) pares de fibra \u00f3ptica provenientes de Florida, Estados Unidos, lo cual mejorar\u00e1 la cobertura de la red de telecomunicaciones mundial v\u00eda Centroam\u00e9rica.<\/p>\n\n\n\n<p>En tanto, la Resoluci\u00f3n N\u00b0120-25 autoriza al MEF, en representaci\u00f3n de la Naci\u00f3n, a suscribir un Contrato de Concesi\u00f3n Administrativa con la sociedad Trans Caribbean Fiber Systems, Inc., para instalar, operar y mantener, por un periodo de veinte (20) a\u00f1os, el sistema de cable submarino Trans Caribbean Fiber Systems &#8211; (TAM 1), con un valor total estimado de B\/.2,439,112.80.<\/p>\n\n\n\n<p>Tras un an\u00e1lisis del MEF del valor promedio fijado para la concesi\u00f3n, por la suma de B\/.1,422,816.00, la Direcci\u00f3n de Bienes Patrimoniales del Estado realiz\u00f3 un estudio comparativo de referencia que muestra que en otras jurisdicciones el valor del canon fijado es mayor a lo que hoy se cobra en Panam\u00e1. Por ello, Trans Caribbean Fiber Systems, Inc. acept\u00f3 tambi\u00e9n un ajuste al canon de concesi\u00f3n por uso de fondo de mar, en un nivel equitativo, competitivo y sostenible a 60 cent\u00e9simos por metro cuadrado.<\/p>\n\n\n\n<p>Con ese acuerdo, la Naci\u00f3n y Trans Caribbean Fiber Systems, Inc. aseguran que Panam\u00e1 mantenga su liderazgo como centro regional de conectividad, fortaleciendo la competitividad nacional.<\/p>\n","protected":false},"excerpt":{"rendered":"<p>El Consejo de Gabinete aprob\u00f3 hoy dos resoluciones que autorizan al Ministerio de Econom\u00eda y Finanzas (MEF) a suscribir sendos contratos de concesiones administrativas con sociedades que instalar\u00e1n y operar\u00e1n dos nuevos cables submarinos de servicios de telecomunicaciones, lo que permitir\u00e1 confirmar el liderazgo de Panam\u00e1 en este sector y atraer nuevas inversiones. La Resoluci\u00f3n [&hellip;]<\/p>\n","protected":false},"author":3,"featured_media":17666,"comment_status":"open","ping_status":"open","sticky":false,"template":"","format":"standard","meta":{"footnotes":""},"categories":[36],"tags":[],"class_list":["post-17665","post","type-post","status-publish","format-standard","has-post-thumbnail","hentry","category-nacionales"],"_links":{"self":[{"href":"https:\/\/alminutonoticia.com\/noticias\/wp-json\/wp\/v2\/posts\/17665","targetHints":{"allow":["GET"]}}],"collection":[{"href":"https:\/\/alminutonoticia.com\/noticias\/wp-json\/wp\/v2\/posts"}],"about":[{"href":"https:\/\/alminutonoticia.com\/noticias\/wp-json\/wp\/v2\/types\/post"}],"author":[{"embeddable":true,"href":"https:\/\/alminutonoticia.com\/noticias\/wp-json\/wp\/v2\/users\/3"}],"replies":[{"embeddable":true,"href":"https:\/\/alminutonoticia.com\/noticias\/wp-json\/wp\/v2\/comments?post=17665"}],"version-history":[{"count":1,"href":"https:\/\/alminutonoticia.com\/noticias\/wp-json\/wp\/v2\/posts\/17665\/revisions"}],"predecessor-version":[{"id":17667,"href":"https:\/\/alminutonoticia.com\/noticias\/wp-json\/wp\/v2\/posts\/17665\/revisions\/17667"}],"wp:featuredmedia":[{"embeddable":true,"href":"https:\/\/alminutonoticia.com\/noticias\/wp-json\/wp\/v2\/media\/17666"}],"wp:attachment":[{"href":"https:\/\/alminutonoticia.com\/noticias\/wp-json\/wp\/v2\/media?parent=17665"}],"wp:term":[{"taxonomy":"category","embeddable":true,"href":"https:\/\/alminutonoticia.com\/noticias\/wp-json\/wp\/v2\/categories?post=17665"},{"taxonomy":"post_tag","embeddable":true,"href":"https:\/\/alminutonoticia.com\/noticias\/wp-json\/wp\/v2\/tags?post=17665"}],"curies":[{"name":"wp","href":"https:\/\/api.w.org\/{rel}","templated":true}]}}