{"id":17661,"date":"2025-10-08T11:14:08","date_gmt":"2025-10-08T11:14:08","guid":{"rendered":"https:\/\/alminutonoticia.com\/noticias\/?p=17661"},"modified":"2025-10-08T11:15:04","modified_gmt":"2025-10-08T11:15:04","slug":"apede-aboga-por-la-revision-del-reglamento-de-medidas-precautorias-en-defensa-del-estado-de-derecho","status":"publish","type":"post","link":"https:\/\/alminutonoticia.com\/noticias\/apede-aboga-por-la-revision-del-reglamento-de-medidas-precautorias-en-defensa-del-estado-de-derecho\/","title":{"rendered":"APEDE aboga por la revisi\u00f3n del reglamento de medidas precautorias en defensa del Estado de Derecho"},"content":{"rendered":"\n<p>La Asociaci\u00f3n Paname\u00f1a de Ejecutivos de Empresa (APEDE) hizo un llamado al Contralor General de la Rep\u00fablica a revisar algunas de las disposiciones del Reglamento de Medidas Precautorias y a eliminar la figura del secuestro, porque excede las competencias legales de la instituci\u00f3n y vulnera principios fundamentales del Estado de Derecho y del debido proceso.<\/p>\n\n\n\n<p>La presidenta de la APEDE, Giulia De Sanctis, aclar\u00f3 que, si bien la emisi\u00f3n del reglamento era necesaria para desarrollar el art\u00edculo 29 de la Ley 32 que regula a la Contralor\u00eda, el cual la faculta para adoptar medidas precautorias en casos de irregularidades, la inclusi\u00f3n del secuestro excede ese marco, ya que esta figura solo puede establecerse por ley y bajo control judicial, no mediante un reglamento administrativo.<\/p>\n\n\n\n<figure class=\"wp-block-image size-full\"><a href=\"https:\/\/alminutonoticia.com\/noticias\/wp-content\/uploads\/2025\/10\/whatsapp-image-2025-01-28-at-3-56_181-9272139_20250128152804.webp\"><img fetchpriority=\"high\" decoding=\"async\" width=\"700\" height=\"394\" src=\"https:\/\/alminutonoticia.com\/noticias\/wp-content\/uploads\/2025\/10\/whatsapp-image-2025-01-28-at-3-56_181-9272139_20250128152804.webp\" alt=\"\" class=\"wp-image-17662\" title=\"\" srcset=\"https:\/\/alminutonoticia.com\/noticias\/wp-content\/uploads\/2025\/10\/whatsapp-image-2025-01-28-at-3-56_181-9272139_20250128152804.webp 700w, https:\/\/alminutonoticia.com\/noticias\/wp-content\/uploads\/2025\/10\/whatsapp-image-2025-01-28-at-3-56_181-9272139_20250128152804-300x169.webp 300w\" sizes=\"(max-width: 700px) 100vw, 700px\" \/><\/a><\/figure>\n\n\n\n<p>De Sanctis explic\u00f3 que, aunque la Contralor\u00eda tiene la responsabilidad de salvaguardar los recursos del Estado, no puede asumir facultades coactivas que impliquen afectaciones patrimoniales sin control judicial previo.<\/p>\n\n\n\n<p>\u201cEl secuestro es una figura jur\u00eddica muy delicada que solo puede crearse y aplicarse mediante ley, bajo supervisi\u00f3n de un juez competente. Incorporarla por v\u00eda reglamentaria no solo traslada funciones del \u00d3rgano Judicial a una autoridad administrativa, sino que abre la puerta a decisiones arbitrarias\u201d, se\u00f1al\u00f3 De Sanctis.<\/p>\n\n\n\n<p>La presidenta del gremio empresarial subray\u00f3 que el Tribunal de Cuentas, \u00f3rgano ejecutor de la Contralor\u00eda, no tiene facultades para decretar secuestros, sino para cautelar bienes. \u201cConfundir cautela con secuestro genera un vac\u00edo legal y una superposici\u00f3n de funciones que erosiona la separaci\u00f3n de poderes\u201d, a\u00f1adi\u00f3.<\/p>\n\n\n\n<p>\u201cEl pa\u00eds necesita una Contralor\u00eda fuerte, eficaz y transparente, pero no una que concentre funciones que pertenecen al poder judicial. La eficiencia institucional no puede lograrse a costa de los derechos ciudadanos\u201d, expres\u00f3 la presidenta de la APEDE.<\/p>\n\n\n\n<p>Adem\u00e1s, De Sanctis adelant\u00f3 que el gremio est\u00e1 dispuesto a participar en los espacios de di\u00e1logo jur\u00eddico y t\u00e9cnico que sean necesarios para fortalecer los mecanismos de control estatal sin debilitar las garant\u00edas constitucionales. Reiter\u00f3 que la seguridad jur\u00eddica y el respeto al debido proceso son tan esenciales para el desarrollo nacional como la eficacia administrativa.<\/p>\n\n\n\n<p>\u201cPanam\u00e1 no puede dar se\u00f1ales de inseguridad jur\u00eddica. Cuando un inversionista percibe arbitrariedad o concentraci\u00f3n de poder, se debilita la confianza en el pa\u00eds como destino para invertir y generar empleo\u201d, concluy\u00f3 la presidenta de la APEDE.<\/p>\n\n\n\n<p><\/p>\n","protected":false},"excerpt":{"rendered":"<p>La Asociaci\u00f3n Paname\u00f1a de Ejecutivos de Empresa (APEDE) hizo un llamado al Contralor General de la Rep\u00fablica a revisar algunas de las disposiciones del Reglamento de Medidas Precautorias y a eliminar la figura del secuestro, porque excede las competencias legales de la instituci\u00f3n y vulnera principios fundamentales del Estado de Derecho y del debido proceso. [&hellip;]<\/p>\n","protected":false},"author":3,"featured_media":17662,"comment_status":"open","ping_status":"open","sticky":false,"template":"","format":"standard","meta":{"footnotes":""},"categories":[36,38],"tags":[],"class_list":["post-17661","post","type-post","status-publish","format-standard","has-post-thumbnail","hentry","category-nacionales","category-economia"],"_links":{"self":[{"href":"https:\/\/alminutonoticia.com\/noticias\/wp-json\/wp\/v2\/posts\/17661","targetHints":{"allow":["GET"]}}],"collection":[{"href":"https:\/\/alminutonoticia.com\/noticias\/wp-json\/wp\/v2\/posts"}],"about":[{"href":"https:\/\/alminutonoticia.com\/noticias\/wp-json\/wp\/v2\/types\/post"}],"author":[{"embeddable":true,"href":"https:\/\/alminutonoticia.com\/noticias\/wp-json\/wp\/v2\/users\/3"}],"replies":[{"embeddable":true,"href":"https:\/\/alminutonoticia.com\/noticias\/wp-json\/wp\/v2\/comments?post=17661"}],"version-history":[{"count":2,"href":"https:\/\/alminutonoticia.com\/noticias\/wp-json\/wp\/v2\/posts\/17661\/revisions"}],"predecessor-version":[{"id":17664,"href":"https:\/\/alminutonoticia.com\/noticias\/wp-json\/wp\/v2\/posts\/17661\/revisions\/17664"}],"wp:featuredmedia":[{"embeddable":true,"href":"https:\/\/alminutonoticia.com\/noticias\/wp-json\/wp\/v2\/media\/17662"}],"wp:attachment":[{"href":"https:\/\/alminutonoticia.com\/noticias\/wp-json\/wp\/v2\/media?parent=17661"}],"wp:term":[{"taxonomy":"category","embeddable":true,"href":"https:\/\/alminutonoticia.com\/noticias\/wp-json\/wp\/v2\/categories?post=17661"},{"taxonomy":"post_tag","embeddable":true,"href":"https:\/\/alminutonoticia.com\/noticias\/wp-json\/wp\/v2\/tags?post=17661"}],"curies":[{"name":"wp","href":"https:\/\/api.w.org\/{rel}","templated":true}]}}