{"id":17624,"date":"2025-10-02T11:54:59","date_gmt":"2025-10-02T11:54:59","guid":{"rendered":"https:\/\/alminutonoticia.com\/noticias\/?p=17624"},"modified":"2025-10-02T11:56:01","modified_gmt":"2025-10-02T11:56:01","slug":"sector-contable-asume-nueva-junta-tecnica-para-el-periodo-2025-2028","status":"publish","type":"post","link":"https:\/\/alminutonoticia.com\/noticias\/sector-contable-asume-nueva-junta-tecnica-para-el-periodo-2025-2028\/","title":{"rendered":"Sector contable asume Nueva Junta T\u00e9cnica para el per\u00edodo 2025\u20132028"},"content":{"rendered":"\n<p>La Junta T\u00e9cnica de Contabilidad (JTC), adscrita al Ministerio de Comercio e Industrias (MICI), llev\u00f3 a cabo el acto de juramentaci\u00f3n de sus nuevos miembros para el per\u00edodo 2025\u20132028, en cumplimiento de lo dispuesto en la Ley 280 del 30 de diciembre de 2021, que regula la profesi\u00f3n de Contador P\u00fablico Autorizado en la Rep\u00fablica de Panam\u00e1.<\/p>\n\n\n\n<p>En su intervenci\u00f3n Aixa Serrac\u00edn, presidenta de la Junta T\u00e9cnica de Contabilidad recalc\u00f3 el compromiso del organismo con la \u00e9tica profesional, la capacitaci\u00f3n continua y el trabajo conjunto entre instituciones como pilares fundamentales para afrontar los desaf\u00edos actuales de la profesi\u00f3n contable, especialmente en un entorno econ\u00f3mico din\u00e1mico y en constante transformaci\u00f3n.<\/p>\n\n\n\n<div class=\"wp-block-columns is-layout-flex wp-container-core-columns-is-layout-28f84493 wp-block-columns-is-layout-flex\">\n<div class=\"wp-block-column is-layout-flow wp-block-column-is-layout-flow\">\n<figure class=\"wp-block-image size-large\"><a href=\"https:\/\/alminutonoticia.com\/noticias\/wp-content\/uploads\/2025\/10\/WhatsApp-Image-2025-10-02-at-6.19.53-AM-1-scaled.jpeg\"><img fetchpriority=\"high\" decoding=\"async\" width=\"1024\" height=\"683\" src=\"https:\/\/alminutonoticia.com\/noticias\/wp-content\/uploads\/2025\/10\/WhatsApp-Image-2025-10-02-at-6.19.53-AM-1-1024x683.jpeg\" alt=\"\" class=\"wp-image-17625\" title=\"\" srcset=\"https:\/\/alminutonoticia.com\/noticias\/wp-content\/uploads\/2025\/10\/WhatsApp-Image-2025-10-02-at-6.19.53-AM-1-1024x683.jpeg 1024w, https:\/\/alminutonoticia.com\/noticias\/wp-content\/uploads\/2025\/10\/WhatsApp-Image-2025-10-02-at-6.19.53-AM-1-300x200.jpeg 300w, https:\/\/alminutonoticia.com\/noticias\/wp-content\/uploads\/2025\/10\/WhatsApp-Image-2025-10-02-at-6.19.53-AM-1-768x512.jpeg 768w, https:\/\/alminutonoticia.com\/noticias\/wp-content\/uploads\/2025\/10\/WhatsApp-Image-2025-10-02-at-6.19.53-AM-1-1536x1024.jpeg 1536w, https:\/\/alminutonoticia.com\/noticias\/wp-content\/uploads\/2025\/10\/WhatsApp-Image-2025-10-02-at-6.19.53-AM-1-2048x1366.jpeg 2048w\" sizes=\"(max-width: 1024px) 100vw, 1024px\" \/><\/a><\/figure>\n<\/div>\n\n\n\n<div class=\"wp-block-column is-layout-flow wp-block-column-is-layout-flow\">\n<figure class=\"wp-block-image size-large\"><a href=\"https:\/\/alminutonoticia.com\/noticias\/wp-content\/uploads\/2025\/10\/WhatsApp-Image-2025-10-02-at-6.19.52-AM-scaled.jpeg\"><img decoding=\"async\" width=\"1024\" height=\"683\" src=\"https:\/\/alminutonoticia.com\/noticias\/wp-content\/uploads\/2025\/10\/WhatsApp-Image-2025-10-02-at-6.19.52-AM-1024x683.jpeg\" alt=\"\" class=\"wp-image-17626\" title=\"\" srcset=\"https:\/\/alminutonoticia.com\/noticias\/wp-content\/uploads\/2025\/10\/WhatsApp-Image-2025-10-02-at-6.19.52-AM-1024x683.jpeg 1024w, https:\/\/alminutonoticia.com\/noticias\/wp-content\/uploads\/2025\/10\/WhatsApp-Image-2025-10-02-at-6.19.52-AM-300x200.jpeg 300w, https:\/\/alminutonoticia.com\/noticias\/wp-content\/uploads\/2025\/10\/WhatsApp-Image-2025-10-02-at-6.19.52-AM-768x512.jpeg 768w, https:\/\/alminutonoticia.com\/noticias\/wp-content\/uploads\/2025\/10\/WhatsApp-Image-2025-10-02-at-6.19.52-AM-1536x1024.jpeg 1536w, https:\/\/alminutonoticia.com\/noticias\/wp-content\/uploads\/2025\/10\/WhatsApp-Image-2025-10-02-at-6.19.52-AM-2048x1366.jpeg 2048w\" sizes=\"(max-width: 1024px) 100vw, 1024px\" \/><\/a><\/figure>\n<\/div>\n<\/div>\n\n\n\n<p>En el marco de la jornada, Aixa Serrac\u00edn, Presidenta y en calidad de representante del Colegio de Contadores P\u00fablicos Autorizados de Panam\u00e1, realiz\u00f3 la juramentaci\u00f3n de los nuevos miembros que integrar\u00e1n (JTC) para el per\u00edodo 2025\u20132028. Los representantes juramentados fueron: por la Universidad de Panam\u00e1, Jorge Carranza (principal) y Serafina Mart\u00ednez (suplente); de la Asociaci\u00f3n de Contadores P\u00fablicos Autorizados de Panam\u00e1, Julio C\u00e9sar Aguirre; Asociaci\u00f3n de Mujeres Contadoras P\u00fablicas Autorizadas de Panam\u00e1, Rebeca Rangel; Movimiento de Contadores P\u00fablicos Independientes, Gil Ng; Consejo de Rectores, en representaci\u00f3n de la Universidad Santa Mar\u00eda La Antigua, Juan Collado (principal) y Fernando Aguilar (suplente); Asociaci\u00f3n de Contadores y Auditores (LACA), Marixel Guevara; y por el Ministerio de Comercio e Industrias, Rosanna Cava.<\/p>\n\n\n\n<figure class=\"wp-block-image size-large\"><a href=\"https:\/\/alminutonoticia.com\/noticias\/wp-content\/uploads\/2025\/10\/WhatsApp-Image-2025-10-02-at-6.19.53-AM-2-scaled.jpeg\"><img decoding=\"async\" width=\"1024\" height=\"683\" src=\"https:\/\/alminutonoticia.com\/noticias\/wp-content\/uploads\/2025\/10\/WhatsApp-Image-2025-10-02-at-6.19.53-AM-2-1024x683.jpeg\" alt=\"\" class=\"wp-image-17627\" title=\"\" srcset=\"https:\/\/alminutonoticia.com\/noticias\/wp-content\/uploads\/2025\/10\/WhatsApp-Image-2025-10-02-at-6.19.53-AM-2-1024x683.jpeg 1024w, https:\/\/alminutonoticia.com\/noticias\/wp-content\/uploads\/2025\/10\/WhatsApp-Image-2025-10-02-at-6.19.53-AM-2-300x200.jpeg 300w, https:\/\/alminutonoticia.com\/noticias\/wp-content\/uploads\/2025\/10\/WhatsApp-Image-2025-10-02-at-6.19.53-AM-2-768x512.jpeg 768w, https:\/\/alminutonoticia.com\/noticias\/wp-content\/uploads\/2025\/10\/WhatsApp-Image-2025-10-02-at-6.19.53-AM-2-1536x1024.jpeg 1536w, https:\/\/alminutonoticia.com\/noticias\/wp-content\/uploads\/2025\/10\/WhatsApp-Image-2025-10-02-at-6.19.53-AM-2-2048x1366.jpeg 2048w\" sizes=\"(max-width: 1024px) 100vw, 1024px\" \/><\/a><\/figure>\n\n\n\n<p>Con este acto, qued\u00f3 formalmente instalada la nueva Junta T\u00e9cnica de Contabilidad, ratificando su compromiso de velar por la actualizaci\u00f3n t\u00e9cnica, la \u00e9tica profesional y la adecuada pr\u00e1ctica de la contabilidad en Panam\u00e1, con el respaldo del Ministerio de Comercio e Industrias (MICI), que contribuye activamente al fortalecimiento institucional y al desarrollo del ejercicio contable en el pa\u00eds.<\/p>\n","protected":false},"excerpt":{"rendered":"<p>La Junta T\u00e9cnica de Contabilidad (JTC), adscrita al Ministerio de Comercio e Industrias (MICI), llev\u00f3 a cabo el acto de juramentaci\u00f3n de sus nuevos miembros para el per\u00edodo 2025\u20132028, en cumplimiento de lo dispuesto en la Ley 280 del 30 de diciembre de 2021, que regula la profesi\u00f3n de Contador P\u00fablico Autorizado en la Rep\u00fablica [&hellip;]<\/p>\n","protected":false},"author":3,"featured_media":17625,"comment_status":"open","ping_status":"open","sticky":false,"template":"","format":"standard","meta":{"footnotes":""},"categories":[36,38],"tags":[],"class_list":["post-17624","post","type-post","status-publish","format-standard","has-post-thumbnail","hentry","category-nacionales","category-economia"],"_links":{"self":[{"href":"https:\/\/alminutonoticia.com\/noticias\/wp-json\/wp\/v2\/posts\/17624","targetHints":{"allow":["GET"]}}],"collection":[{"href":"https:\/\/alminutonoticia.com\/noticias\/wp-json\/wp\/v2\/posts"}],"about":[{"href":"https:\/\/alminutonoticia.com\/noticias\/wp-json\/wp\/v2\/types\/post"}],"author":[{"embeddable":true,"href":"https:\/\/alminutonoticia.com\/noticias\/wp-json\/wp\/v2\/users\/3"}],"replies":[{"embeddable":true,"href":"https:\/\/alminutonoticia.com\/noticias\/wp-json\/wp\/v2\/comments?post=17624"}],"version-history":[{"count":1,"href":"https:\/\/alminutonoticia.com\/noticias\/wp-json\/wp\/v2\/posts\/17624\/revisions"}],"predecessor-version":[{"id":17628,"href":"https:\/\/alminutonoticia.com\/noticias\/wp-json\/wp\/v2\/posts\/17624\/revisions\/17628"}],"wp:featuredmedia":[{"embeddable":true,"href":"https:\/\/alminutonoticia.com\/noticias\/wp-json\/wp\/v2\/media\/17625"}],"wp:attachment":[{"href":"https:\/\/alminutonoticia.com\/noticias\/wp-json\/wp\/v2\/media?parent=17624"}],"wp:term":[{"taxonomy":"category","embeddable":true,"href":"https:\/\/alminutonoticia.com\/noticias\/wp-json\/wp\/v2\/categories?post=17624"},{"taxonomy":"post_tag","embeddable":true,"href":"https:\/\/alminutonoticia.com\/noticias\/wp-json\/wp\/v2\/tags?post=17624"}],"curies":[{"name":"wp","href":"https:\/\/api.w.org\/{rel}","templated":true}]}}