{"id":17619,"date":"2025-10-02T11:50:42","date_gmt":"2025-10-02T11:50:42","guid":{"rendered":"https:\/\/alminutonoticia.com\/noticias\/?p=17619"},"modified":"2025-10-02T11:53:15","modified_gmt":"2025-10-02T11:53:15","slug":"gobierno-nacional-llevara-soluciones-a-comunidades-donde-pasara-la-linea-de-interconexion-electrica-entre-panama-y-colombia","status":"publish","type":"post","link":"https:\/\/alminutonoticia.com\/noticias\/gobierno-nacional-llevara-soluciones-a-comunidades-donde-pasara-la-linea-de-interconexion-electrica-entre-panama-y-colombia\/","title":{"rendered":"Gobierno Nacional llevar\u00e1 soluciones a comunidades donde pasar\u00e1 la l\u00ednea de interconexi\u00f3n el\u00e9ctrica entre Panam\u00e1 y Colombia"},"content":{"rendered":"\n<p>Autoridades de cuatro ministerios del gabinete social y cuatro entidades estatales vinculadas al sector energ\u00eda, fueron convocadas este mi\u00e9rcoles por el ministro de la Presidencia, Juan Carlos Orillac, para participar en la primera reuni\u00f3n interinstitucional de coordinaci\u00f3n para trazar una hoja de ruta previa a la construcci\u00f3n del Proyecto de Interconexi\u00f3n El\u00e9ctrica Colombia &#8211; Panam\u00e1.<\/p>\n\n\n\n<p>Esta primera reuni\u00f3n apunta a coordinar los pr\u00f3ximos acercamientos con las comunidades ubicadas en los territorios donde pasar\u00e1 la l\u00ednea de interconexi\u00f3n el\u00e9ctrica, con el fin de &nbsp;escucharlos, identificar sus necesidades m\u00e1s apremiantes a corto plazo, y atenderlas de inmediato.<\/p>\n\n\n\n<p>Las prioridades de las comunidades se concentran en los sectores de salud, educaci\u00f3n, infraestructura y electricidad.<\/p>\n\n\n\n<p>En la reuni\u00f3n estuvieron presentes los ministros de Ambiente (encargado), Oscar Vallarino; de Salud, Fernando Boyd Galindo; de Obras P\u00fablicas, Jos\u00e9 Luis Andrade; y la viceministra de Asuntos Ind\u00edgenas del Ministerio de Gobierno, Doris Bill.<br>Igualmente atendieron a la convocatoria el Secretario Nacional de Energ\u00eda, Rodrigo Roddr\u00edguez; el gerente general de la Empresa de Transmisi\u00f3n El\u00e9ctrica S.A. (Etesa), Roy Morales; la Administradora General de la Autoridad de los Servicios P\u00fablicos (Asep), Zelmar Rodr\u00edguez; y el director ejecutivo de la Oficina de Electrificaci\u00f3n Rural (OER), Antonio Cl\u00e9ment.<br>\u00abEl gobierno del presidente Jos\u00e9 Ra\u00fal Mulino tiene todo el inter\u00e9s de seguir apoyando a las comarcas en los proyectos, e integrarlos a las obras del gobierno\u00bb, expres\u00f3 durante la reuni\u00f3n el ministro Orillac.<\/p>\n\n\n\n<p>\u00abQueremos que las comunidades sientan la mano del gobierno de antemano. No se trata s\u00f3lo de definir el esquema de lo que se puede hacer por las comunidades, sino tambi\u00e9n darles mantenimiento a esas obras. Adem\u00e1s, hacerles saber que la instalaci\u00f3n de las torres de la l\u00ednea de interconexi\u00f3n puede generar empleo en esas \u00e1reas\u00bb, aclar\u00f3.<br>Las autoridades acordaron crear una mesa de trabajo, con persona asignado para acercarse a las comunidades. Estas mesas de trabajo tendr\u00e1n reuniones quincenales.<\/p>\n\n\n\n<div class=\"wp-block-columns is-layout-flex wp-container-core-columns-is-layout-28f84493 wp-block-columns-is-layout-flex\">\n<div class=\"wp-block-column is-layout-flow wp-block-column-is-layout-flow\">\n<figure class=\"wp-block-image size-large\"><a href=\"https:\/\/alminutonoticia.com\/noticias\/wp-content\/uploads\/2025\/10\/WhatsApp-Image-2025-10-01-at-6.09.54-PM-1.jpeg\"><img fetchpriority=\"high\" decoding=\"async\" width=\"1024\" height=\"683\" src=\"https:\/\/alminutonoticia.com\/noticias\/wp-content\/uploads\/2025\/10\/WhatsApp-Image-2025-10-01-at-6.09.54-PM-1-1024x683.jpeg\" alt=\"\" class=\"wp-image-17620\" title=\"\" srcset=\"https:\/\/alminutonoticia.com\/noticias\/wp-content\/uploads\/2025\/10\/WhatsApp-Image-2025-10-01-at-6.09.54-PM-1-1024x683.jpeg 1024w, https:\/\/alminutonoticia.com\/noticias\/wp-content\/uploads\/2025\/10\/WhatsApp-Image-2025-10-01-at-6.09.54-PM-1-300x200.jpeg 300w, https:\/\/alminutonoticia.com\/noticias\/wp-content\/uploads\/2025\/10\/WhatsApp-Image-2025-10-01-at-6.09.54-PM-1-768x512.jpeg 768w, https:\/\/alminutonoticia.com\/noticias\/wp-content\/uploads\/2025\/10\/WhatsApp-Image-2025-10-01-at-6.09.54-PM-1-1536x1024.jpeg 1536w, https:\/\/alminutonoticia.com\/noticias\/wp-content\/uploads\/2025\/10\/WhatsApp-Image-2025-10-01-at-6.09.54-PM-1.jpeg 1599w\" sizes=\"(max-width: 1024px) 100vw, 1024px\" \/><\/a><\/figure>\n<\/div>\n\n\n\n<div class=\"wp-block-column is-layout-flow wp-block-column-is-layout-flow\">\n<figure class=\"wp-block-image size-large\"><a href=\"https:\/\/alminutonoticia.com\/noticias\/wp-content\/uploads\/2025\/10\/WhatsApp-Image-2025-10-01-at-6.09.54-PM.jpeg\"><img decoding=\"async\" width=\"1024\" height=\"683\" src=\"https:\/\/alminutonoticia.com\/noticias\/wp-content\/uploads\/2025\/10\/WhatsApp-Image-2025-10-01-at-6.09.54-PM-1024x683.jpeg\" alt=\"\" class=\"wp-image-17621\" title=\"\" srcset=\"https:\/\/alminutonoticia.com\/noticias\/wp-content\/uploads\/2025\/10\/WhatsApp-Image-2025-10-01-at-6.09.54-PM-1024x683.jpeg 1024w, https:\/\/alminutonoticia.com\/noticias\/wp-content\/uploads\/2025\/10\/WhatsApp-Image-2025-10-01-at-6.09.54-PM-300x200.jpeg 300w, https:\/\/alminutonoticia.com\/noticias\/wp-content\/uploads\/2025\/10\/WhatsApp-Image-2025-10-01-at-6.09.54-PM-768x512.jpeg 768w, https:\/\/alminutonoticia.com\/noticias\/wp-content\/uploads\/2025\/10\/WhatsApp-Image-2025-10-01-at-6.09.54-PM-1536x1024.jpeg 1536w, https:\/\/alminutonoticia.com\/noticias\/wp-content\/uploads\/2025\/10\/WhatsApp-Image-2025-10-01-at-6.09.54-PM.jpeg 1599w\" sizes=\"(max-width: 1024px) 100vw, 1024px\" \/><\/a><\/figure>\n<\/div>\n<\/div>\n\n\n\n<p>La L\u00ednea de Interconexi\u00f3n El\u00e9ctrica Colombia &#8211; Panam\u00e1 se extender\u00e1 por 500 kil\u00f3metros, y se estima que tendr\u00e1 capacidad de transportar 400 megavatios (MW) de energ\u00eda.<\/p>\n\n\n\n<p>Por el lado de Panam\u00e1, la ruta de la l\u00ednea inicia en la ciudad capital, pasa por las tierras colectivas de Alto Bayano hasta Agua Fr\u00eda, luego atraviesa la Comarca Guna Wargandi y llega a Mulatupu en la Comarca Guna Yala.<\/p>\n\n\n\n<p>De ah\u00ed inicia un tramo submarino por el mar Caribe que pasa de aguas territoriales paname\u00f1as a colombianas, para volver a tocar tierra en Necocl\u00ed.<\/p>\n\n\n\n<p>El inicio de construcci\u00f3n se tiene previsto para el segundo semestre del a\u00f1o 2026, y su culminaci\u00f3n para el primer semestre de 2029.<\/p>\n\n\n\n<figure class=\"wp-block-image size-large\"><a href=\"https:\/\/alminutonoticia.com\/noticias\/wp-content\/uploads\/2025\/10\/WhatsApp-Image-2025-10-01-at-6.09.54-PM-2.jpeg\"><img decoding=\"async\" width=\"1024\" height=\"683\" src=\"https:\/\/alminutonoticia.com\/noticias\/wp-content\/uploads\/2025\/10\/WhatsApp-Image-2025-10-01-at-6.09.54-PM-2-1024x683.jpeg\" alt=\"\" class=\"wp-image-17622\" title=\"\" srcset=\"https:\/\/alminutonoticia.com\/noticias\/wp-content\/uploads\/2025\/10\/WhatsApp-Image-2025-10-01-at-6.09.54-PM-2-1024x683.jpeg 1024w, https:\/\/alminutonoticia.com\/noticias\/wp-content\/uploads\/2025\/10\/WhatsApp-Image-2025-10-01-at-6.09.54-PM-2-300x200.jpeg 300w, https:\/\/alminutonoticia.com\/noticias\/wp-content\/uploads\/2025\/10\/WhatsApp-Image-2025-10-01-at-6.09.54-PM-2-768x512.jpeg 768w, https:\/\/alminutonoticia.com\/noticias\/wp-content\/uploads\/2025\/10\/WhatsApp-Image-2025-10-01-at-6.09.54-PM-2-1536x1024.jpeg 1536w, https:\/\/alminutonoticia.com\/noticias\/wp-content\/uploads\/2025\/10\/WhatsApp-Image-2025-10-01-at-6.09.54-PM-2.jpeg 1599w\" sizes=\"(max-width: 1024px) 100vw, 1024px\" \/><\/a><\/figure>\n\n\n\n<p>De acuerdo con la Secretar\u00eda Nacional de Energ\u00eda, este proyecto fortalecer\u00e1 la integraci\u00f3n energ\u00e9tica nacional, generar\u00e1 beneficios econ\u00f3micos, sociales y ambientales para Panam\u00e1, y llevar\u00e1 electricidad a comunidades hist\u00f3ricamente excluidas de la red.<\/p>\n\n\n\n<p>El presidente Mulino recibi\u00f3 en marzo de 2025 a su hom\u00f3logo colombiano, Gustavo Petro, y luego de una reuni\u00f3n en el Palacio de las Garzas, aprobaron una declaraci\u00f3n conjunta en la que se incluy\u00f3 asumir el compromiso de priorizar el proyecto de interconexi\u00f3n el\u00e9ctrica.<\/p>\n","protected":false},"excerpt":{"rendered":"<p>Autoridades de cuatro ministerios del gabinete social y cuatro entidades estatales vinculadas al sector energ\u00eda, fueron convocadas este mi\u00e9rcoles por el ministro de la Presidencia, Juan Carlos Orillac, para participar en la primera reuni\u00f3n interinstitucional de coordinaci\u00f3n para trazar una hoja de ruta previa a la construcci\u00f3n del Proyecto de Interconexi\u00f3n El\u00e9ctrica Colombia &#8211; Panam\u00e1. [&hellip;]<\/p>\n","protected":false},"author":3,"featured_media":17620,"comment_status":"open","ping_status":"open","sticky":false,"template":"","format":"standard","meta":{"footnotes":""},"categories":[36],"tags":[],"class_list":["post-17619","post","type-post","status-publish","format-standard","has-post-thumbnail","hentry","category-nacionales"],"_links":{"self":[{"href":"https:\/\/alminutonoticia.com\/noticias\/wp-json\/wp\/v2\/posts\/17619","targetHints":{"allow":["GET"]}}],"collection":[{"href":"https:\/\/alminutonoticia.com\/noticias\/wp-json\/wp\/v2\/posts"}],"about":[{"href":"https:\/\/alminutonoticia.com\/noticias\/wp-json\/wp\/v2\/types\/post"}],"author":[{"embeddable":true,"href":"https:\/\/alminutonoticia.com\/noticias\/wp-json\/wp\/v2\/users\/3"}],"replies":[{"embeddable":true,"href":"https:\/\/alminutonoticia.com\/noticias\/wp-json\/wp\/v2\/comments?post=17619"}],"version-history":[{"count":1,"href":"https:\/\/alminutonoticia.com\/noticias\/wp-json\/wp\/v2\/posts\/17619\/revisions"}],"predecessor-version":[{"id":17623,"href":"https:\/\/alminutonoticia.com\/noticias\/wp-json\/wp\/v2\/posts\/17619\/revisions\/17623"}],"wp:featuredmedia":[{"embeddable":true,"href":"https:\/\/alminutonoticia.com\/noticias\/wp-json\/wp\/v2\/media\/17620"}],"wp:attachment":[{"href":"https:\/\/alminutonoticia.com\/noticias\/wp-json\/wp\/v2\/media?parent=17619"}],"wp:term":[{"taxonomy":"category","embeddable":true,"href":"https:\/\/alminutonoticia.com\/noticias\/wp-json\/wp\/v2\/categories?post=17619"},{"taxonomy":"post_tag","embeddable":true,"href":"https:\/\/alminutonoticia.com\/noticias\/wp-json\/wp\/v2\/tags?post=17619"}],"curies":[{"name":"wp","href":"https:\/\/api.w.org\/{rel}","templated":true}]}}