{"id":17613,"date":"2025-10-02T11:38:30","date_gmt":"2025-10-02T11:38:30","guid":{"rendered":"https:\/\/alminutonoticia.com\/noticias\/?p=17613"},"modified":"2025-10-02T11:39:10","modified_gmt":"2025-10-02T11:39:10","slug":"mas-de-70-mujeres-fortalecen-su-liderazgo-en-el-taller-mujer-imparable-impulsado-por-el-mici","status":"publish","type":"post","link":"https:\/\/alminutonoticia.com\/noticias\/mas-de-70-mujeres-fortalecen-su-liderazgo-en-el-taller-mujer-imparable-impulsado-por-el-mici\/","title":{"rendered":"M\u00e1s de 70 mujeres fortalecen su liderazgo en el taller \u201cMujer Imparable\u201d impulsado por el MICI"},"content":{"rendered":"\n<p>Con el firme compromiso de promover el empoderamiento femenino y fomentar un liderazgo inclusivo, el Ministerio de Comercio e Industrias (MICI) organiz\u00f3 con gran \u00e9xito el taller \u201cMujer Imparable: Activa tu poder, transforma tu vida, lidera con prop\u00f3sito\u201d, que reuni\u00f3 a m\u00e1s de 70 mujeres decididas a fortalecer sus habilidades personales y profesionales en una jornada llena de inspiraci\u00f3n, aprendizaje y conexi\u00f3n.<\/p>\n\n\n\n<p>Este evento, que forma parte de las acciones del Programa Nacional de Competitividad Industrial impulsado por el MICI, reafirma el compromiso del ministerio con el impulso de la igualdad de oportunidades y apoyar a las mujeres emprendedoras y l\u00edderes en diversos sectores.<\/p>\n\n\n\n<p>La apertura estuvo a cargo de Yahanys Y\u00e1ng\u00fcez, directora general de Industrias, quien destac\u00f3 la importancia del liderazgo femenino para el desarrollo econ\u00f3mico y social del pa\u00eds. Por otro lado, la empresaria Mary Quintero, creadora de la marca UnderCover Boots, comparti\u00f3 su inspiradora trayectoria, motivando a las participantes a innovar y perseguir sus sue\u00f1os con pasi\u00f3n.<\/p>\n\n\n\n<div class=\"wp-block-columns is-layout-flex wp-container-core-columns-is-layout-28f84493 wp-block-columns-is-layout-flex\">\n<div class=\"wp-block-column is-layout-flow wp-block-column-is-layout-flow\">\n<figure class=\"wp-block-image size-large\"><a href=\"https:\/\/alminutonoticia.com\/noticias\/wp-content\/uploads\/2025\/10\/WhatsApp-Image-2025-10-02-at-6.19.39-AM.jpeg\"><img fetchpriority=\"high\" decoding=\"async\" width=\"1024\" height=\"682\" src=\"https:\/\/alminutonoticia.com\/noticias\/wp-content\/uploads\/2025\/10\/WhatsApp-Image-2025-10-02-at-6.19.39-AM-1024x682.jpeg\" alt=\"\" class=\"wp-image-17614\" title=\"\" srcset=\"https:\/\/alminutonoticia.com\/noticias\/wp-content\/uploads\/2025\/10\/WhatsApp-Image-2025-10-02-at-6.19.39-AM-1024x682.jpeg 1024w, https:\/\/alminutonoticia.com\/noticias\/wp-content\/uploads\/2025\/10\/WhatsApp-Image-2025-10-02-at-6.19.39-AM-300x200.jpeg 300w, https:\/\/alminutonoticia.com\/noticias\/wp-content\/uploads\/2025\/10\/WhatsApp-Image-2025-10-02-at-6.19.39-AM-768x512.jpeg 768w, https:\/\/alminutonoticia.com\/noticias\/wp-content\/uploads\/2025\/10\/WhatsApp-Image-2025-10-02-at-6.19.39-AM-1536x1024.jpeg 1536w, https:\/\/alminutonoticia.com\/noticias\/wp-content\/uploads\/2025\/10\/WhatsApp-Image-2025-10-02-at-6.19.39-AM-2048x1365.jpeg 2048w\" sizes=\"(max-width: 1024px) 100vw, 1024px\" \/><\/a><\/figure>\n<\/div>\n\n\n\n<div class=\"wp-block-column is-layout-flow wp-block-column-is-layout-flow\">\n<figure class=\"wp-block-image size-large\"><a href=\"https:\/\/alminutonoticia.com\/noticias\/wp-content\/uploads\/2025\/10\/WhatsApp-Image-2025-10-02-at-6.19.38-AM.jpeg\"><img decoding=\"async\" width=\"1024\" height=\"682\" src=\"https:\/\/alminutonoticia.com\/noticias\/wp-content\/uploads\/2025\/10\/WhatsApp-Image-2025-10-02-at-6.19.38-AM-1024x682.jpeg\" alt=\"\" class=\"wp-image-17615\" title=\"\" srcset=\"https:\/\/alminutonoticia.com\/noticias\/wp-content\/uploads\/2025\/10\/WhatsApp-Image-2025-10-02-at-6.19.38-AM-1024x682.jpeg 1024w, https:\/\/alminutonoticia.com\/noticias\/wp-content\/uploads\/2025\/10\/WhatsApp-Image-2025-10-02-at-6.19.38-AM-300x200.jpeg 300w, https:\/\/alminutonoticia.com\/noticias\/wp-content\/uploads\/2025\/10\/WhatsApp-Image-2025-10-02-at-6.19.38-AM-768x512.jpeg 768w, https:\/\/alminutonoticia.com\/noticias\/wp-content\/uploads\/2025\/10\/WhatsApp-Image-2025-10-02-at-6.19.38-AM-1536x1024.jpeg 1536w, https:\/\/alminutonoticia.com\/noticias\/wp-content\/uploads\/2025\/10\/WhatsApp-Image-2025-10-02-at-6.19.38-AM-2048x1365.jpeg 2048w\" sizes=\"(max-width: 1024px) 100vw, 1024px\" \/><\/a><\/figure>\n<\/div>\n<\/div>\n\n\n\n<p>Adem\u00e1s, la abogada Vanessa Degracia, de BINNS, DEGRACIA &amp; ASOCIADOS, ofreci\u00f3 una valiosa charla sobre el marco legal para peque\u00f1as empresas, brindando herramientas pr\u00e1cticas para fortalecer los emprendimientos femeninos.<\/p>\n\n\n\n<p>Un punto culminante del taller fue el panel \u201cEmpresarias que lideran con prop\u00f3sito\u201d, donde figuras como la presentadora Ruddy Rodr\u00edguez, la chef Edna Coch\u00e9z, la emprendedora Priscilla Destreno y la dise\u00f1adora de moda Jochebec Arjona compartieron sus experiencias de resiliencia y \u00e9xito, inspirando a todas las asistentes.<\/p>\n\n\n\n<div class=\"wp-block-columns is-layout-flex wp-container-core-columns-is-layout-28f84493 wp-block-columns-is-layout-flex\">\n<div class=\"wp-block-column is-layout-flow wp-block-column-is-layout-flow\">\n<figure class=\"wp-block-image size-large\"><a href=\"https:\/\/alminutonoticia.com\/noticias\/wp-content\/uploads\/2025\/10\/WhatsApp-Image-2025-10-02-at-6.19.39-AM-1.jpeg\"><img decoding=\"async\" width=\"1024\" height=\"682\" src=\"https:\/\/alminutonoticia.com\/noticias\/wp-content\/uploads\/2025\/10\/WhatsApp-Image-2025-10-02-at-6.19.39-AM-1-1024x682.jpeg\" alt=\"\" class=\"wp-image-17616\" title=\"\" srcset=\"https:\/\/alminutonoticia.com\/noticias\/wp-content\/uploads\/2025\/10\/WhatsApp-Image-2025-10-02-at-6.19.39-AM-1-1024x682.jpeg 1024w, https:\/\/alminutonoticia.com\/noticias\/wp-content\/uploads\/2025\/10\/WhatsApp-Image-2025-10-02-at-6.19.39-AM-1-300x200.jpeg 300w, https:\/\/alminutonoticia.com\/noticias\/wp-content\/uploads\/2025\/10\/WhatsApp-Image-2025-10-02-at-6.19.39-AM-1-768x512.jpeg 768w, https:\/\/alminutonoticia.com\/noticias\/wp-content\/uploads\/2025\/10\/WhatsApp-Image-2025-10-02-at-6.19.39-AM-1-1536x1024.jpeg 1536w, https:\/\/alminutonoticia.com\/noticias\/wp-content\/uploads\/2025\/10\/WhatsApp-Image-2025-10-02-at-6.19.39-AM-1-2048x1365.jpeg 2048w\" sizes=\"(max-width: 1024px) 100vw, 1024px\" \/><\/a><\/figure>\n<\/div>\n\n\n\n<div class=\"wp-block-column is-layout-flow wp-block-column-is-layout-flow\">\n<figure class=\"wp-block-image size-large\"><a href=\"https:\/\/alminutonoticia.com\/noticias\/wp-content\/uploads\/2025\/10\/WhatsApp-Image-2025-10-02-at-6.19.39-AM-2.jpeg\"><img loading=\"lazy\" decoding=\"async\" width=\"1024\" height=\"682\" src=\"https:\/\/alminutonoticia.com\/noticias\/wp-content\/uploads\/2025\/10\/WhatsApp-Image-2025-10-02-at-6.19.39-AM-2-1024x682.jpeg\" alt=\"\" class=\"wp-image-17617\" title=\"\" srcset=\"https:\/\/alminutonoticia.com\/noticias\/wp-content\/uploads\/2025\/10\/WhatsApp-Image-2025-10-02-at-6.19.39-AM-2-1024x682.jpeg 1024w, https:\/\/alminutonoticia.com\/noticias\/wp-content\/uploads\/2025\/10\/WhatsApp-Image-2025-10-02-at-6.19.39-AM-2-300x200.jpeg 300w, https:\/\/alminutonoticia.com\/noticias\/wp-content\/uploads\/2025\/10\/WhatsApp-Image-2025-10-02-at-6.19.39-AM-2-768x512.jpeg 768w, https:\/\/alminutonoticia.com\/noticias\/wp-content\/uploads\/2025\/10\/WhatsApp-Image-2025-10-02-at-6.19.39-AM-2-1536x1024.jpeg 1536w, https:\/\/alminutonoticia.com\/noticias\/wp-content\/uploads\/2025\/10\/WhatsApp-Image-2025-10-02-at-6.19.39-AM-2-2048x1365.jpeg 2048w\" sizes=\"(max-width: 1024px) 100vw, 1024px\" \/><\/a><\/figure>\n<\/div>\n<\/div>\n\n\n\n<p>Igualmente, la reconocida asesora de talentos, Zuleyka Barrios, lider\u00f3 din\u00e1micas interactivas que fomentaron la integraci\u00f3n, el autoconocimiento y el desarrollo de habilidades de liderazgo, fortaleciendo no solo el conocimiento, sino tambi\u00e9n el sentido de sororidad y prop\u00f3sito colectivo.<\/p>\n\n\n\n<p>El taller \u201cMujer Imparable\u201d no solo fortaleci\u00f3 la formaci\u00f3n de l\u00edderes femeninas, sino que tambi\u00e9n contribuy\u00f3 a sentar las bases para un Panam\u00e1 m\u00e1s competitivo e inclusivo.<\/p>\n","protected":false},"excerpt":{"rendered":"<p>Con el firme compromiso de promover el empoderamiento femenino y fomentar un liderazgo inclusivo, el Ministerio de Comercio e Industrias (MICI) organiz\u00f3 con gran \u00e9xito el taller \u201cMujer Imparable: Activa tu poder, transforma tu vida, lidera con prop\u00f3sito\u201d, que reuni\u00f3 a m\u00e1s de 70 mujeres decididas a fortalecer sus habilidades personales y profesionales en una [&hellip;]<\/p>\n","protected":false},"author":3,"featured_media":17616,"comment_status":"open","ping_status":"open","sticky":false,"template":"","format":"standard","meta":{"footnotes":""},"categories":[36],"tags":[],"class_list":["post-17613","post","type-post","status-publish","format-standard","has-post-thumbnail","hentry","category-nacionales"],"_links":{"self":[{"href":"https:\/\/alminutonoticia.com\/noticias\/wp-json\/wp\/v2\/posts\/17613","targetHints":{"allow":["GET"]}}],"collection":[{"href":"https:\/\/alminutonoticia.com\/noticias\/wp-json\/wp\/v2\/posts"}],"about":[{"href":"https:\/\/alminutonoticia.com\/noticias\/wp-json\/wp\/v2\/types\/post"}],"author":[{"embeddable":true,"href":"https:\/\/alminutonoticia.com\/noticias\/wp-json\/wp\/v2\/users\/3"}],"replies":[{"embeddable":true,"href":"https:\/\/alminutonoticia.com\/noticias\/wp-json\/wp\/v2\/comments?post=17613"}],"version-history":[{"count":1,"href":"https:\/\/alminutonoticia.com\/noticias\/wp-json\/wp\/v2\/posts\/17613\/revisions"}],"predecessor-version":[{"id":17618,"href":"https:\/\/alminutonoticia.com\/noticias\/wp-json\/wp\/v2\/posts\/17613\/revisions\/17618"}],"wp:featuredmedia":[{"embeddable":true,"href":"https:\/\/alminutonoticia.com\/noticias\/wp-json\/wp\/v2\/media\/17616"}],"wp:attachment":[{"href":"https:\/\/alminutonoticia.com\/noticias\/wp-json\/wp\/v2\/media?parent=17613"}],"wp:term":[{"taxonomy":"category","embeddable":true,"href":"https:\/\/alminutonoticia.com\/noticias\/wp-json\/wp\/v2\/categories?post=17613"},{"taxonomy":"post_tag","embeddable":true,"href":"https:\/\/alminutonoticia.com\/noticias\/wp-json\/wp\/v2\/tags?post=17613"}],"curies":[{"name":"wp","href":"https:\/\/api.w.org\/{rel}","templated":true}]}}