{"id":17608,"date":"2025-10-02T11:25:03","date_gmt":"2025-10-02T11:25:03","guid":{"rendered":"https:\/\/alminutonoticia.com\/noticias\/?p=17608"},"modified":"2025-10-02T11:29:06","modified_gmt":"2025-10-02T11:29:06","slug":"juan-carlos-navarro-asume-la-presidencia-del-foro-de-ministras-y-ministros-de-medio-ambiente-de-america-latina-y-el-caribe-para-el-periodo-2025-2027","status":"publish","type":"post","link":"https:\/\/alminutonoticia.com\/noticias\/juan-carlos-navarro-asume-la-presidencia-del-foro-de-ministras-y-ministros-de-medio-ambiente-de-america-latina-y-el-caribe-para-el-periodo-2025-2027\/","title":{"rendered":"Juan Carlos Navarro asume la Presidencia del Foro de Ministras y Ministros de Medio Ambiente de Am\u00e9rica Latina y el Caribe para el per\u00edodo 2025\u20132027"},"content":{"rendered":"\n<p>Juan Carlos Navarro, ministro de Ambiente de Panam\u00e1, fue electo por consenso como Presidente del Foro de Ministras y Ministros de Medio Ambiente de Am\u00e9rica Latina y el Caribe para el periodo 2025\u20132027, en el marco de su XXIV reuni\u00f3n que se celebra esta semana en Lima, Per\u00fa.<\/p>\n\n\n\n<p>El Foro, que re\u00fane a representantes de 33 pa\u00edses de la regi\u00f3n, es el principal espacio de di\u00e1logo y cooperaci\u00f3n ambiental de alto nivel, donde se definen prioridades comunes y se coordinan esfuerzos frente a los retos ambientales regionales y globales compartidos.<\/p>\n\n\n\n<p>Tras su elecci\u00f3n, Navarro afirm\u00f3 que \u201cPanam\u00e1 llega a esta Presidencia con la convicci\u00f3n de que la regi\u00f3n no puede seguir perdiendo bosques, ni perdiendo especies \u00fanicas en el mundo, ni contaminando sus r\u00edos, ni destruyendo sus pesquer\u00edas y oc\u00e9anos. Ni tampoco podemos seguir trabajando con agendas fragmentadas. Nuestro compromiso es demostrar que la conservaci\u00f3n y protecci\u00f3n efectiva de nuestra herencia natural en el terreno es el camino urgente a seguir. Y que, en paralelo, la integraci\u00f3n es la \u00fanica v\u00eda para responder con eficacia a la crisis ambiental que amenaza a nuestras vidas y a nuestras comunidades, para as\u00ed construir un futuro m\u00e1s justo y resiliente para nuestros pueblos.\u201d<\/p>\n\n\n\n<figure class=\"wp-block-image size-large\"><a href=\"https:\/\/alminutonoticia.com\/noticias\/wp-content\/uploads\/2025\/10\/WhatsApp-Image-2025-10-01-at-3.28.56-PM.jpeg\"><img fetchpriority=\"high\" decoding=\"async\" width=\"1024\" height=\"682\" src=\"https:\/\/alminutonoticia.com\/noticias\/wp-content\/uploads\/2025\/10\/WhatsApp-Image-2025-10-01-at-3.28.56-PM-1024x682.jpeg\" alt=\"\" class=\"wp-image-17609\" title=\"\" srcset=\"https:\/\/alminutonoticia.com\/noticias\/wp-content\/uploads\/2025\/10\/WhatsApp-Image-2025-10-01-at-3.28.56-PM-1024x682.jpeg 1024w, https:\/\/alminutonoticia.com\/noticias\/wp-content\/uploads\/2025\/10\/WhatsApp-Image-2025-10-01-at-3.28.56-PM-300x200.jpeg 300w, https:\/\/alminutonoticia.com\/noticias\/wp-content\/uploads\/2025\/10\/WhatsApp-Image-2025-10-01-at-3.28.56-PM-768x512.jpeg 768w, https:\/\/alminutonoticia.com\/noticias\/wp-content\/uploads\/2025\/10\/WhatsApp-Image-2025-10-01-at-3.28.56-PM.jpeg 1280w\" sizes=\"(max-width: 1024px) 100vw, 1024px\" \/><\/a><\/figure>\n\n\n\n<p>La designaci\u00f3n de Panam\u00e1 cobra especial relevancia en un momento en que la regi\u00f3n busca soluciones reales e integrales. Panam\u00e1 es pionero en enfocarse en la conservaci\u00f3n urgente y efectiva en el terreno, mientras que simult\u00e1neamente crea garant\u00edas de financiamiento a mediano y largo plazo, como el Fondo Panam\u00e1 Natural. Por otro lado, a a nivel internacional, Panam\u00e1 propone unificar las agendas de cambio clim\u00e1tico, biodiversidad, degradaci\u00f3n de tierras, oc\u00e9anos y pl\u00e1sticos bajo un solo marco: el Nature Pledge.<\/p>\n\n\n\n<p>De esta forma Panam\u00e1 demuestra que es posible transformar compromisos globales en acciones nacionales concretas e inmediatas: Este enfoque innovador ser\u00e1 la br\u00fajula de la Presidencia paname\u00f1a de este Foro Ministerial de Am\u00e9rica Latina y el Caribe.<\/p>\n\n\n\n<p>Hoy durante la reuni\u00f3n en Lima se abordaron asuntos de alta relevancia, incluyendo la lucha contra la contaminaci\u00f3n, la urgencia de frenar la deforestaci\u00f3n, promover la acci\u00f3n clim\u00e1tica, la restauraci\u00f3n de \u00e1reas degradadas, la protecci\u00f3n de la biodiversidad, la igualdad de g\u00e9nero en la gesti\u00f3n ambiental, la educaci\u00f3n ambiental y el consumo y la producci\u00f3n sostenibles. Estos debates son fundamentales para construir las posiciones consensuadas que Am\u00e9rica Latina y el Caribe proponen llevar a la pr\u00f3xima Asamblea de las Naciones Unidas para el Medio Ambiente (UNEA-7), que se celebrar\u00e1 en Nairobi, Kenia, del 8 al 12 de diciembre de 2025.<\/p>\n\n\n\n<figure class=\"wp-block-image size-large\"><a href=\"https:\/\/alminutonoticia.com\/noticias\/wp-content\/uploads\/2025\/10\/WhatsApp-Image-2025-10-01-at-3.28.56-PM-1.jpeg\"><img decoding=\"async\" width=\"1024\" height=\"502\" src=\"https:\/\/alminutonoticia.com\/noticias\/wp-content\/uploads\/2025\/10\/WhatsApp-Image-2025-10-01-at-3.28.56-PM-1-1024x502.jpeg\" alt=\"\" class=\"wp-image-17610\" title=\"\" srcset=\"https:\/\/alminutonoticia.com\/noticias\/wp-content\/uploads\/2025\/10\/WhatsApp-Image-2025-10-01-at-3.28.56-PM-1-1024x502.jpeg 1024w, https:\/\/alminutonoticia.com\/noticias\/wp-content\/uploads\/2025\/10\/WhatsApp-Image-2025-10-01-at-3.28.56-PM-1-300x147.jpeg 300w, https:\/\/alminutonoticia.com\/noticias\/wp-content\/uploads\/2025\/10\/WhatsApp-Image-2025-10-01-at-3.28.56-PM-1-768x377.jpeg 768w, https:\/\/alminutonoticia.com\/noticias\/wp-content\/uploads\/2025\/10\/WhatsApp-Image-2025-10-01-at-3.28.56-PM-1.jpeg 1280w\" sizes=\"(max-width: 1024px) 100vw, 1024px\" \/><\/a><\/figure>\n\n\n\n<p>La Mesa Directiva del Foro est\u00e1 conformada por ocho miembros, que representan a las cuatro subregiones de Am\u00e9rica Latina y el Caribe, y tiene el mandato de coordinar la voluntad pol\u00edtica de los pa\u00edses para afianzar la cooperaci\u00f3n regional en la protecci\u00f3n del medio ambiente.<\/p>\n\n\n\n<p>Al asumir la presidencia, Panam\u00e1 propuso al Foro enfocar esfuerzos en la conservaci\u00f3n real y efectiva en el terreno, en garantizar la protecci\u00f3n real de la extraordinaria biodiversidad de la regi\u00f3n, en frenar la contaminaci\u00f3n, en dinamizar la cooperaci\u00f3n regional, impulsar pol\u00edticas ambientales m\u00e1s ambiciosas y reafirmar el papel de Am\u00e9rica Latina y el Caribe como un bloque con voz unida y liderazgo global en sostenibilidad.<\/p>\n","protected":false},"excerpt":{"rendered":"<p>Juan Carlos Navarro, ministro de Ambiente de Panam\u00e1, fue electo por consenso como Presidente del Foro de Ministras y Ministros de Medio Ambiente de Am\u00e9rica Latina y el Caribe para el periodo 2025\u20132027, en el marco de su XXIV reuni\u00f3n que se celebra esta semana en Lima, Per\u00fa. El Foro, que re\u00fane a representantes de [&hellip;]<\/p>\n","protected":false},"author":3,"featured_media":17610,"comment_status":"open","ping_status":"open","sticky":false,"template":"","format":"standard","meta":{"footnotes":""},"categories":[36,42],"tags":[],"class_list":["post-17608","post","type-post","status-publish","format-standard","has-post-thumbnail","hentry","category-nacionales","category-ambiente"],"_links":{"self":[{"href":"https:\/\/alminutonoticia.com\/noticias\/wp-json\/wp\/v2\/posts\/17608","targetHints":{"allow":["GET"]}}],"collection":[{"href":"https:\/\/alminutonoticia.com\/noticias\/wp-json\/wp\/v2\/posts"}],"about":[{"href":"https:\/\/alminutonoticia.com\/noticias\/wp-json\/wp\/v2\/types\/post"}],"author":[{"embeddable":true,"href":"https:\/\/alminutonoticia.com\/noticias\/wp-json\/wp\/v2\/users\/3"}],"replies":[{"embeddable":true,"href":"https:\/\/alminutonoticia.com\/noticias\/wp-json\/wp\/v2\/comments?post=17608"}],"version-history":[{"count":1,"href":"https:\/\/alminutonoticia.com\/noticias\/wp-json\/wp\/v2\/posts\/17608\/revisions"}],"predecessor-version":[{"id":17611,"href":"https:\/\/alminutonoticia.com\/noticias\/wp-json\/wp\/v2\/posts\/17608\/revisions\/17611"}],"wp:featuredmedia":[{"embeddable":true,"href":"https:\/\/alminutonoticia.com\/noticias\/wp-json\/wp\/v2\/media\/17610"}],"wp:attachment":[{"href":"https:\/\/alminutonoticia.com\/noticias\/wp-json\/wp\/v2\/media?parent=17608"}],"wp:term":[{"taxonomy":"category","embeddable":true,"href":"https:\/\/alminutonoticia.com\/noticias\/wp-json\/wp\/v2\/categories?post=17608"},{"taxonomy":"post_tag","embeddable":true,"href":"https:\/\/alminutonoticia.com\/noticias\/wp-json\/wp\/v2\/tags?post=17608"}],"curies":[{"name":"wp","href":"https:\/\/api.w.org\/{rel}","templated":true}]}}