{"id":17602,"date":"2025-10-02T11:22:12","date_gmt":"2025-10-02T11:22:12","guid":{"rendered":"https:\/\/alminutonoticia.com\/noticias\/?p=17602"},"modified":"2025-10-02T11:23:22","modified_gmt":"2025-10-02T11:23:22","slug":"panama-fortalece-su-liderazgo-cultural-en-el-mundo","status":"publish","type":"post","link":"https:\/\/alminutonoticia.com\/noticias\/panama-fortalece-su-liderazgo-cultural-en-el-mundo\/","title":{"rendered":"Panam\u00e1 fortalece su liderazgo cultural en el mundo"},"content":{"rendered":"\n<p>Panam\u00e1 tuvo una participaci\u00f3n destacada en la Conferencia Mundial de la UNESCO sobre Pol\u00edticas Culturales y Desarrollo Sostenible MONDIACULT 2025 en la Ciudad de Barcelona, consolidando su papel como referente regional en la articulaci\u00f3n de pol\u00edticas culturales vinculadas al desarrollo sostenible, la paz, la educaci\u00f3n y la acci\u00f3n clim\u00e1tica.<\/p>\n\n\n\n<p>En su calidad de Presidencia Pro Tempore del Consejo de Ministras y Ministros de Cultura del Sistema de la Integraci\u00f3n Centroamericana (SICA), Panam\u00e1 represent\u00f3 la voz de los ocho pa\u00edses que conforman esta regi\u00f3n (Centroam\u00e9rica y Rep\u00fablica Dominicana), posicionando al mecanismo regional como un modelo exitoso de cooperaci\u00f3n cultural y financiamiento para el desarrollo local. Esta representaci\u00f3n fue liderada por la ministra de Cultura, Mar\u00eda Eugenia Herrera, quien amplific\u00f3 la voz de Panam\u00e1 y de la regi\u00f3n en los principales espacios multilaterales del evento.<\/p>\n\n\n\n<div class=\"wp-block-columns is-layout-flex wp-container-core-columns-is-layout-28f84493 wp-block-columns-is-layout-flex\">\n<div class=\"wp-block-column is-layout-flow wp-block-column-is-layout-flow\">\n<figure class=\"wp-block-image size-large\"><a href=\"https:\/\/alminutonoticia.com\/noticias\/wp-content\/uploads\/2025\/10\/WhatsApp-Image-2025-10-01-at-2.40.46-PM-1-scaled.jpeg\"><img fetchpriority=\"high\" decoding=\"async\" width=\"1024\" height=\"683\" src=\"https:\/\/alminutonoticia.com\/noticias\/wp-content\/uploads\/2025\/10\/WhatsApp-Image-2025-10-01-at-2.40.46-PM-1-1024x683.jpeg\" alt=\"\" class=\"wp-image-17603\" title=\"\" srcset=\"https:\/\/alminutonoticia.com\/noticias\/wp-content\/uploads\/2025\/10\/WhatsApp-Image-2025-10-01-at-2.40.46-PM-1-1024x683.jpeg 1024w, https:\/\/alminutonoticia.com\/noticias\/wp-content\/uploads\/2025\/10\/WhatsApp-Image-2025-10-01-at-2.40.46-PM-1-300x200.jpeg 300w, https:\/\/alminutonoticia.com\/noticias\/wp-content\/uploads\/2025\/10\/WhatsApp-Image-2025-10-01-at-2.40.46-PM-1-768x512.jpeg 768w, https:\/\/alminutonoticia.com\/noticias\/wp-content\/uploads\/2025\/10\/WhatsApp-Image-2025-10-01-at-2.40.46-PM-1-1536x1024.jpeg 1536w, https:\/\/alminutonoticia.com\/noticias\/wp-content\/uploads\/2025\/10\/WhatsApp-Image-2025-10-01-at-2.40.46-PM-1-2048x1366.jpeg 2048w\" sizes=\"(max-width: 1024px) 100vw, 1024px\" \/><\/a><\/figure>\n<\/div>\n\n\n\n<div class=\"wp-block-column is-layout-flow wp-block-column-is-layout-flow\">\n<figure class=\"wp-block-image size-large\"><a href=\"https:\/\/alminutonoticia.com\/noticias\/wp-content\/uploads\/2025\/10\/WhatsApp-Image-2025-10-01-at-2.40.45-PM-scaled.jpeg\"><img decoding=\"async\" width=\"1024\" height=\"683\" src=\"https:\/\/alminutonoticia.com\/noticias\/wp-content\/uploads\/2025\/10\/WhatsApp-Image-2025-10-01-at-2.40.45-PM-1024x683.jpeg\" alt=\"\" class=\"wp-image-17604\" title=\"\" srcset=\"https:\/\/alminutonoticia.com\/noticias\/wp-content\/uploads\/2025\/10\/WhatsApp-Image-2025-10-01-at-2.40.45-PM-1024x683.jpeg 1024w, https:\/\/alminutonoticia.com\/noticias\/wp-content\/uploads\/2025\/10\/WhatsApp-Image-2025-10-01-at-2.40.45-PM-300x200.jpeg 300w, https:\/\/alminutonoticia.com\/noticias\/wp-content\/uploads\/2025\/10\/WhatsApp-Image-2025-10-01-at-2.40.45-PM-768x512.jpeg 768w, https:\/\/alminutonoticia.com\/noticias\/wp-content\/uploads\/2025\/10\/WhatsApp-Image-2025-10-01-at-2.40.45-PM-1536x1024.jpeg 1536w, https:\/\/alminutonoticia.com\/noticias\/wp-content\/uploads\/2025\/10\/WhatsApp-Image-2025-10-01-at-2.40.45-PM-2048x1366.jpeg 2048w\" sizes=\"(max-width: 1024px) 100vw, 1024px\" \/><\/a><\/figure>\n<\/div>\n<\/div>\n\n\n\n<p>Durante MONDIACULT, Panam\u00e1 particip\u00f3 activamente en las sesiones ministeriales sobre cultura, educaci\u00f3n y paz, donde se reafirm\u00f3 el papel de la cultura como eje transversal para la construcci\u00f3n de sociedades m\u00e1s justas, resilientes y cohesionadas. La ministra Herrera subray\u00f3 la necesidad de integrar la cultura en las pol\u00edticas educativas y de paz, especialmente en contextos de alta vulnerabilidad social y ambiental.<\/p>\n\n\n\n<p>Panam\u00e1 tambi\u00e9n fue parte del panel convocado por la Uni\u00f3n Europea sobre indicadores culturales, en el que comparti\u00f3 experiencias sobre la medici\u00f3n del impacto cultural en el desarrollo territorial, y abog\u00f3 por sistemas de evaluaci\u00f3n que reconozcan la diversidad de pr\u00e1cticas culturales y la participaci\u00f3n comunitaria.<\/p>\n\n\n\n<p>Uno de los hitos m\u00e1s relevantes fue el evento paralelo entre Centroam\u00e9rica y Centro\u00e1frica, liderado por Panam\u00e1 junto a la CECC-SICA, que buscaron articular esfuerzos entre ambas regiones para promover la cooperaci\u00f3n Sur-Sur en materia cultural. Este espacio permiti\u00f3 identificar sinergias en temas como patrimonio, industrias creativas, saberes ancestrales y acci\u00f3n clim\u00e1tica, abriendo nuevas posibilidades de colaboraci\u00f3n interregional.<\/p>\n\n\n\n<p>Adem\u00e1s, Panam\u00e1 particip\u00f3 en la Conferencia Iberoamericana de Ministras y Ministros de Cultura, organizada por la Organizaci\u00f3n de Estados Iberoamericanos (OEI) y la Secretar\u00eda General Iberoamericana (SEGIB), reafirmando el compromiso de los pa\u00edses iberoamericanos con la cultura como motor de desarrollo sostenible y cohesi\u00f3n regional.<\/p>\n\n\n\n<figure class=\"wp-block-image size-large\"><a href=\"https:\/\/alminutonoticia.com\/noticias\/wp-content\/uploads\/2025\/10\/WhatsApp-Image-2025-10-01-at-2.40.46-PM-scaled.jpeg\"><img decoding=\"async\" width=\"1024\" height=\"683\" src=\"https:\/\/alminutonoticia.com\/noticias\/wp-content\/uploads\/2025\/10\/WhatsApp-Image-2025-10-01-at-2.40.46-PM-1024x683.jpeg\" alt=\"\" class=\"wp-image-17605\" title=\"\" srcset=\"https:\/\/alminutonoticia.com\/noticias\/wp-content\/uploads\/2025\/10\/WhatsApp-Image-2025-10-01-at-2.40.46-PM-1024x683.jpeg 1024w, https:\/\/alminutonoticia.com\/noticias\/wp-content\/uploads\/2025\/10\/WhatsApp-Image-2025-10-01-at-2.40.46-PM-300x200.jpeg 300w, https:\/\/alminutonoticia.com\/noticias\/wp-content\/uploads\/2025\/10\/WhatsApp-Image-2025-10-01-at-2.40.46-PM-768x512.jpeg 768w, https:\/\/alminutonoticia.com\/noticias\/wp-content\/uploads\/2025\/10\/WhatsApp-Image-2025-10-01-at-2.40.46-PM-1536x1024.jpeg 1536w, https:\/\/alminutonoticia.com\/noticias\/wp-content\/uploads\/2025\/10\/WhatsApp-Image-2025-10-01-at-2.40.46-PM-2048x1366.jpeg 2048w\" sizes=\"(max-width: 1024px) 100vw, 1024px\" \/><\/a><\/figure>\n\n\n\n<p>En el marco de MONDIACULT, Panam\u00e1 tambi\u00e9n se integr\u00f3 al Grupo de Amigos para la Acci\u00f3n Clim\u00e1tica Basada en la Cultura, posicionando la cultura como herramienta clave para enfrentar el cambio clim\u00e1tico. Desde su liderazgo regional, propuso incorporar el mecanismo de integraci\u00f3n del SICA a este grupo, con el objetivo de fortalecer las estrategias culturales de adaptaci\u00f3n y mitigaci\u00f3n en la regi\u00f3n.<\/p>\n\n\n\n<p>La participaci\u00f3n de Panam\u00e1 en MONDIACULT 2025 refleja una visi\u00f3n estrat\u00e9gica que vincula cultura, integraci\u00f3n regional, sostenibilidad y cooperaci\u00f3n internacional. Bajo la presidencia pro tempore del SICA, el pa\u00eds reafirma su compromiso de seguir impulsando una agenda cultural que responda a los desaf\u00edos del siglo XXI, con enfoque territorial, inclusivo y transformador.<\/p>\n","protected":false},"excerpt":{"rendered":"<p>Panam\u00e1 tuvo una participaci\u00f3n destacada en la Conferencia Mundial de la UNESCO sobre Pol\u00edticas Culturales y Desarrollo Sostenible MONDIACULT 2025 en la Ciudad de Barcelona, consolidando su papel como referente regional en la articulaci\u00f3n de pol\u00edticas culturales vinculadas al desarrollo sostenible, la paz, la educaci\u00f3n y la acci\u00f3n clim\u00e1tica. En su calidad de Presidencia Pro [&hellip;]<\/p>\n","protected":false},"author":3,"featured_media":17605,"comment_status":"open","ping_status":"open","sticky":false,"template":"","format":"standard","meta":{"footnotes":""},"categories":[36,41],"tags":[],"class_list":["post-17602","post","type-post","status-publish","format-standard","has-post-thumbnail","hentry","category-nacionales","category-cultura-y-farandula"],"_links":{"self":[{"href":"https:\/\/alminutonoticia.com\/noticias\/wp-json\/wp\/v2\/posts\/17602","targetHints":{"allow":["GET"]}}],"collection":[{"href":"https:\/\/alminutonoticia.com\/noticias\/wp-json\/wp\/v2\/posts"}],"about":[{"href":"https:\/\/alminutonoticia.com\/noticias\/wp-json\/wp\/v2\/types\/post"}],"author":[{"embeddable":true,"href":"https:\/\/alminutonoticia.com\/noticias\/wp-json\/wp\/v2\/users\/3"}],"replies":[{"embeddable":true,"href":"https:\/\/alminutonoticia.com\/noticias\/wp-json\/wp\/v2\/comments?post=17602"}],"version-history":[{"count":1,"href":"https:\/\/alminutonoticia.com\/noticias\/wp-json\/wp\/v2\/posts\/17602\/revisions"}],"predecessor-version":[{"id":17606,"href":"https:\/\/alminutonoticia.com\/noticias\/wp-json\/wp\/v2\/posts\/17602\/revisions\/17606"}],"wp:featuredmedia":[{"embeddable":true,"href":"https:\/\/alminutonoticia.com\/noticias\/wp-json\/wp\/v2\/media\/17605"}],"wp:attachment":[{"href":"https:\/\/alminutonoticia.com\/noticias\/wp-json\/wp\/v2\/media?parent=17602"}],"wp:term":[{"taxonomy":"category","embeddable":true,"href":"https:\/\/alminutonoticia.com\/noticias\/wp-json\/wp\/v2\/categories?post=17602"},{"taxonomy":"post_tag","embeddable":true,"href":"https:\/\/alminutonoticia.com\/noticias\/wp-json\/wp\/v2\/tags?post=17602"}],"curies":[{"name":"wp","href":"https:\/\/api.w.org\/{rel}","templated":true}]}}