{"id":17592,"date":"2025-10-02T11:16:36","date_gmt":"2025-10-02T11:16:36","guid":{"rendered":"https:\/\/alminutonoticia.com\/noticias\/?p=17592"},"modified":"2025-10-02T11:17:23","modified_gmt":"2025-10-02T11:17:23","slug":"museo-del-canal-inaugura-su-renovada-sala-construyendo-el-canal-de-panama","status":"publish","type":"post","link":"https:\/\/alminutonoticia.com\/noticias\/museo-del-canal-inaugura-su-renovada-sala-construyendo-el-canal-de-panama\/","title":{"rendered":"Museo del Canal inaugura su renovada sala \u201cConstruyendo el Canal de Panam\u00e1\u201d"},"content":{"rendered":"\n<p>El Museo del Canal abre al p\u00fablico su sala \u201cConstruyendo el Canal de Panam\u00e1\u201d, completamente renovada, ofreciendo una visi\u00f3n moderna y enriquecida sobre la construcci\u00f3n de esta emblem\u00e1tica obra de ingenier\u00eda.   Con un enfoque contempor\u00e1neo y tecnolog\u00eda de \u00faltima generaci\u00f3n, la nueva sala explora los antecedentes, desaf\u00edos y el impacto global del Canal, invitando a los visitantes a conectar el pasado con la memoria y la identidad paname\u00f1a.<\/p>\n\n\n\n<p><br>Innovaci\u00f3n y aprendizaje interactivo<\/p>\n\n\n\n<p>La exposici\u00f3n incluye recursos digitales interactivos, piezas in\u00e9ditas y contenidos en espa\u00f1ol con versiones accesibles mediante c\u00f3digos QR. Los visitantes pueden conocer los retos t\u00e9cnicos, humanos y ambientales que marcaron la construcci\u00f3n del Canal, as\u00ed como la diversidad de los trabajadores que hicieron posible esta haza\u00f1a hist\u00f3rica.<\/p>\n\n\n\n<div class=\"wp-block-columns is-layout-flex wp-container-core-columns-is-layout-28f84493 wp-block-columns-is-layout-flex\">\n<div class=\"wp-block-column is-layout-flow wp-block-column-is-layout-flow\" style=\"flex-basis:50%\">\n<figure class=\"wp-block-image size-large\"><a href=\"https:\/\/alminutonoticia.com\/noticias\/wp-content\/uploads\/2025\/10\/WhatsApp-Image-2025-10-02-at-4.34.37-AM-1.jpeg\"><img fetchpriority=\"high\" decoding=\"async\" width=\"1024\" height=\"768\" src=\"https:\/\/alminutonoticia.com\/noticias\/wp-content\/uploads\/2025\/10\/WhatsApp-Image-2025-10-02-at-4.34.37-AM-1-1024x768.jpeg\" alt=\"\" class=\"wp-image-17593\" title=\"\" srcset=\"https:\/\/alminutonoticia.com\/noticias\/wp-content\/uploads\/2025\/10\/WhatsApp-Image-2025-10-02-at-4.34.37-AM-1-1024x768.jpeg 1024w, https:\/\/alminutonoticia.com\/noticias\/wp-content\/uploads\/2025\/10\/WhatsApp-Image-2025-10-02-at-4.34.37-AM-1-300x225.jpeg 300w, https:\/\/alminutonoticia.com\/noticias\/wp-content\/uploads\/2025\/10\/WhatsApp-Image-2025-10-02-at-4.34.37-AM-1-768x576.jpeg 768w, https:\/\/alminutonoticia.com\/noticias\/wp-content\/uploads\/2025\/10\/WhatsApp-Image-2025-10-02-at-4.34.37-AM-1-1536x1152.jpeg 1536w, https:\/\/alminutonoticia.com\/noticias\/wp-content\/uploads\/2025\/10\/WhatsApp-Image-2025-10-02-at-4.34.37-AM-1.jpeg 1600w\" sizes=\"(max-width: 1024px) 100vw, 1024px\" \/><\/a><\/figure>\n<\/div>\n\n\n\n<div class=\"wp-block-column is-layout-flow wp-block-column-is-layout-flow\" style=\"flex-basis:50%\">\n<figure class=\"wp-block-image size-large\"><a href=\"https:\/\/alminutonoticia.com\/noticias\/wp-content\/uploads\/2025\/10\/WhatsApp-Image-2025-10-02-at-4.34.36-AM.jpeg\"><img decoding=\"async\" width=\"1024\" height=\"768\" src=\"https:\/\/alminutonoticia.com\/noticias\/wp-content\/uploads\/2025\/10\/WhatsApp-Image-2025-10-02-at-4.34.36-AM-1024x768.jpeg\" alt=\"\" class=\"wp-image-17594\" title=\"\" srcset=\"https:\/\/alminutonoticia.com\/noticias\/wp-content\/uploads\/2025\/10\/WhatsApp-Image-2025-10-02-at-4.34.36-AM-1024x768.jpeg 1024w, https:\/\/alminutonoticia.com\/noticias\/wp-content\/uploads\/2025\/10\/WhatsApp-Image-2025-10-02-at-4.34.36-AM-300x225.jpeg 300w, https:\/\/alminutonoticia.com\/noticias\/wp-content\/uploads\/2025\/10\/WhatsApp-Image-2025-10-02-at-4.34.36-AM-768x576.jpeg 768w, https:\/\/alminutonoticia.com\/noticias\/wp-content\/uploads\/2025\/10\/WhatsApp-Image-2025-10-02-at-4.34.36-AM-1536x1152.jpeg 1536w, https:\/\/alminutonoticia.com\/noticias\/wp-content\/uploads\/2025\/10\/WhatsApp-Image-2025-10-02-at-4.34.36-AM.jpeg 1600w\" sizes=\"(max-width: 1024px) 100vw, 1024px\" \/><\/a><\/figure>\n<\/div>\n<\/div>\n\n\n\n<p><br>Culminaci\u00f3n de un ambicioso proceso de modernizaci\u00f3n<br>La apertura de esta sala cierra un ciclo de renovaci\u00f3n de las salas permanentes del Museo, iniciado en 2020. En cinco a\u00f1os, el Museo ha transformado siete espacios, integrando experiencias educativas, tecnol\u00f3gicas y participativas:<br>\u2022 La Vida en la Zona (marzo 2021)<br>\u2022 La Ruta por la Soberan\u00eda (1903\u20131964) (noviembre 2021)<br>\u2022 La Ruta por la Soberan\u00eda (1964\u20131999) (diciembre 2022)<br>\u2022 El Canal en Manos Paname\u00f1as (septiembre 2023)<br>\u2022 Panam\u00e1 antes del Canal (septiembre 2024)<br>\u2022 Galer\u00eda de Banderas (enero 2025)<br>\u2022 Construyendo el Canal de Panam\u00e1 (septiembre 2025)<\/p>\n\n\n\n<figure class=\"wp-block-image size-large\"><a href=\"https:\/\/alminutonoticia.com\/noticias\/wp-content\/uploads\/2025\/10\/WhatsApp-Image-2025-10-02-at-4.34.37-AM.jpeg\"><img decoding=\"async\" width=\"1024\" height=\"768\" src=\"https:\/\/alminutonoticia.com\/noticias\/wp-content\/uploads\/2025\/10\/WhatsApp-Image-2025-10-02-at-4.34.37-AM-1024x768.jpeg\" alt=\"\" class=\"wp-image-17595\" title=\"\" srcset=\"https:\/\/alminutonoticia.com\/noticias\/wp-content\/uploads\/2025\/10\/WhatsApp-Image-2025-10-02-at-4.34.37-AM-1024x768.jpeg 1024w, https:\/\/alminutonoticia.com\/noticias\/wp-content\/uploads\/2025\/10\/WhatsApp-Image-2025-10-02-at-4.34.37-AM-300x225.jpeg 300w, https:\/\/alminutonoticia.com\/noticias\/wp-content\/uploads\/2025\/10\/WhatsApp-Image-2025-10-02-at-4.34.37-AM-768x576.jpeg 768w, https:\/\/alminutonoticia.com\/noticias\/wp-content\/uploads\/2025\/10\/WhatsApp-Image-2025-10-02-at-4.34.37-AM-1536x1152.jpeg 1536w, https:\/\/alminutonoticia.com\/noticias\/wp-content\/uploads\/2025\/10\/WhatsApp-Image-2025-10-02-at-4.34.37-AM.jpeg 1600w\" sizes=\"(max-width: 1024px) 100vw, 1024px\" \/><\/a><\/figure>\n\n\n\n<p><br>Este proceso ha sido liderado por Ana Elizabeth Gonz\u00e1lez, directora ejecutiva y curadora en jefe, cuyo trabajo ha sido reconocido en foros internacionales, consolidando al Museo como referente regional en innovaci\u00f3n cultural.<br>Investigaci\u00f3n y colaboraci\u00f3n internacional<br>La renovaci\u00f3n se desarroll\u00f3 a partir de una investigaci\u00f3n hist\u00f3rica rigurosa, en colaboraci\u00f3n con el Centro de Investigaciones Hist\u00f3ricas, Antropol\u00f3gicas y Culturales AIP Panam\u00e1 y el investigador Samuel Poyard, con el apoyo de la Embajada de Francia.<br>\u201cCon esta reinauguraci\u00f3n culminamos un ciclo de renovaci\u00f3n integral que comenz\u00f3 en 2020. Esta sala no solo narra una epopeya de ingenier\u00eda mundial, tambi\u00e9n conecta con la memoria y la identidad de los paname\u00f1os\u201d, se\u00f1al\u00f3 Ana Elizabeth Gonz\u00e1lez.<\/p>\n\n\n\n<figure class=\"wp-block-image size-large\"><a href=\"https:\/\/alminutonoticia.com\/noticias\/wp-content\/uploads\/2025\/10\/WhatsApp-Image-2025-10-02-at-4.34.38-AM.jpeg\"><img loading=\"lazy\" decoding=\"async\" width=\"1024\" height=\"768\" src=\"https:\/\/alminutonoticia.com\/noticias\/wp-content\/uploads\/2025\/10\/WhatsApp-Image-2025-10-02-at-4.34.38-AM-1024x768.jpeg\" alt=\"\" class=\"wp-image-17596\" title=\"\" srcset=\"https:\/\/alminutonoticia.com\/noticias\/wp-content\/uploads\/2025\/10\/WhatsApp-Image-2025-10-02-at-4.34.38-AM-1024x768.jpeg 1024w, https:\/\/alminutonoticia.com\/noticias\/wp-content\/uploads\/2025\/10\/WhatsApp-Image-2025-10-02-at-4.34.38-AM-300x225.jpeg 300w, https:\/\/alminutonoticia.com\/noticias\/wp-content\/uploads\/2025\/10\/WhatsApp-Image-2025-10-02-at-4.34.38-AM-768x576.jpeg 768w, https:\/\/alminutonoticia.com\/noticias\/wp-content\/uploads\/2025\/10\/WhatsApp-Image-2025-10-02-at-4.34.38-AM-1536x1152.jpeg 1536w, https:\/\/alminutonoticia.com\/noticias\/wp-content\/uploads\/2025\/10\/WhatsApp-Image-2025-10-02-at-4.34.38-AM.jpeg 1600w\" sizes=\"(max-width: 1024px) 100vw, 1024px\" \/><\/a><\/figure>\n\n\n\n<p><br>Acerca del Museo del Canal<br>Ubicado en el Casco Antiguo, el Museo del Canal es una fundaci\u00f3n sin fines de lucro dedicada a conservar, investigar y difundir la historia y diversidad de Panam\u00e1. Sus exposiciones y programas educativos lo han consolidado como un espacio inclusivo, abierto y reconocido internacionalmente.<br>Visita la nueva sala<br>La sala \u201cConstruyendo el Canal de Panam\u00e1\u201d estar\u00e1 abierta al p\u00fablico desde el 1 de octubre de 2025 en el Museo del Canal, en el Casco Antiguo de la Ciudad de Panam\u00e1.<\/p>\n","protected":false},"excerpt":{"rendered":"<p>El Museo del Canal abre al p\u00fablico su sala \u201cConstruyendo el Canal de Panam\u00e1\u201d, completamente renovada, ofreciendo una visi\u00f3n moderna y enriquecida sobre la construcci\u00f3n de esta emblem\u00e1tica obra de ingenier\u00eda. Con un enfoque contempor\u00e1neo y tecnolog\u00eda de \u00faltima generaci\u00f3n, la nueva sala explora los antecedentes, desaf\u00edos y el impacto global del Canal, invitando a [&hellip;]<\/p>\n","protected":false},"author":3,"featured_media":17595,"comment_status":"open","ping_status":"open","sticky":false,"template":"","format":"standard","meta":{"footnotes":""},"categories":[36,41],"tags":[],"class_list":["post-17592","post","type-post","status-publish","format-standard","has-post-thumbnail","hentry","category-nacionales","category-cultura-y-farandula"],"_links":{"self":[{"href":"https:\/\/alminutonoticia.com\/noticias\/wp-json\/wp\/v2\/posts\/17592","targetHints":{"allow":["GET"]}}],"collection":[{"href":"https:\/\/alminutonoticia.com\/noticias\/wp-json\/wp\/v2\/posts"}],"about":[{"href":"https:\/\/alminutonoticia.com\/noticias\/wp-json\/wp\/v2\/types\/post"}],"author":[{"embeddable":true,"href":"https:\/\/alminutonoticia.com\/noticias\/wp-json\/wp\/v2\/users\/3"}],"replies":[{"embeddable":true,"href":"https:\/\/alminutonoticia.com\/noticias\/wp-json\/wp\/v2\/comments?post=17592"}],"version-history":[{"count":1,"href":"https:\/\/alminutonoticia.com\/noticias\/wp-json\/wp\/v2\/posts\/17592\/revisions"}],"predecessor-version":[{"id":17597,"href":"https:\/\/alminutonoticia.com\/noticias\/wp-json\/wp\/v2\/posts\/17592\/revisions\/17597"}],"wp:featuredmedia":[{"embeddable":true,"href":"https:\/\/alminutonoticia.com\/noticias\/wp-json\/wp\/v2\/media\/17595"}],"wp:attachment":[{"href":"https:\/\/alminutonoticia.com\/noticias\/wp-json\/wp\/v2\/media?parent=17592"}],"wp:term":[{"taxonomy":"category","embeddable":true,"href":"https:\/\/alminutonoticia.com\/noticias\/wp-json\/wp\/v2\/categories?post=17592"},{"taxonomy":"post_tag","embeddable":true,"href":"https:\/\/alminutonoticia.com\/noticias\/wp-json\/wp\/v2\/tags?post=17592"}],"curies":[{"name":"wp","href":"https:\/\/api.w.org\/{rel}","templated":true}]}}