{"id":17584,"date":"2025-09-27T17:03:06","date_gmt":"2025-09-27T17:03:06","guid":{"rendered":"https:\/\/alminutonoticia.com\/noticias\/?p=17584"},"modified":"2025-09-27T17:03:09","modified_gmt":"2025-09-27T17:03:09","slug":"ministro-molto-inaugura-expoboquete-2025-y-celebra-lo-hecho-en-panama","status":"publish","type":"post","link":"https:\/\/alminutonoticia.com\/noticias\/ministro-molto-inaugura-expoboquete-2025-y-celebra-lo-hecho-en-panama\/","title":{"rendered":"Ministro Molt\u00f3 inaugura ExpoBoquete 2025 y celebra lo \u2018Hecho en Panam\u00e1\u2019"},"content":{"rendered":"\n<p>Con un llamado a defender lo \u201cHecho en Panam\u00e1\u201d y apostar por el desarrollo regional, el ministro de Comercio e Industrias, Julio Molt\u00f3, particip\u00f3 en el acto inaugural de ExpoBoquete 2025, feria que se perfila como un motor para la econom\u00eda de Chiriqu\u00ed y una plataforma de proyecci\u00f3n internacional.<\/p>\n\n\n\n<p>Hasta este domingo 28 de septiembre, los terrenos de la Feria de las Flores y del Caf\u00e9 re\u00fanen a empresarios, productores, cafetaleros, artesanos, emprendedores y visitantes nacionales e internacionales, en un espacio que combina tradici\u00f3n, innovaci\u00f3n y oportunidades de negocio. ExpoBoquete es m\u00e1s que una feria: es una vitrina estrat\u00e9gica para impulsar el comercio local, dinamizar los sectores productivos y fortalecer el desarrollo territorial.<\/p>\n\n\n\n<p>En su discurso inaugural, el ministro Molt\u00f3 subray\u00f3 el papel de ExpoBoquete como motor de crecimiento regional. \u201cExpoBoquete no es solamente un espacio de negocios; es una muestra de lo que nuestra gente es capaz de lograr cuando se une el esfuerzo de productores, artesanos, cafetaleros, empresarios y familias enteras\u201d, dijo.<\/p>\n\n\n\n<div class=\"wp-block-columns is-layout-flex wp-container-core-columns-is-layout-28f84493 wp-block-columns-is-layout-flex\">\n<div class=\"wp-block-column is-layout-flow wp-block-column-is-layout-flow\" style=\"flex-basis:50%\">\n<figure class=\"wp-block-image size-full\"><a href=\"https:\/\/alminutonoticia.com\/noticias\/wp-content\/uploads\/2025\/09\/Image-2025-09-26-at-11.18.03-PM-1024x683-1.jpeg\"><img fetchpriority=\"high\" decoding=\"async\" width=\"1024\" height=\"683\" src=\"https:\/\/alminutonoticia.com\/noticias\/wp-content\/uploads\/2025\/09\/Image-2025-09-26-at-11.18.03-PM-1024x683-1.jpeg\" alt=\"\" class=\"wp-image-17585\" title=\"\" srcset=\"https:\/\/alminutonoticia.com\/noticias\/wp-content\/uploads\/2025\/09\/Image-2025-09-26-at-11.18.03-PM-1024x683-1.jpeg 1024w, https:\/\/alminutonoticia.com\/noticias\/wp-content\/uploads\/2025\/09\/Image-2025-09-26-at-11.18.03-PM-1024x683-1-300x200.jpeg 300w, https:\/\/alminutonoticia.com\/noticias\/wp-content\/uploads\/2025\/09\/Image-2025-09-26-at-11.18.03-PM-1024x683-1-768x512.jpeg 768w\" sizes=\"(max-width: 1024px) 100vw, 1024px\" \/><\/a><\/figure>\n<\/div>\n\n\n\n<div class=\"wp-block-column is-layout-flow wp-block-column-is-layout-flow\" style=\"flex-basis:50%\">\n<figure class=\"wp-block-image size-full\"><a href=\"https:\/\/alminutonoticia.com\/noticias\/wp-content\/uploads\/2025\/09\/Image-2025-09-26-at-11.18.04-PM-1024x683-1.jpeg\"><img decoding=\"async\" width=\"1024\" height=\"683\" src=\"https:\/\/alminutonoticia.com\/noticias\/wp-content\/uploads\/2025\/09\/Image-2025-09-26-at-11.18.04-PM-1024x683-1.jpeg\" alt=\"\" class=\"wp-image-17586\" title=\"\" srcset=\"https:\/\/alminutonoticia.com\/noticias\/wp-content\/uploads\/2025\/09\/Image-2025-09-26-at-11.18.04-PM-1024x683-1.jpeg 1024w, https:\/\/alminutonoticia.com\/noticias\/wp-content\/uploads\/2025\/09\/Image-2025-09-26-at-11.18.04-PM-1024x683-1-300x200.jpeg 300w, https:\/\/alminutonoticia.com\/noticias\/wp-content\/uploads\/2025\/09\/Image-2025-09-26-at-11.18.04-PM-1024x683-1-768x512.jpeg 768w\" sizes=\"(max-width: 1024px) 100vw, 1024px\" \/><\/a><\/figure>\n<\/div>\n<\/div>\n\n\n\n<p>Asimismo, destac\u00f3 la importancia de la marca Hecho en Panam\u00e1, un sello que representa identidad, calidad y soberan\u00eda productiva, y que abre puertas a los emprendedores locales en mercados internacionales.<\/p>\n\n\n\n<p>La edici\u00f3n 2025 ofrece un amplio panorama econ\u00f3mico y cultural, con actividades y exhibiciones en sectores como gastronom\u00eda, turismo, bienes ra\u00edces, agro, arte, cultura, bienestar, automotriz y artesan\u00edas, reflejando la diversidad y el dinamismo de la regi\u00f3n chiricana. La feria tambi\u00e9n busca ser un espacio de integraci\u00f3n, atrayendo a visitantes de David, Tierras Altas, Bocas del Toro, Ciudad de Panam\u00e1 y el sur de Costa Rica, adem\u00e1s de inversionistas y operadores tur\u00edsticos internacionales interesados en destinos gastron\u00f3micos, de aventura y de bienestar.<\/p>\n\n\n\n<p>La presidenta de ExpoBoquete 2025, Gyl Ledezma Ducruet, agradeci\u00f3 el respaldo institucional y reafirm\u00f3 que el evento est\u00e1 concebido con una visi\u00f3n moderna, inclusiva y sostenible, que coloca a Boquete en el mapa de las grandes ferias del pa\u00eds.<\/p>\n\n\n\n<figure class=\"wp-block-image size-full\"><a href=\"https:\/\/alminutonoticia.com\/noticias\/wp-content\/uploads\/2025\/09\/Image-2025-09-26-at-11.18.05-PM-1024x683-1.jpeg\"><img decoding=\"async\" width=\"1024\" height=\"683\" src=\"https:\/\/alminutonoticia.com\/noticias\/wp-content\/uploads\/2025\/09\/Image-2025-09-26-at-11.18.05-PM-1024x683-1.jpeg\" alt=\"\" class=\"wp-image-17587\" title=\"\" srcset=\"https:\/\/alminutonoticia.com\/noticias\/wp-content\/uploads\/2025\/09\/Image-2025-09-26-at-11.18.05-PM-1024x683-1.jpeg 1024w, https:\/\/alminutonoticia.com\/noticias\/wp-content\/uploads\/2025\/09\/Image-2025-09-26-at-11.18.05-PM-1024x683-1-300x200.jpeg 300w, https:\/\/alminutonoticia.com\/noticias\/wp-content\/uploads\/2025\/09\/Image-2025-09-26-at-11.18.05-PM-1024x683-1-768x512.jpeg 768w\" sizes=\"(max-width: 1024px) 100vw, 1024px\" \/><\/a><\/figure>\n\n\n\n<p>Como parte de su programaci\u00f3n, este 27 de septiembre se celebrar\u00e1 el D\u00eda Internacional del Turismo, con la participaci\u00f3n de touroperadores, comunicadores especializados, estudiantes y embajadores de viaje, que contribuir\u00e1n a consolidar a Boquete como un destino tur\u00edstico sostenible y de referencia internacional.<\/p>\n\n\n\n<figure class=\"wp-block-image size-large\"><a href=\"https:\/\/alminutonoticia.com\/noticias\/wp-content\/uploads\/2025\/09\/Boquete1.jpeg\"><img loading=\"lazy\" decoding=\"async\" width=\"1024\" height=\"683\" src=\"https:\/\/alminutonoticia.com\/noticias\/wp-content\/uploads\/2025\/09\/Boquete1-1024x683.jpeg\" alt=\"\" class=\"wp-image-17588\" title=\"\" srcset=\"https:\/\/alminutonoticia.com\/noticias\/wp-content\/uploads\/2025\/09\/Boquete1-1024x683.jpeg 1024w, https:\/\/alminutonoticia.com\/noticias\/wp-content\/uploads\/2025\/09\/Boquete1-300x200.jpeg 300w, https:\/\/alminutonoticia.com\/noticias\/wp-content\/uploads\/2025\/09\/Boquete1-768x512.jpeg 768w, https:\/\/alminutonoticia.com\/noticias\/wp-content\/uploads\/2025\/09\/Boquete1.jpeg 1200w\" sizes=\"(max-width: 1024px) 100vw, 1024px\" \/><\/a><\/figure>\n\n\n\n<p>El acto inaugural tambi\u00e9n cont\u00f3 con la presencia del ministro de Desarrollo Agropecuario, Roberto Linares, el embajador de Chile en Panam\u00e1, Alejandro Sfair, as\u00ed como representantes de la Alcald\u00eda de Boquete, encabezados por el alcalde Eduardo Rodr\u00edguez y la vicealcaldesa Dilcia Lizondro. De manera especial, se reconoci\u00f3 la labor del Comit\u00e9 Organizador de ExpoBoquete 2025, cuyo compromiso y visi\u00f3n hicieron posible esta celebraci\u00f3n que marca un nuevo cap\u00edtulo para Boquete y para Panam\u00e1.<\/p>\n\n\n\n<p><\/p>\n","protected":false},"excerpt":{"rendered":"<p>Con un llamado a defender lo \u201cHecho en Panam\u00e1\u201d y apostar por el desarrollo regional, el ministro de Comercio e Industrias, Julio Molt\u00f3, particip\u00f3 en el acto inaugural de ExpoBoquete 2025, feria que se perfila como un motor para la econom\u00eda de Chiriqu\u00ed y una plataforma de proyecci\u00f3n internacional. Hasta este domingo 28 de septiembre, [&hellip;]<\/p>\n","protected":false},"author":3,"featured_media":17588,"comment_status":"open","ping_status":"open","sticky":false,"template":"","format":"standard","meta":{"footnotes":""},"categories":[36,38],"tags":[],"class_list":["post-17584","post","type-post","status-publish","format-standard","has-post-thumbnail","hentry","category-nacionales","category-economia"],"_links":{"self":[{"href":"https:\/\/alminutonoticia.com\/noticias\/wp-json\/wp\/v2\/posts\/17584","targetHints":{"allow":["GET"]}}],"collection":[{"href":"https:\/\/alminutonoticia.com\/noticias\/wp-json\/wp\/v2\/posts"}],"about":[{"href":"https:\/\/alminutonoticia.com\/noticias\/wp-json\/wp\/v2\/types\/post"}],"author":[{"embeddable":true,"href":"https:\/\/alminutonoticia.com\/noticias\/wp-json\/wp\/v2\/users\/3"}],"replies":[{"embeddable":true,"href":"https:\/\/alminutonoticia.com\/noticias\/wp-json\/wp\/v2\/comments?post=17584"}],"version-history":[{"count":2,"href":"https:\/\/alminutonoticia.com\/noticias\/wp-json\/wp\/v2\/posts\/17584\/revisions"}],"predecessor-version":[{"id":17590,"href":"https:\/\/alminutonoticia.com\/noticias\/wp-json\/wp\/v2\/posts\/17584\/revisions\/17590"}],"wp:featuredmedia":[{"embeddable":true,"href":"https:\/\/alminutonoticia.com\/noticias\/wp-json\/wp\/v2\/media\/17588"}],"wp:attachment":[{"href":"https:\/\/alminutonoticia.com\/noticias\/wp-json\/wp\/v2\/media?parent=17584"}],"wp:term":[{"taxonomy":"category","embeddable":true,"href":"https:\/\/alminutonoticia.com\/noticias\/wp-json\/wp\/v2\/categories?post=17584"},{"taxonomy":"post_tag","embeddable":true,"href":"https:\/\/alminutonoticia.com\/noticias\/wp-json\/wp\/v2\/tags?post=17584"}],"curies":[{"name":"wp","href":"https:\/\/api.w.org\/{rel}","templated":true}]}}