{"id":17575,"date":"2025-09-27T16:51:42","date_gmt":"2025-09-27T16:51:42","guid":{"rendered":"https:\/\/alminutonoticia.com\/noticias\/?p=17575"},"modified":"2025-09-27T16:52:46","modified_gmt":"2025-09-27T16:52:46","slug":"sustentan-presupuesto-del-ministerio-de-la-presidencia-ante-la-comision-de-presupuesto","status":"publish","type":"post","link":"https:\/\/alminutonoticia.com\/noticias\/sustentan-presupuesto-del-ministerio-de-la-presidencia-ante-la-comision-de-presupuesto\/","title":{"rendered":"Sustentan Presupuesto del Ministerio de la Presidencia ante la Comisi\u00f3n de Presupuesto"},"content":{"rendered":"\n<p>El ministro de la Presidencia, Juan Carlos Orillac, sustent\u00f3 este jueves, el presupuesto de su cartera, cuyo monto recomendado para la vigencia 2026 asciende a B\/. 204,433,814. Este monto, presentado ayer ante la Comisi\u00f3n de Presupuesto de la Asamblea Nacional, se desglosa en B\/. 172,423,882 para funcionamiento, y B\/. 32,009,932 para inversi\u00f3n.<br><\/p>\n\n\n\n<p>Orillac explic\u00f3 que el presupuesto del Ministerio de la Presidencia 2026 es 5.8% mayor al presupuesto de 2025, debido al compromiso de aumentos salariales de funcionarios, relacionados con leyes especiales, ascensos en el Servicio de Protecci\u00f3n Institucional (SPI), sobresueldos y el pago de la prima de antig\u00fcedad.<br><\/p>\n\n\n\n<p>Este aumento tambi\u00e9n se explica por la asignaci\u00f3n de recursos para los gastos del Plan de Alfabetizaci\u00f3n Constitucional que lleva adelante la Secretar\u00eda Presidencial para la Reorganizaci\u00f3n del Estado y Asuntos Constitucionales (Sepresac). El fin de este plan, explic\u00f3 Orillac, es que: \u00abla ciudadan\u00eda participe activamente en el dise\u00f1o de una nueva Constituci\u00f3n Pol\u00edtica, fortaleciendo la democracia participativa, la justicia social y el Estado de Derecho\u00bb.<\/p>\n\n\n\n<figure class=\"wp-block-image size-large\"><a href=\"https:\/\/alminutonoticia.com\/noticias\/wp-content\/uploads\/2025\/09\/WhatsApp-Image-2025-09-25-at-3.54.09-PM-1-scaled.jpeg\"><img fetchpriority=\"high\" decoding=\"async\" width=\"1024\" height=\"683\" src=\"https:\/\/alminutonoticia.com\/noticias\/wp-content\/uploads\/2025\/09\/WhatsApp-Image-2025-09-25-at-3.54.09-PM-1-1024x683.jpeg\" alt=\"\" class=\"wp-image-17576\" title=\"\" srcset=\"https:\/\/alminutonoticia.com\/noticias\/wp-content\/uploads\/2025\/09\/WhatsApp-Image-2025-09-25-at-3.54.09-PM-1-1024x683.jpeg 1024w, https:\/\/alminutonoticia.com\/noticias\/wp-content\/uploads\/2025\/09\/WhatsApp-Image-2025-09-25-at-3.54.09-PM-1-300x200.jpeg 300w, https:\/\/alminutonoticia.com\/noticias\/wp-content\/uploads\/2025\/09\/WhatsApp-Image-2025-09-25-at-3.54.09-PM-1-768x512.jpeg 768w, https:\/\/alminutonoticia.com\/noticias\/wp-content\/uploads\/2025\/09\/WhatsApp-Image-2025-09-25-at-3.54.09-PM-1-1536x1024.jpeg 1536w, https:\/\/alminutonoticia.com\/noticias\/wp-content\/uploads\/2025\/09\/WhatsApp-Image-2025-09-25-at-3.54.09-PM-1-2048x1366.jpeg 2048w\" sizes=\"(max-width: 1024px) 100vw, 1024px\" \/><\/a><\/figure>\n\n\n\n<p><br>En el plano de inversiones, el ministro detall\u00f3 proyectos sociales de gran impacto para sectores humildes de la poblaci\u00f3n, los cuales fortalecen las comunidades y promueven la inclusi\u00f3n, la igualdad y las oportunidades para los paname\u00f1os. Entre estos se encuentra el subsidio de Sonrisa Mujer, un plan de rehabilitaci\u00f3n bucal a mujeres de bajos recursos, a trav\u00e9s de pr\u00f3tesis bucales.<\/p>\n\n\n\n<p><br>Adem\u00e1s, el Ministerio de la Presidencia trabaja en la rehabilitaci\u00f3n de las \u00e1reas recreativas del Parque Omar. Igualmente, mencion\u00f3 el subsidio de asistencia social, mediante el cual se entregan donaciones de art\u00edculos de primera necesidad a familias de extrema .<br>El proyecto Salud Visual, tambi\u00e9n de este ministerio, realiza tamizajes visuales y auditivos para beneficio de adultos y ni\u00f1os en las comarcas ind\u00edgenas.<br><\/p>\n\n\n\n<figure class=\"wp-block-image size-large\"><a href=\"https:\/\/alminutonoticia.com\/noticias\/wp-content\/uploads\/2025\/09\/WhatsApp-Image-2025-09-25-at-3.54.09-PM-scaled.jpeg\"><img decoding=\"async\" width=\"1024\" height=\"683\" src=\"https:\/\/alminutonoticia.com\/noticias\/wp-content\/uploads\/2025\/09\/WhatsApp-Image-2025-09-25-at-3.54.09-PM-1024x683.jpeg\" alt=\"\" class=\"wp-image-17577\" title=\"\" srcset=\"https:\/\/alminutonoticia.com\/noticias\/wp-content\/uploads\/2025\/09\/WhatsApp-Image-2025-09-25-at-3.54.09-PM-1024x683.jpeg 1024w, https:\/\/alminutonoticia.com\/noticias\/wp-content\/uploads\/2025\/09\/WhatsApp-Image-2025-09-25-at-3.54.09-PM-300x200.jpeg 300w, https:\/\/alminutonoticia.com\/noticias\/wp-content\/uploads\/2025\/09\/WhatsApp-Image-2025-09-25-at-3.54.09-PM-768x512.jpeg 768w, https:\/\/alminutonoticia.com\/noticias\/wp-content\/uploads\/2025\/09\/WhatsApp-Image-2025-09-25-at-3.54.09-PM-1536x1024.jpeg 1536w, https:\/\/alminutonoticia.com\/noticias\/wp-content\/uploads\/2025\/09\/WhatsApp-Image-2025-09-25-at-3.54.09-PM-2048x1366.jpeg 2048w\" sizes=\"(max-width: 1024px) 100vw, 1024px\" \/><\/a><\/figure>\n\n\n\n<p>Otros subsidios del ministerio corresponden al pago de cirug\u00edas, medicinas, insumos m\u00e9dicos y materiales de construcci\u00f3n para familias en estado de pobreza y pobreza extrema. Asimismo, se apoya a paname\u00f1os humildes para incentivar la autogesti\u00f3n y el emprendimiento.<\/p>\n\n\n\n<p><\/p>\n","protected":false},"excerpt":{"rendered":"<p>El ministro de la Presidencia, Juan Carlos Orillac, sustent\u00f3 este jueves, el presupuesto de su cartera, cuyo monto recomendado para la vigencia 2026 asciende a B\/. 204,433,814. Este monto, presentado ayer ante la Comisi\u00f3n de Presupuesto de la Asamblea Nacional, se desglosa en B\/. 172,423,882 para funcionamiento, y B\/. 32,009,932 para inversi\u00f3n. Orillac explic\u00f3 que [&hellip;]<\/p>\n","protected":false},"author":3,"featured_media":17577,"comment_status":"open","ping_status":"open","sticky":false,"template":"","format":"standard","meta":{"footnotes":""},"categories":[36,38],"tags":[],"class_list":["post-17575","post","type-post","status-publish","format-standard","has-post-thumbnail","hentry","category-nacionales","category-economia"],"_links":{"self":[{"href":"https:\/\/alminutonoticia.com\/noticias\/wp-json\/wp\/v2\/posts\/17575","targetHints":{"allow":["GET"]}}],"collection":[{"href":"https:\/\/alminutonoticia.com\/noticias\/wp-json\/wp\/v2\/posts"}],"about":[{"href":"https:\/\/alminutonoticia.com\/noticias\/wp-json\/wp\/v2\/types\/post"}],"author":[{"embeddable":true,"href":"https:\/\/alminutonoticia.com\/noticias\/wp-json\/wp\/v2\/users\/3"}],"replies":[{"embeddable":true,"href":"https:\/\/alminutonoticia.com\/noticias\/wp-json\/wp\/v2\/comments?post=17575"}],"version-history":[{"count":3,"href":"https:\/\/alminutonoticia.com\/noticias\/wp-json\/wp\/v2\/posts\/17575\/revisions"}],"predecessor-version":[{"id":17580,"href":"https:\/\/alminutonoticia.com\/noticias\/wp-json\/wp\/v2\/posts\/17575\/revisions\/17580"}],"wp:featuredmedia":[{"embeddable":true,"href":"https:\/\/alminutonoticia.com\/noticias\/wp-json\/wp\/v2\/media\/17577"}],"wp:attachment":[{"href":"https:\/\/alminutonoticia.com\/noticias\/wp-json\/wp\/v2\/media?parent=17575"}],"wp:term":[{"taxonomy":"category","embeddable":true,"href":"https:\/\/alminutonoticia.com\/noticias\/wp-json\/wp\/v2\/categories?post=17575"},{"taxonomy":"post_tag","embeddable":true,"href":"https:\/\/alminutonoticia.com\/noticias\/wp-json\/wp\/v2\/tags?post=17575"}],"curies":[{"name":"wp","href":"https:\/\/api.w.org\/{rel}","templated":true}]}}