{"id":17571,"date":"2025-09-27T16:43:18","date_gmt":"2025-09-27T16:43:18","guid":{"rendered":"https:\/\/alminutonoticia.com\/noticias\/?p=17571"},"modified":"2025-09-27T16:45:28","modified_gmt":"2025-09-27T16:45:28","slug":"mici-e-inadeh-sellan-alianza-de-formacion-tecnica-para-potenciar-el-capital-humano-de-panama","status":"publish","type":"post","link":"https:\/\/alminutonoticia.com\/noticias\/mici-e-inadeh-sellan-alianza-de-formacion-tecnica-para-potenciar-el-capital-humano-de-panama\/","title":{"rendered":"MICI e INADEH sellan alianza de formaci\u00f3n t\u00e9cnica para potenciar el capital humano de Panam\u00e1"},"content":{"rendered":"\n<p>En un paso clave para impulsar el desarrollo econ\u00f3mico y la transformaci\u00f3n productiva del pa\u00eds, el Ministerio de Comercio e Industrias (MICI) y el Instituto Nacional de Formaci\u00f3n Profesional y Capacitaci\u00f3n para el Desarrollo Humano (INADEH) formalizaron hoy una nueva alianza de cooperaci\u00f3n y asistencia t\u00e9cnica que busca fortalecer la formaci\u00f3n t\u00e9cnica y profesional en Panam\u00e1.<\/p>\n\n\n\n<p>Durante el acto de firma, el ministro de Comercio e Industrias, Julio Molt\u00f3, destac\u00f3 que este acuerdo \u201creafirma un principio fundamental: el desarrollo econ\u00f3mico de nuestro pa\u00eds solo es posible si invertimos en su gente\u201d.<\/p>\n\n\n\n<p>Este convenio se enfoca en sectores estrat\u00e9gicos como comercio, industria, log\u00edstica, manufactura, tecnolog\u00edas modernas y servicios de alto valor, \u00e1reas prioritarias para generar empleo de calidad, atraer inversi\u00f3n extranjera y posicionar al pa\u00eds como un referente competitivo e innovador en la regi\u00f3n.<\/p>\n\n\n\n<p>\u201cEl capital humano es el motor del crecimiento nacional\u201d, afirm\u00f3 el ministro, subrayando que esta colaboraci\u00f3n responde directamente a los objetivos del Plan Estrat\u00e9gico de Gobierno 2025\u20132029, centrado en productividad, innovaci\u00f3n y diversificaci\u00f3n econ\u00f3mica.<\/p>\n\n\n\n<p>Aunque ambas instituciones han coincidido en distintos espacios de cooperaci\u00f3n institucional, este acuerdo representa una nueva etapa de colaboraci\u00f3n estructurada, con un enfoque alineado a las demandas del sector productivo.<\/p>\n\n\n\n<figure class=\"wp-block-image size-large\"><a href=\"https:\/\/alminutonoticia.com\/noticias\/wp-content\/uploads\/2025\/09\/IMG-20250925-WA0058.jpg\"><img fetchpriority=\"high\" decoding=\"async\" width=\"1024\" height=\"683\" src=\"https:\/\/alminutonoticia.com\/noticias\/wp-content\/uploads\/2025\/09\/IMG-20250925-WA0058-1024x683.jpg\" alt=\"\" class=\"wp-image-17572\" title=\"\" srcset=\"https:\/\/alminutonoticia.com\/noticias\/wp-content\/uploads\/2025\/09\/IMG-20250925-WA0058-1024x683.jpg 1024w, https:\/\/alminutonoticia.com\/noticias\/wp-content\/uploads\/2025\/09\/IMG-20250925-WA0058-300x200.jpg 300w, https:\/\/alminutonoticia.com\/noticias\/wp-content\/uploads\/2025\/09\/IMG-20250925-WA0058-768x512.jpg 768w, https:\/\/alminutonoticia.com\/noticias\/wp-content\/uploads\/2025\/09\/IMG-20250925-WA0058.jpg 1200w\" sizes=\"(max-width: 1024px) 100vw, 1024px\" \/><\/a><\/figure>\n\n\n\n<p>El ministro tambi\u00e9n reconoci\u00f3 el liderazgo de la directora general del INADEH, Yahaira Pitty, y el compromiso de su equipo de trabajo, destacando que esta iniciativa integra al sector p\u00fablico, la academia y la empresa privada en un prop\u00f3sito com\u00fan.<\/p>\n\n\n\n<p><strong>Acuerdo hist\u00f3rico<\/strong><\/p>\n\n\n\n<p>Como parte de este acuerdo, se desarrollar\u00e1n programas conjuntos de capacitaci\u00f3n, el uso compartido de recursos t\u00e9cnicos y humanos, y el dise\u00f1o de proyectos especializados.<\/p>\n\n\n\n<p>El documento tambi\u00e9n contempla la participaci\u00f3n activa de gremios empresariales y c\u00e1maras sectoriales en la definici\u00f3n de necesidades de formaci\u00f3n, la promoci\u00f3n de pr\u00e1cticas laborales, entrenamientos y pasant\u00edas, as\u00ed como en la creaci\u00f3n de un puente efectivo entre la capacitaci\u00f3n t\u00e9cnica y el mercado laboral.<\/p>\n\n\n\n<p>\u201cEste convenio representa confianza en Panam\u00e1 y la visi\u00f3n de una naci\u00f3n que se atreve a innovar, a competir y a so\u00f1ar en grande. Con esfuerzo conjunto, formaremos una generaci\u00f3n preparada para enfrentar los retos del presente y aprovechar las oportunidades del ma\u00f1ana\u201d, concluy\u00f3 el ministro Molt\u00f3.<\/p>\n","protected":false},"excerpt":{"rendered":"<p>En un paso clave para impulsar el desarrollo econ\u00f3mico y la transformaci\u00f3n productiva del pa\u00eds, el Ministerio de Comercio e Industrias (MICI) y el Instituto Nacional de Formaci\u00f3n Profesional y Capacitaci\u00f3n para el Desarrollo Humano (INADEH) formalizaron hoy una nueva alianza de cooperaci\u00f3n y asistencia t\u00e9cnica que busca fortalecer la formaci\u00f3n t\u00e9cnica y profesional en [&hellip;]<\/p>\n","protected":false},"author":3,"featured_media":17572,"comment_status":"open","ping_status":"open","sticky":false,"template":"","format":"standard","meta":{"footnotes":""},"categories":[36],"tags":[],"class_list":["post-17571","post","type-post","status-publish","format-standard","has-post-thumbnail","hentry","category-nacionales"],"_links":{"self":[{"href":"https:\/\/alminutonoticia.com\/noticias\/wp-json\/wp\/v2\/posts\/17571","targetHints":{"allow":["GET"]}}],"collection":[{"href":"https:\/\/alminutonoticia.com\/noticias\/wp-json\/wp\/v2\/posts"}],"about":[{"href":"https:\/\/alminutonoticia.com\/noticias\/wp-json\/wp\/v2\/types\/post"}],"author":[{"embeddable":true,"href":"https:\/\/alminutonoticia.com\/noticias\/wp-json\/wp\/v2\/users\/3"}],"replies":[{"embeddable":true,"href":"https:\/\/alminutonoticia.com\/noticias\/wp-json\/wp\/v2\/comments?post=17571"}],"version-history":[{"count":1,"href":"https:\/\/alminutonoticia.com\/noticias\/wp-json\/wp\/v2\/posts\/17571\/revisions"}],"predecessor-version":[{"id":17573,"href":"https:\/\/alminutonoticia.com\/noticias\/wp-json\/wp\/v2\/posts\/17571\/revisions\/17573"}],"wp:featuredmedia":[{"embeddable":true,"href":"https:\/\/alminutonoticia.com\/noticias\/wp-json\/wp\/v2\/media\/17572"}],"wp:attachment":[{"href":"https:\/\/alminutonoticia.com\/noticias\/wp-json\/wp\/v2\/media?parent=17571"}],"wp:term":[{"taxonomy":"category","embeddable":true,"href":"https:\/\/alminutonoticia.com\/noticias\/wp-json\/wp\/v2\/categories?post=17571"},{"taxonomy":"post_tag","embeddable":true,"href":"https:\/\/alminutonoticia.com\/noticias\/wp-json\/wp\/v2\/tags?post=17571"}],"curies":[{"name":"wp","href":"https:\/\/api.w.org\/{rel}","templated":true}]}}