{"id":17563,"date":"2025-09-27T16:33:17","date_gmt":"2025-09-27T16:33:17","guid":{"rendered":"https:\/\/alminutonoticia.com\/noticias\/?p=17563"},"modified":"2025-09-27T16:41:41","modified_gmt":"2025-09-27T16:41:41","slug":"el-arte-y-la-fama-brillan-en-la-capital-panamena-nace-el-paseo-de-las-estrellas","status":"publish","type":"post","link":"https:\/\/alminutonoticia.com\/noticias\/el-arte-y-la-fama-brillan-en-la-capital-panamena-nace-el-paseo-de-las-estrellas\/","title":{"rendered":"El arte y la fama brillan en la capital paname\u00f1a: nace el Paseo de las Estrellas"},"content":{"rendered":"\n<p>La noche de este martes, la ciudad de Panam\u00e1 brill\u00f3 en Calle Uruguay con la inauguraci\u00f3n del \u00abPaseo de las Estrellas\u00bb, , el cual busca reactivar esta zona de la ciudad del pa\u00eds, con el prop\u00f3sito de ofrecer un tributo merecido a destacadas personalidades del deporte, la m\u00fasica, el arte y la cultura nacional.<\/p>\n\n\n\n<p>La inauguraci\u00f3n estuvo a cargo del alcalde de la ciudad capital, Mayer Mizrachi, quien expres\u00f3 que el \u00abPaseo de Las Estrellas es una manera de reconocer a quienes han puesto en alto el nombre de Panam\u00e1, en distintas actividades, en las que se resalta el sentimiento de todo un pa\u00eds.<\/p>\n\n\n\n<p>\u00abEsto representa un permanente homenaje al talento nacional, en las artes, la m\u00fasica, el teatro, el deporte. Son personas que han puesto a Panam\u00e1 en el mapa mundial\u00bb, destac\u00f3 el Alcalde.<\/p>\n\n\n\n<p>Indic\u00f3 que cada uno de los homenajeados con una estrella en este sector de la urbe capitalina \u00abes alguien que hizo su trabajo, y puso en alto el nombre de nuestro pa\u00eds\u00bb.<\/p>\n\n\n\n<div class=\"wp-block-columns is-layout-flex wp-container-core-columns-is-layout-28f84493 wp-block-columns-is-layout-flex\">\n<div class=\"wp-block-column is-layout-flow wp-block-column-is-layout-flow\">\n<figure class=\"wp-block-image size-full\"><a href=\"https:\/\/alminutonoticia.com\/noticias\/wp-content\/uploads\/2025\/09\/WhatsApp-Image-2025-09-23-at-11.38.01-PM2-768x1024-2.jpeg\"><img fetchpriority=\"high\" decoding=\"async\" width=\"768\" height=\"1024\" src=\"https:\/\/alminutonoticia.com\/noticias\/wp-content\/uploads\/2025\/09\/WhatsApp-Image-2025-09-23-at-11.38.01-PM2-768x1024-2.jpeg\" alt=\"\" class=\"wp-image-17568\" title=\"\" srcset=\"https:\/\/alminutonoticia.com\/noticias\/wp-content\/uploads\/2025\/09\/WhatsApp-Image-2025-09-23-at-11.38.01-PM2-768x1024-2.jpeg 768w, https:\/\/alminutonoticia.com\/noticias\/wp-content\/uploads\/2025\/09\/WhatsApp-Image-2025-09-23-at-11.38.01-PM2-768x1024-2-225x300.jpeg 225w\" sizes=\"(max-width: 768px) 100vw, 768px\" \/><\/a><\/figure>\n<\/div>\n\n\n\n<div class=\"wp-block-column is-layout-flow wp-block-column-is-layout-flow\">\n<figure class=\"wp-block-image size-full\"><a href=\"https:\/\/alminutonoticia.com\/noticias\/wp-content\/uploads\/2025\/09\/WhatsApp-Image-2025-09-23-at-11.38.02-PM-925x1024-1.jpeg\"><img decoding=\"async\" width=\"925\" height=\"1024\" src=\"https:\/\/alminutonoticia.com\/noticias\/wp-content\/uploads\/2025\/09\/WhatsApp-Image-2025-09-23-at-11.38.02-PM-925x1024-1.jpeg\" alt=\"\" class=\"wp-image-17567\" title=\"\" srcset=\"https:\/\/alminutonoticia.com\/noticias\/wp-content\/uploads\/2025\/09\/WhatsApp-Image-2025-09-23-at-11.38.02-PM-925x1024-1.jpeg 925w, https:\/\/alminutonoticia.com\/noticias\/wp-content\/uploads\/2025\/09\/WhatsApp-Image-2025-09-23-at-11.38.02-PM-925x1024-1-271x300.jpeg 271w, https:\/\/alminutonoticia.com\/noticias\/wp-content\/uploads\/2025\/09\/WhatsApp-Image-2025-09-23-at-11.38.02-PM-925x1024-1-768x850.jpeg 768w\" sizes=\"(max-width: 925px) 100vw, 925px\" \/><\/a><\/figure>\n<\/div>\n<\/div>\n\n\n\n<p>Se\u00f1al\u00f3 que \u00abesto apenas est\u00e1 comenzando\u00bb, y que la iniciativa del Paseo de Las Estrellas busca convertir un sector importante de la capital paname\u00f1a \u00aben un \u00e1rea que revive, que recupera su esencia, gracias al apoyo e inversi\u00f3n de la empresa privada\u00bb.<\/p>\n\n\n\n<p>Parte de los primeros inducidos al Paseo de las Estrellas son los atletas Atheyna Bylon, Roberto \u00abMano de Piedra\u00bb Dur\u00e1n, Irving Saladino, Mariano Rivera, Rom\u00e1n Torres, Laffit Pincay Jr. y C\u00e9sar Barr\u00eda; adem\u00e1s, recibieron este tributo artistas como Omar Alfanno, Los Rabanes, los Hermanos Gayt\u00e1n, Samy y Sandra Sandoval, Nando Boom, Jaime Ingram, Erica Ender, as\u00ed como la renombrada pintora nacional, Olga Sinclair, quienes develaron sus respectivas estrellas, dejando este recuerdo imperecedero en Calle Uruguay.<\/p>\n\n\n\n<figure class=\"wp-block-image size-full\"><a href=\"https:\/\/alminutonoticia.com\/noticias\/wp-content\/uploads\/2025\/09\/WhatsApp-Image-2025-09-23-at-11.38.01-PM2-768x1024-3.jpeg\"><img decoding=\"async\" width=\"768\" height=\"1024\" src=\"https:\/\/alminutonoticia.com\/noticias\/wp-content\/uploads\/2025\/09\/WhatsApp-Image-2025-09-23-at-11.38.01-PM2-768x1024-3.jpeg\" alt=\"\" class=\"wp-image-17569\" title=\"\" srcset=\"https:\/\/alminutonoticia.com\/noticias\/wp-content\/uploads\/2025\/09\/WhatsApp-Image-2025-09-23-at-11.38.01-PM2-768x1024-3.jpeg 768w, https:\/\/alminutonoticia.com\/noticias\/wp-content\/uploads\/2025\/09\/WhatsApp-Image-2025-09-23-at-11.38.01-PM2-768x1024-3-225x300.jpeg 225w\" sizes=\"(max-width: 768px) 100vw, 768px\" \/><\/a><\/figure>\n\n\n\n<p>Respaldo privado<\/p>\n\n\n\n<p>Jos\u00e9 Luis Caballero socio ejecutivo del proyecto The District, el cual se desarrolla a trav\u00e9s de la empresa Grupo Creativa Inmobiliaria, enfatiz\u00f3 la importancia de darle una nueva vitalidad a la Calle Uruguay, a trav\u00e9s de iniciativas que combinen un renacimiento cultural y urbano de este sector capitalino.<\/p>\n\n\n\n<p>\u00abGrupo Creativa Inmobiliaria es una empresa peruana, con 33 a\u00f1os de experiencia en la construcci\u00f3n y desarrollos inmobiliarios. Llegamos a Panam\u00e1 y nos enamoramos de Calle Uruguay, por lo que decidimos hacer importantes inversiones en este punto de la capital paname\u00f1a, apunt\u00f3 Caballero.<\/p>\n\n\n\n<p><\/p>\n","protected":false},"excerpt":{"rendered":"<p>La noche de este martes, la ciudad de Panam\u00e1 brill\u00f3 en Calle Uruguay con la inauguraci\u00f3n del \u00abPaseo de las Estrellas\u00bb, , el cual busca reactivar esta zona de la ciudad del pa\u00eds, con el prop\u00f3sito de ofrecer un tributo merecido a destacadas personalidades del deporte, la m\u00fasica, el arte y la cultura nacional. La [&hellip;]<\/p>\n","protected":false},"author":3,"featured_media":17569,"comment_status":"open","ping_status":"open","sticky":false,"template":"","format":"standard","meta":{"footnotes":""},"categories":[36,41],"tags":[],"class_list":["post-17563","post","type-post","status-publish","format-standard","has-post-thumbnail","hentry","category-nacionales","category-cultura-y-farandula"],"_links":{"self":[{"href":"https:\/\/alminutonoticia.com\/noticias\/wp-json\/wp\/v2\/posts\/17563","targetHints":{"allow":["GET"]}}],"collection":[{"href":"https:\/\/alminutonoticia.com\/noticias\/wp-json\/wp\/v2\/posts"}],"about":[{"href":"https:\/\/alminutonoticia.com\/noticias\/wp-json\/wp\/v2\/types\/post"}],"author":[{"embeddable":true,"href":"https:\/\/alminutonoticia.com\/noticias\/wp-json\/wp\/v2\/users\/3"}],"replies":[{"embeddable":true,"href":"https:\/\/alminutonoticia.com\/noticias\/wp-json\/wp\/v2\/comments?post=17563"}],"version-history":[{"count":1,"href":"https:\/\/alminutonoticia.com\/noticias\/wp-json\/wp\/v2\/posts\/17563\/revisions"}],"predecessor-version":[{"id":17570,"href":"https:\/\/alminutonoticia.com\/noticias\/wp-json\/wp\/v2\/posts\/17563\/revisions\/17570"}],"wp:featuredmedia":[{"embeddable":true,"href":"https:\/\/alminutonoticia.com\/noticias\/wp-json\/wp\/v2\/media\/17569"}],"wp:attachment":[{"href":"https:\/\/alminutonoticia.com\/noticias\/wp-json\/wp\/v2\/media?parent=17563"}],"wp:term":[{"taxonomy":"category","embeddable":true,"href":"https:\/\/alminutonoticia.com\/noticias\/wp-json\/wp\/v2\/categories?post=17563"},{"taxonomy":"post_tag","embeddable":true,"href":"https:\/\/alminutonoticia.com\/noticias\/wp-json\/wp\/v2\/tags?post=17563"}],"curies":[{"name":"wp","href":"https:\/\/api.w.org\/{rel}","templated":true}]}}