{"id":17559,"date":"2025-09-27T16:27:09","date_gmt":"2025-09-27T16:27:09","guid":{"rendered":"https:\/\/alminutonoticia.com\/noticias\/?p=17559"},"modified":"2025-09-27T16:28:54","modified_gmt":"2025-09-27T16:28:54","slug":"sepresac-impulsa-jornada-de-alfabetizacion-constitucional-en-el-colegio-abel-bravo-de-colon","status":"publish","type":"post","link":"https:\/\/alminutonoticia.com\/noticias\/sepresac-impulsa-jornada-de-alfabetizacion-constitucional-en-el-colegio-abel-bravo-de-colon\/","title":{"rendered":"Sepresac impulsa jornada de alfabetizaci\u00f3n constitucional en el Colegio Abel Bravo de Col\u00f3n"},"content":{"rendered":"\n<p>La Secretar\u00eda Presidencial para la Reorganizaci\u00f3n del Estado y Asuntos Constitucionales (Sepresac) llev\u00f3 a cabo una nueva jornada del Programa Nacional de Alfabetizaci\u00f3n Constitucional, esta vez en el Colegio Abel Bravo de Col\u00f3n, reafirmando su compromiso con la educaci\u00f3n c\u00edvica y el empoderamiento ciudadano de la juventud colonense.<\/p>\n\n\n\n<p>La actividad se desarroll\u00f3 en un ambiente de entusiasmo y participaci\u00f3n activa, donde los estudiantes recibieron informaci\u00f3n y tambi\u00e9n compartieron sus inquietudes e interrogantes sobre temas clave como la transparencia, la \u00e9tica p\u00fablica y el rol de la ciudadan\u00eda en el proceso constituyente.<\/p>\n\n\n\n<p>El Dr. Miguel Antonio Bernal, coordinador ejecutivo de Sepresac, subray\u00f3 la relevancia de este tipo de espacios de di\u00e1logo con las nuevas generaciones. \u201cLa juventud no solo representa el futuro, tambi\u00e9n es el presente. Su inter\u00e9s y preguntas reflejan que est\u00e1n preparados para asumir un papel protag\u00f3nico en la construcci\u00f3n de una Constituci\u00f3n m\u00e1s justa, inclusiva y transparente\u201d, afirm\u00f3.<\/p>\n\n\n\n<figure class=\"wp-block-image size-full\"><a href=\"https:\/\/alminutonoticia.com\/noticias\/wp-content\/uploads\/2025\/09\/WhatsApp-Image-2025-09-26-at-2.34.42-PM.jpeg\"><img fetchpriority=\"high\" decoding=\"async\" width=\"883\" height=\"591\" src=\"https:\/\/alminutonoticia.com\/noticias\/wp-content\/uploads\/2025\/09\/WhatsApp-Image-2025-09-26-at-2.34.42-PM.jpeg\" alt=\"\" class=\"wp-image-17560\" title=\"\" srcset=\"https:\/\/alminutonoticia.com\/noticias\/wp-content\/uploads\/2025\/09\/WhatsApp-Image-2025-09-26-at-2.34.42-PM.jpeg 883w, https:\/\/alminutonoticia.com\/noticias\/wp-content\/uploads\/2025\/09\/WhatsApp-Image-2025-09-26-at-2.34.42-PM-300x201.jpeg 300w, https:\/\/alminutonoticia.com\/noticias\/wp-content\/uploads\/2025\/09\/WhatsApp-Image-2025-09-26-at-2.34.42-PM-768x514.jpeg 768w\" sizes=\"(max-width: 883px) 100vw, 883px\" \/><\/a><\/figure>\n\n\n\n<p>En la provincia de Col\u00f3n, Sepresac ha fortalecido alianzas con instituciones educativas y comunitarias para fomentar el conocimiento de los derechos y deberes ciudadanos y promover la participaci\u00f3n activa en la construcci\u00f3n de una nueva constituyente.<\/p>\n\n\n\n<p>Hasta la fecha, se han realizado actividades en la Zona Libre de Col\u00f3n, la Escuela de Oficiales y el Servicio Nacional Aeronaval (Senan). El programa continuar\u00e1 el pr\u00f3ximo 8 de octubre con nuevas jornadas en el Instituto Rufo A. Garay y el Colegio Jos\u00e9 Guardia Vega.<\/p>\n\n\n\n<p>Estas jornadas forman parte de una estrategia nacional que incluye talleres formativos, cabildos abiertos, debates comunitarios y espacios de di\u00e1logo, con el objetivo de construir un proceso constituyente inclusivo, transparente y participativo. Esta primera fase del Programa Nacional de Alfabetizaci\u00f3n Constitucional est\u00e1 prevista para concluir en julio de 2026.<\/p>\n","protected":false},"excerpt":{"rendered":"<p>La Secretar\u00eda Presidencial para la Reorganizaci\u00f3n del Estado y Asuntos Constitucionales (Sepresac) llev\u00f3 a cabo una nueva jornada del Programa Nacional de Alfabetizaci\u00f3n Constitucional, esta vez en el Colegio Abel Bravo de Col\u00f3n, reafirmando su compromiso con la educaci\u00f3n c\u00edvica y el empoderamiento ciudadano de la juventud colonense. La actividad se desarroll\u00f3 en un ambiente [&hellip;]<\/p>\n","protected":false},"author":3,"featured_media":17560,"comment_status":"open","ping_status":"open","sticky":false,"template":"","format":"standard","meta":{"footnotes":""},"categories":[36],"tags":[],"class_list":["post-17559","post","type-post","status-publish","format-standard","has-post-thumbnail","hentry","category-nacionales"],"_links":{"self":[{"href":"https:\/\/alminutonoticia.com\/noticias\/wp-json\/wp\/v2\/posts\/17559","targetHints":{"allow":["GET"]}}],"collection":[{"href":"https:\/\/alminutonoticia.com\/noticias\/wp-json\/wp\/v2\/posts"}],"about":[{"href":"https:\/\/alminutonoticia.com\/noticias\/wp-json\/wp\/v2\/types\/post"}],"author":[{"embeddable":true,"href":"https:\/\/alminutonoticia.com\/noticias\/wp-json\/wp\/v2\/users\/3"}],"replies":[{"embeddable":true,"href":"https:\/\/alminutonoticia.com\/noticias\/wp-json\/wp\/v2\/comments?post=17559"}],"version-history":[{"count":1,"href":"https:\/\/alminutonoticia.com\/noticias\/wp-json\/wp\/v2\/posts\/17559\/revisions"}],"predecessor-version":[{"id":17561,"href":"https:\/\/alminutonoticia.com\/noticias\/wp-json\/wp\/v2\/posts\/17559\/revisions\/17561"}],"wp:featuredmedia":[{"embeddable":true,"href":"https:\/\/alminutonoticia.com\/noticias\/wp-json\/wp\/v2\/media\/17560"}],"wp:attachment":[{"href":"https:\/\/alminutonoticia.com\/noticias\/wp-json\/wp\/v2\/media?parent=17559"}],"wp:term":[{"taxonomy":"category","embeddable":true,"href":"https:\/\/alminutonoticia.com\/noticias\/wp-json\/wp\/v2\/categories?post=17559"},{"taxonomy":"post_tag","embeddable":true,"href":"https:\/\/alminutonoticia.com\/noticias\/wp-json\/wp\/v2\/tags?post=17559"}],"curies":[{"name":"wp","href":"https:\/\/api.w.org\/{rel}","templated":true}]}}