{"id":17553,"date":"2025-09-27T16:24:37","date_gmt":"2025-09-27T16:24:37","guid":{"rendered":"https:\/\/alminutonoticia.com\/noticias\/?p=17553"},"modified":"2025-09-27T16:25:32","modified_gmt":"2025-09-27T16:25:32","slug":"realizan-premiacion-del-concurso-creando-olas-de-conciencia-por-los-oceanos","status":"publish","type":"post","link":"https:\/\/alminutonoticia.com\/noticias\/realizan-premiacion-del-concurso-creando-olas-de-conciencia-por-los-oceanos\/","title":{"rendered":"Realizan premiaci\u00f3n del Concurso \u00abCreando olas de conciencia por los oc\u00e9anos\u00bb"},"content":{"rendered":"\n<p>El Comit\u00e9 del Mes de los Oc\u00e9anos, el Banco Nacional de Panam\u00e1 y sus organizaciones aliadas celebraron la premiaci\u00f3n del concurso de dibujo, fotograf\u00eda y prensa escrita \u00abCreando olas de conciencia por los oc\u00e9anos\u00bb. Este evento, m\u00e1s all\u00e1 de ser una competencia art\u00edstica, se consolid\u00f3 como un reflejo del despertar de la conciencia colectiva sobre la urgente necesidad de cuidar nuestros oc\u00e9anos.<\/p>\n\n\n\n<p>La actividad cont\u00f3 con la participaci\u00f3n de representantes del Comit\u00e9 del Mes de los Oc\u00e9anos, el Ministerio de Ambiente, PROMAR, la Fundaci\u00f3n MarViva, Marea Verde, la UMIP, docentes y estudiantes del Instituto Nacional de Panam\u00e1, as\u00ed como del Colegio Monse\u00f1or Francisco Beckmann, quienes se unieron para rendir homenaje a los concursantes que, a trav\u00e9s de sus obras, lograron transmitir el mensaje de la protecci\u00f3n marina.<\/p>\n\n\n\n<p>El ministro de Ambiente encargado, \u00d3scar Vallarino, destac\u00f3 en su intervenci\u00f3n la importancia de estos concursos como plataformas para fomentar el amor y la protecci\u00f3n del mar desde edades tempranas. \u201cHoy celebramos m\u00e1s que premios. Celebramos un compromiso profundo y genuino con el futuro de nuestros oc\u00e9anos, que est\u00e1n siendo afectados por fen\u00f3menos como la interrupci\u00f3n del proceso de surgencia en el Golfo de Panam\u00e1 por primera vez en 40 a\u00f1os, lo cual tiene graves implicaciones para nuestras pesquer\u00edas y arrecifes\u201d, se\u00f1al\u00f3.<\/p>\n\n\n\n<figure class=\"wp-block-image size-large\"><a href=\"https:\/\/alminutonoticia.com\/noticias\/wp-content\/uploads\/2025\/09\/WhatsApp-Image-2025-09-27-at-8.39.22-AM.jpeg\"><img fetchpriority=\"high\" decoding=\"async\" width=\"1024\" height=\"684\" src=\"https:\/\/alminutonoticia.com\/noticias\/wp-content\/uploads\/2025\/09\/WhatsApp-Image-2025-09-27-at-8.39.22-AM-1024x684.jpeg\" alt=\"\" class=\"wp-image-17554\" title=\"\" srcset=\"https:\/\/alminutonoticia.com\/noticias\/wp-content\/uploads\/2025\/09\/WhatsApp-Image-2025-09-27-at-8.39.22-AM-1024x684.jpeg 1024w, https:\/\/alminutonoticia.com\/noticias\/wp-content\/uploads\/2025\/09\/WhatsApp-Image-2025-09-27-at-8.39.22-AM-300x200.jpeg 300w, https:\/\/alminutonoticia.com\/noticias\/wp-content\/uploads\/2025\/09\/WhatsApp-Image-2025-09-27-at-8.39.22-AM-768x513.jpeg 768w, https:\/\/alminutonoticia.com\/noticias\/wp-content\/uploads\/2025\/09\/WhatsApp-Image-2025-09-27-at-8.39.22-AM-1536x1025.jpeg 1536w, https:\/\/alminutonoticia.com\/noticias\/wp-content\/uploads\/2025\/09\/WhatsApp-Image-2025-09-27-at-8.39.22-AM.jpeg 1600w\" sizes=\"(max-width: 1024px) 100vw, 1024px\" \/><\/a><\/figure>\n\n\n\n<p>Durante la premiaci\u00f3n, el ministro Vallarino resalt\u00f3 el papel fundamental de los ni\u00f1os y j\u00f3venes en la conservaci\u00f3n de los oc\u00e9anos. \u201cUstedes son el futuro de nuestros oc\u00e9anos. Algunos de ustedes ser\u00e1n cient\u00edficos marinos, veterinarios de animales marinos, capitanes de barcos o maestros que ense\u00f1en a las nuevas generaciones. Lo m\u00e1s importante es que, sin importar el camino que elijan, todos ser\u00e1n defensores y protectores del mar\u201d, afirm\u00f3.<\/p>\n\n\n\n<p>En tanto, Jos\u00e9 Agust\u00edn de Obald\u00eda, representante del Comit\u00e9 del Mes de los Oc\u00e9anos, expres\u00f3 que este tipo de iniciativas son fundamentales para crear un movimiento m\u00e1s grande en torno a la conservaci\u00f3n de nuestros mares. \u201cCada dibujo, cada fotograf\u00eda y cada escrito presentado hoy son semillas que contribuir\u00e1n a la creaci\u00f3n de un futuro m\u00e1s sostenible para nuestros oc\u00e9anos. Agradecemos profundamente el compromiso de todos los participantes y las organizaciones que han hecho posible este evento\u201d.<\/p>\n\n\n\n<p>Vallarino tambi\u00e9n felicit\u00f3 a PROMAR, al Banco Nacional de Panam\u00e1 y a todas las organizaciones aliadas por su visi\u00f3n estrat\u00e9gica al invertir en la concienciaci\u00f3n como herramienta de conservaci\u00f3n. Su comprensi\u00f3n de que la protecci\u00f3n de los oc\u00e9anos requiere no solo regulaciones y tecnolog\u00eda, sino tambi\u00e9n corazones y mentes comprometidas, como los de estos artistas presentes, los convierte en verdaderos pioneros de la conservaci\u00f3n marina del siglo XXI.<\/p>\n\n\n\n<div class=\"wp-block-columns is-layout-flex wp-container-core-columns-is-layout-28f84493 wp-block-columns-is-layout-flex\">\n<div class=\"wp-block-column is-layout-flow wp-block-column-is-layout-flow\">\n<figure class=\"wp-block-image size-large\"><a href=\"https:\/\/alminutonoticia.com\/noticias\/wp-content\/uploads\/2025\/09\/WhatsApp-Image-2025-09-27-at-8.39.23-AM-1.jpeg\"><img decoding=\"async\" width=\"1024\" height=\"684\" src=\"https:\/\/alminutonoticia.com\/noticias\/wp-content\/uploads\/2025\/09\/WhatsApp-Image-2025-09-27-at-8.39.23-AM-1-1024x684.jpeg\" alt=\"\" class=\"wp-image-17555\" title=\"\" srcset=\"https:\/\/alminutonoticia.com\/noticias\/wp-content\/uploads\/2025\/09\/WhatsApp-Image-2025-09-27-at-8.39.23-AM-1-1024x684.jpeg 1024w, https:\/\/alminutonoticia.com\/noticias\/wp-content\/uploads\/2025\/09\/WhatsApp-Image-2025-09-27-at-8.39.23-AM-1-300x200.jpeg 300w, https:\/\/alminutonoticia.com\/noticias\/wp-content\/uploads\/2025\/09\/WhatsApp-Image-2025-09-27-at-8.39.23-AM-1-768x513.jpeg 768w, https:\/\/alminutonoticia.com\/noticias\/wp-content\/uploads\/2025\/09\/WhatsApp-Image-2025-09-27-at-8.39.23-AM-1-1536x1025.jpeg 1536w, https:\/\/alminutonoticia.com\/noticias\/wp-content\/uploads\/2025\/09\/WhatsApp-Image-2025-09-27-at-8.39.23-AM-1.jpeg 1600w\" sizes=\"(max-width: 1024px) 100vw, 1024px\" \/><\/a><\/figure>\n<\/div>\n\n\n\n<div class=\"wp-block-column is-layout-flow wp-block-column-is-layout-flow\">\n<figure class=\"wp-block-image size-large\"><a href=\"https:\/\/alminutonoticia.com\/noticias\/wp-content\/uploads\/2025\/09\/WhatsApp-Image-2025-09-27-at-8.39.23-AM.jpeg\"><img decoding=\"async\" width=\"1024\" height=\"684\" src=\"https:\/\/alminutonoticia.com\/noticias\/wp-content\/uploads\/2025\/09\/WhatsApp-Image-2025-09-27-at-8.39.23-AM-1024x684.jpeg\" alt=\"\" class=\"wp-image-17556\" title=\"\" srcset=\"https:\/\/alminutonoticia.com\/noticias\/wp-content\/uploads\/2025\/09\/WhatsApp-Image-2025-09-27-at-8.39.23-AM-1024x684.jpeg 1024w, https:\/\/alminutonoticia.com\/noticias\/wp-content\/uploads\/2025\/09\/WhatsApp-Image-2025-09-27-at-8.39.23-AM-300x200.jpeg 300w, https:\/\/alminutonoticia.com\/noticias\/wp-content\/uploads\/2025\/09\/WhatsApp-Image-2025-09-27-at-8.39.23-AM-768x513.jpeg 768w, https:\/\/alminutonoticia.com\/noticias\/wp-content\/uploads\/2025\/09\/WhatsApp-Image-2025-09-27-at-8.39.23-AM-1536x1025.jpeg 1536w, https:\/\/alminutonoticia.com\/noticias\/wp-content\/uploads\/2025\/09\/WhatsApp-Image-2025-09-27-at-8.39.23-AM.jpeg 1600w\" sizes=\"(max-width: 1024px) 100vw, 1024px\" \/><\/a><\/figure>\n<\/div>\n<\/div>\n\n\n\n<p>Las categor\u00edas del concurso incluyeron dibujo infantil, fotograf\u00eda y prensa escrita, donde resultaron como ganadores los siguientes participantes: en Dibujo Infantil -Categor\u00eda A, L\u00eda Gonzales obtuvo el primer lugar, Sof\u00eda Valderrama el segundo, Micaela Cerrud el tercero y se otorg\u00f3 una menci\u00f3n honor\u00edfica a Isabellus S\u00e1nchez.<\/p>\n\n\n\n<p>En Dibujo Infantil -Categor\u00eda B, el primer lugar fue para Stefhany Gil, el segundo para Nadaly L\u00f3pez, el tercero para Jahciel Guet y el Premio Especial PROMAR para Mabel Mariscal.<\/p>\n\n\n\n<figure class=\"wp-block-image size-large\"><a href=\"https:\/\/alminutonoticia.com\/noticias\/wp-content\/uploads\/2025\/09\/WhatsApp-Image-2025-09-27-at-8.39.22-AM-1.jpeg\"><img loading=\"lazy\" decoding=\"async\" width=\"1024\" height=\"684\" src=\"https:\/\/alminutonoticia.com\/noticias\/wp-content\/uploads\/2025\/09\/WhatsApp-Image-2025-09-27-at-8.39.22-AM-1-1024x684.jpeg\" alt=\"\" class=\"wp-image-17557\" title=\"\" srcset=\"https:\/\/alminutonoticia.com\/noticias\/wp-content\/uploads\/2025\/09\/WhatsApp-Image-2025-09-27-at-8.39.22-AM-1-1024x684.jpeg 1024w, https:\/\/alminutonoticia.com\/noticias\/wp-content\/uploads\/2025\/09\/WhatsApp-Image-2025-09-27-at-8.39.22-AM-1-300x200.jpeg 300w, https:\/\/alminutonoticia.com\/noticias\/wp-content\/uploads\/2025\/09\/WhatsApp-Image-2025-09-27-at-8.39.22-AM-1-768x513.jpeg 768w, https:\/\/alminutonoticia.com\/noticias\/wp-content\/uploads\/2025\/09\/WhatsApp-Image-2025-09-27-at-8.39.22-AM-1-1536x1025.jpeg 1536w, https:\/\/alminutonoticia.com\/noticias\/wp-content\/uploads\/2025\/09\/WhatsApp-Image-2025-09-27-at-8.39.22-AM-1.jpeg 1600w\" sizes=\"(max-width: 1024px) 100vw, 1024px\" \/><\/a><\/figure>\n\n\n\n<p>En la categor\u00eda de Fotograf\u00eda, el primer lugar lo obtuvo Johell Flores, el segundo Natalia Rovira y el tercero Milagros Gonzales. Finalmente, en Prensa Escrita, el primer lugar fue para la periodista Aleida Samaniego y el segundo para Tamara Del Moral.<\/p>\n","protected":false},"excerpt":{"rendered":"<p>El Comit\u00e9 del Mes de los Oc\u00e9anos, el Banco Nacional de Panam\u00e1 y sus organizaciones aliadas celebraron la premiaci\u00f3n del concurso de dibujo, fotograf\u00eda y prensa escrita \u00abCreando olas de conciencia por los oc\u00e9anos\u00bb. Este evento, m\u00e1s all\u00e1 de ser una competencia art\u00edstica, se consolid\u00f3 como un reflejo del despertar de la conciencia colectiva sobre [&hellip;]<\/p>\n","protected":false},"author":3,"featured_media":17554,"comment_status":"open","ping_status":"open","sticky":false,"template":"","format":"standard","meta":{"footnotes":""},"categories":[36,42],"tags":[],"class_list":["post-17553","post","type-post","status-publish","format-standard","has-post-thumbnail","hentry","category-nacionales","category-ambiente"],"_links":{"self":[{"href":"https:\/\/alminutonoticia.com\/noticias\/wp-json\/wp\/v2\/posts\/17553","targetHints":{"allow":["GET"]}}],"collection":[{"href":"https:\/\/alminutonoticia.com\/noticias\/wp-json\/wp\/v2\/posts"}],"about":[{"href":"https:\/\/alminutonoticia.com\/noticias\/wp-json\/wp\/v2\/types\/post"}],"author":[{"embeddable":true,"href":"https:\/\/alminutonoticia.com\/noticias\/wp-json\/wp\/v2\/users\/3"}],"replies":[{"embeddable":true,"href":"https:\/\/alminutonoticia.com\/noticias\/wp-json\/wp\/v2\/comments?post=17553"}],"version-history":[{"count":1,"href":"https:\/\/alminutonoticia.com\/noticias\/wp-json\/wp\/v2\/posts\/17553\/revisions"}],"predecessor-version":[{"id":17558,"href":"https:\/\/alminutonoticia.com\/noticias\/wp-json\/wp\/v2\/posts\/17553\/revisions\/17558"}],"wp:featuredmedia":[{"embeddable":true,"href":"https:\/\/alminutonoticia.com\/noticias\/wp-json\/wp\/v2\/media\/17554"}],"wp:attachment":[{"href":"https:\/\/alminutonoticia.com\/noticias\/wp-json\/wp\/v2\/media?parent=17553"}],"wp:term":[{"taxonomy":"category","embeddable":true,"href":"https:\/\/alminutonoticia.com\/noticias\/wp-json\/wp\/v2\/categories?post=17553"},{"taxonomy":"post_tag","embeddable":true,"href":"https:\/\/alminutonoticia.com\/noticias\/wp-json\/wp\/v2\/tags?post=17553"}],"curies":[{"name":"wp","href":"https:\/\/api.w.org\/{rel}","templated":true}]}}