{"id":1750,"date":"2023-03-13T12:53:51","date_gmt":"2023-03-13T12:53:51","guid":{"rendered":"https:\/\/alminutonoticia.com\/noticias\/?p=1750"},"modified":"2023-03-13T12:53:51","modified_gmt":"2023-03-13T12:53:51","slug":"carrizo-sigue-dialogando-con-dirigentes-y-bases-del-prd","status":"publish","type":"post","link":"https:\/\/alminutonoticia.com\/noticias\/carrizo-sigue-dialogando-con-dirigentes-y-bases-del-prd\/","title":{"rendered":"Carrizo sigue dialogando con dirigentes y bases del PRD"},"content":{"rendered":"\n<p>Jos\u00e9 Gabriel Carrizo, vicepresidente de la Rep\u00fablica y aspirante a la silla presidencial sigue dialogando con dirigentes y bases del Partido Revolucionario Democr\u00e1tico (PRD) en diferentes sectores del pa\u00eds previo las primarias de este colectivo de gobierno que se desarrollar\u00e1n el pr\u00f3ximo 11 de junio.<\/p>\n\n\n\n<p>\u00abGaby Carrizo a participado de una series de reuniones en donde la membresia del colectivo le ha prometido brindarle su apoyo y respaldo, luego de dialogar sobre la situaci\u00f3n actual del pa\u00eds y del colectivo al cual pertenece.<\/p>\n\n\n\n<p>Cabe destacar que el pasado 27 de febrero, Gaby Carrizo present\u00f3 su postulaci\u00f3n como precandidato a la Presidencia de la Rep\u00fablica por el partido PRD de forma oficial para conocimiento de la membresia del colectivo oficialista.<\/p>\n\n\n\n<figure class=\"wp-block-image size-full\"><a href=\"https:\/\/alminutonoticia.com\/noticias\/wp-content\/uploads\/2023\/03\/WhatsApp-Image-2023-03-12-at-1.39.22-PM-1-1024x682-1.jpeg\"><img fetchpriority=\"high\" decoding=\"async\" width=\"1024\" height=\"682\" src=\"https:\/\/alminutonoticia.com\/noticias\/wp-content\/uploads\/2023\/03\/WhatsApp-Image-2023-03-12-at-1.39.22-PM-1-1024x682-1.jpeg\" alt=\"\" class=\"wp-image-1751\" title=\"\" srcset=\"https:\/\/alminutonoticia.com\/noticias\/wp-content\/uploads\/2023\/03\/WhatsApp-Image-2023-03-12-at-1.39.22-PM-1-1024x682-1.jpeg 1024w, https:\/\/alminutonoticia.com\/noticias\/wp-content\/uploads\/2023\/03\/WhatsApp-Image-2023-03-12-at-1.39.22-PM-1-1024x682-1-300x200.jpeg 300w, https:\/\/alminutonoticia.com\/noticias\/wp-content\/uploads\/2023\/03\/WhatsApp-Image-2023-03-12-at-1.39.22-PM-1-1024x682-1-768x512.jpeg 768w\" sizes=\"(max-width: 1024px) 100vw, 1024px\" \/><\/a><\/figure>\n","protected":false},"excerpt":{"rendered":"<p>Jos\u00e9 Gabriel Carrizo, vicepresidente de la Rep\u00fablica y aspirante a la silla presidencial sigue dialogando con dirigentes y bases del Partido Revolucionario Democr\u00e1tico (PRD) en diferentes sectores del pa\u00eds previo las primarias de este colectivo de gobierno que se desarrollar\u00e1n el pr\u00f3ximo 11 de junio. \u00abGaby Carrizo a participado de una series de reuniones en [&hellip;]<\/p>\n","protected":false},"author":3,"featured_media":1751,"comment_status":"open","ping_status":"open","sticky":false,"template":"","format":"standard","meta":{"footnotes":""},"categories":[36,37],"tags":[],"class_list":["post-1750","post","type-post","status-publish","format-standard","has-post-thumbnail","hentry","category-nacionales","category-politica"],"_links":{"self":[{"href":"https:\/\/alminutonoticia.com\/noticias\/wp-json\/wp\/v2\/posts\/1750","targetHints":{"allow":["GET"]}}],"collection":[{"href":"https:\/\/alminutonoticia.com\/noticias\/wp-json\/wp\/v2\/posts"}],"about":[{"href":"https:\/\/alminutonoticia.com\/noticias\/wp-json\/wp\/v2\/types\/post"}],"author":[{"embeddable":true,"href":"https:\/\/alminutonoticia.com\/noticias\/wp-json\/wp\/v2\/users\/3"}],"replies":[{"embeddable":true,"href":"https:\/\/alminutonoticia.com\/noticias\/wp-json\/wp\/v2\/comments?post=1750"}],"version-history":[{"count":1,"href":"https:\/\/alminutonoticia.com\/noticias\/wp-json\/wp\/v2\/posts\/1750\/revisions"}],"predecessor-version":[{"id":1752,"href":"https:\/\/alminutonoticia.com\/noticias\/wp-json\/wp\/v2\/posts\/1750\/revisions\/1752"}],"wp:featuredmedia":[{"embeddable":true,"href":"https:\/\/alminutonoticia.com\/noticias\/wp-json\/wp\/v2\/media\/1751"}],"wp:attachment":[{"href":"https:\/\/alminutonoticia.com\/noticias\/wp-json\/wp\/v2\/media?parent=1750"}],"wp:term":[{"taxonomy":"category","embeddable":true,"href":"https:\/\/alminutonoticia.com\/noticias\/wp-json\/wp\/v2\/categories?post=1750"},{"taxonomy":"post_tag","embeddable":true,"href":"https:\/\/alminutonoticia.com\/noticias\/wp-json\/wp\/v2\/tags?post=1750"}],"curies":[{"name":"wp","href":"https:\/\/api.w.org\/{rel}","templated":true}]}}