{"id":1719,"date":"2023-03-13T12:31:54","date_gmt":"2023-03-13T12:31:54","guid":{"rendered":"https:\/\/alminutonoticia.com\/noticias\/?p=1719"},"modified":"2023-03-13T12:31:55","modified_gmt":"2023-03-13T12:31:55","slug":"partido-popular-se-alinea-con-martin-torrijos","status":"publish","type":"post","link":"https:\/\/alminutonoticia.com\/noticias\/partido-popular-se-alinea-con-martin-torrijos\/","title":{"rendered":"Partido Popular se alinea con Mart\u00edn Torrijos"},"content":{"rendered":"\n<p>El Partido Popular la tarde de este domingo expres\u00f3 su inter\u00e9s en la candidatura presidencial del expresidente Mart\u00edn Torrijos, en un comunicado a trav\u00e9s de sus redes sociales, firmado por el presidente y el secretario de este colectivo pol\u00edtico.<\/p>\n\n\n\n<p>\u201cNuestro pa\u00eds est\u00e1 atravesando por una profunda crisis social, econ\u00f3mica y sobre todo institucional. La soluci\u00f3n de los problemas de todos conocidos solo es posible si como paname\u00f1os deponemos intereses y nos unimos en b\u00fasqueda de las grandes soluciones que necesitamos, es por eso, que hemos escuchado con suma atenci\u00f3n el pronunciamiento del expresidente Martin Torrijos, quien con honestidad describe no solo los problemas, sino que impl\u00edcitamente establece un compromiso de acciones para superar los mismos\u201d, dice el comunicado en uno de sus p\u00e1rrafos.<\/p>\n\n\n\n<p>El comunicado que lleva la firma de de su presidente Daniel Brea Clave y del secretario general, Virilo Salas Lemos, destac\u00e1 que, como colectivo pol\u00edtico tenemos el deber de prestarle la debida atenci\u00f3n al an\u00e1lisis, pol\u00edtico, social e institucional realizado por un paname\u00f1o con la experiencia, trayectoria y vigencia de Mart\u00edn Torrijos. Por esta raz\u00f3n, nuestro partido est\u00e1 valorando sus palabras, analizando las profundas preocupaciones que compartimos y examinando con mucha responsabilidad los pr\u00f3ximos pasos que vamos a dar.<\/p>\n\n\n\n<p>\u201cVemos con buenos ojos la candidatura a la Presidencia de la Rep\u00fablica por parte de Mart\u00edn Torrijos, que plantea el rescate del pa\u00eds del deterioro moral, econ\u00f3mico y pol\u00edtico que afecta directamente la calidad de vida de los paname\u00f1os debido al flagelo de la corrupci\u00f3n\u201d, resalt\u00f3 el comunicado.<\/p>\n\n\n\n<p>Por estas razones, hemos tomado la decisi\u00f3n de iniciar un acercamiento institucional con el ex presidente Torrijos, para explorar todas las opciones. En tal sentido hemos programado una reuni\u00f3n formal a fin de seguir identificando el marco de coincidencias que tenemos sobre la mejor forma de resolver la actual crisis nacional, concluy\u00f2 el comunicado.<\/p>\n\n\n\n<p>Este anuncio se da luego que el ex mandatario hiciera p\u00fablica sus aspiraciones al cargo presidencial para las elecciones 2024.<\/p>\n\n\n\n<figure class=\"wp-block-image size-full\"><a href=\"https:\/\/alminutonoticia.com\/noticias\/wp-content\/uploads\/2023\/03\/Martin_torrijos.jpg\"><img fetchpriority=\"high\" decoding=\"async\" width=\"240\" height=\"300\" src=\"https:\/\/alminutonoticia.com\/noticias\/wp-content\/uploads\/2023\/03\/Martin_torrijos.jpg\" alt=\"\" class=\"wp-image-1720\" title=\"\"><\/a><\/figure>\n\n\n\n<figure class=\"wp-block-image size-full\"><a href=\"https:\/\/alminutonoticia.com\/noticias\/wp-content\/uploads\/2023\/03\/WhatsApp-Image-2023-03-12-at-2.53.21-PM.jpeg\"><img decoding=\"async\" width=\"1024\" height=\"750\" src=\"https:\/\/alminutonoticia.com\/noticias\/wp-content\/uploads\/2023\/03\/WhatsApp-Image-2023-03-12-at-2.53.21-PM.jpeg\" alt=\"\" class=\"wp-image-1721\" title=\"\" srcset=\"https:\/\/alminutonoticia.com\/noticias\/wp-content\/uploads\/2023\/03\/WhatsApp-Image-2023-03-12-at-2.53.21-PM.jpeg 1024w, https:\/\/alminutonoticia.com\/noticias\/wp-content\/uploads\/2023\/03\/WhatsApp-Image-2023-03-12-at-2.53.21-PM-300x220.jpeg 300w, https:\/\/alminutonoticia.com\/noticias\/wp-content\/uploads\/2023\/03\/WhatsApp-Image-2023-03-12-at-2.53.21-PM-768x563.jpeg 768w\" sizes=\"(max-width: 1024px) 100vw, 1024px\" \/><\/a><\/figure>\n","protected":false},"excerpt":{"rendered":"<p>El Partido Popular la tarde de este domingo expres\u00f3 su inter\u00e9s en la candidatura presidencial del expresidente Mart\u00edn Torrijos, en un comunicado a trav\u00e9s de sus redes sociales, firmado por el presidente y el secretario de este colectivo pol\u00edtico. \u201cNuestro pa\u00eds est\u00e1 atravesando por una profunda crisis social, econ\u00f3mica y sobre todo institucional. La soluci\u00f3n [&hellip;]<\/p>\n","protected":false},"author":3,"featured_media":1720,"comment_status":"open","ping_status":"open","sticky":false,"template":"","format":"standard","meta":{"footnotes":""},"categories":[36,37],"tags":[],"class_list":["post-1719","post","type-post","status-publish","format-standard","has-post-thumbnail","hentry","category-nacionales","category-politica"],"_links":{"self":[{"href":"https:\/\/alminutonoticia.com\/noticias\/wp-json\/wp\/v2\/posts\/1719","targetHints":{"allow":["GET"]}}],"collection":[{"href":"https:\/\/alminutonoticia.com\/noticias\/wp-json\/wp\/v2\/posts"}],"about":[{"href":"https:\/\/alminutonoticia.com\/noticias\/wp-json\/wp\/v2\/types\/post"}],"author":[{"embeddable":true,"href":"https:\/\/alminutonoticia.com\/noticias\/wp-json\/wp\/v2\/users\/3"}],"replies":[{"embeddable":true,"href":"https:\/\/alminutonoticia.com\/noticias\/wp-json\/wp\/v2\/comments?post=1719"}],"version-history":[{"count":1,"href":"https:\/\/alminutonoticia.com\/noticias\/wp-json\/wp\/v2\/posts\/1719\/revisions"}],"predecessor-version":[{"id":1722,"href":"https:\/\/alminutonoticia.com\/noticias\/wp-json\/wp\/v2\/posts\/1719\/revisions\/1722"}],"wp:featuredmedia":[{"embeddable":true,"href":"https:\/\/alminutonoticia.com\/noticias\/wp-json\/wp\/v2\/media\/1720"}],"wp:attachment":[{"href":"https:\/\/alminutonoticia.com\/noticias\/wp-json\/wp\/v2\/media?parent=1719"}],"wp:term":[{"taxonomy":"category","embeddable":true,"href":"https:\/\/alminutonoticia.com\/noticias\/wp-json\/wp\/v2\/categories?post=1719"},{"taxonomy":"post_tag","embeddable":true,"href":"https:\/\/alminutonoticia.com\/noticias\/wp-json\/wp\/v2\/tags?post=1719"}],"curies":[{"name":"wp","href":"https:\/\/api.w.org\/{rel}","templated":true}]}}